{"id":9415,"date":"2026-06-11T17:42:46","date_gmt":"2026-06-11T20:42:46","guid":{"rendered":"https:\/\/radiosantaclara.sitetopfm.com.br\/site\/indigenas-defendem-aprovacao-do-plano-nacional-que-valoriza-suas-culturas-noticias\/"},"modified":"2026-06-11T17:42:46","modified_gmt":"2026-06-11T20:42:46","slug":"indigenas-defendem-aprovacao-do-plano-nacional-que-valoriza-suas-culturas-noticias","status":"publish","type":"post","link":"https:\/\/radiosantaclara.sitetopfm.com.br\/site\/indigenas-defendem-aprovacao-do-plano-nacional-que-valoriza-suas-culturas-noticias\/","title":{"rendered":"Ind\u00edgenas defendem aprova\u00e7\u00e3o do plano nacional que valoriza suas culturas &#8211; Not\u00edcias"},"content":{"rendered":"<p> <br \/>\n<\/p>\n<div>\n<p class=\"g-artigo__data-hora\">\n\t\t\t\t\t\t\t\t\t\t\t11\/06\/2026 &#8211; 17:29 \u00a0\n\t\t\t\t\t\t\t\t\t\t<\/p>\n<div id=\"image-container-1281236\" class=\"image-container\" style=\"float: none; margin: 45px 0px; width: 100%;\" data-midia=\"1281236\">\n<p><em>Bruno Spada\/C\u00e2mara dos Deputados<\/em><\/p>\n<p>Giovana Mandul\u00e3o: processo de repara\u00e7\u00e3o hist\u00f3rica<\/p>\n<\/p><\/div>\n<p>Representantes de povos ind\u00edgenas defenderam, em audi\u00eancia p\u00fablica na C\u00e2mara dos Deputados, a aprova\u00e7\u00e3o do Projeto de Lei 6620\/25, que institui o Plano Nacional de Valoriza\u00e7\u00e3o das Culturas Ind\u00edgenas. Assim como os demais participantes, a representante do Minist\u00e9rio dos Povos Ind\u00edgenas, Giovana Mandul\u00e3o, ressaltou que o reconhecimento das formas de vida dos diferentes povos representa um processo de repara\u00e7\u00e3o hist\u00f3rica pela viol\u00eancia do processo colonial brasileiro.<\/p>\n<p>\u201cPor s\u00e9culos, as pol\u00edticas do Estado brasileiro operaram uma l\u00f3gica do apagamento cultural, da assimila\u00e7\u00e3o for\u00e7ada, do silenciamento das nossas l\u00ednguas e da criminaliza\u00e7\u00e3o das nossas espiritualidades&#8221;, ressaltou Giovana. &#8220;E quando n\u00f3s, povos ind\u00edgenas, falamos de cultura, n\u00e3o estamos falando apenas de folclore. As culturas ind\u00edgenas s\u00e3o um sistema de vida de cada povo. A nossa cultura \u00e9 o nosso territ\u00f3rio, \u00e9 a nossa mem\u00f3ria, \u00e9 a nossa espiritualidade, \u00e9 a forma como educamos nossas crian\u00e7as, como curamos nossos doentes, como produzimos nossos alimentos e como mantemos a floresta em p\u00e9\u201d, explicou.<\/p>\n<p>A deputada Jandira Feghali (PCdoB-RJ), que pediu a realiza\u00e7\u00e3o do debate, lembrou que a proposta foi apresentada pelos povos ind\u00edgenas durante a confer\u00eancia do clima em Bel\u00e9m no ano passado. Na C\u00e2mara, o projeto foi assinado pelas deputadas Juliana Cardoso (PT-SP), C\u00e9lia Xakriab\u00e1 (Psol-MG) e Benedita da Silva (PT-RJ). A relatora na comiss\u00e3o \u00e9 a deputada S\u00e2mia Bomfim (Psol-SP), que apresentou um texto <span id=\"4098\" class=\"termoGlossario\" title=\"Nome que se d\u00e1 ao texto que altera substancialmente o conte\u00fado original da proposta. O substitutivo \u00e9 apresentado pelo relator e tem prefer\u00eancia na vota\u00e7\u00e3o sobre o projeto original.\" contenteditable=\"false\" data-toggle=\"tooltip\" data-placement=\"top\">substitutivo<\/span>.<\/p>\n<p>O eixo principal da proposta consiste em assegurar o protagonismo ind\u00edgena em todas as etapas das pol\u00edticas culturais voltadas \u00e0s suas comunidades. O texto estabelece tamb\u00e9m que o poder p\u00fablico deve adotar medidas para ampliar o acesso de ind\u00edgenas aos mecanismos de fomento \u00e0 cultura previstos em lei.<\/p>\n<p>No entanto, a deputada Jandira Feghali pediu aos representantes de povos ind\u00edgenas que estudem o texto e sugiram as modifica\u00e7\u00f5es que considerarem necess\u00e1rias.<\/p>\n<p>\u201cVoc\u00eas precisam analisar esse substitutivo para opinar sobre ele antes que a gente evolua com ele. N\u00e3o vamos votar um texto sem que voc\u00eas opinem.\u00a0 A relatora n\u00e3o est\u00e1 aqui, mas eu acho que voc\u00eas deveriam puxar uma reuni\u00e3o com ela para darem as opini\u00f5es de voc\u00eas sobre o texto e modificar o texto, agregar quest\u00f5es, alterar. Todo relator precisa ouvir para poder construir o texto mais justo e que melhor represente o que voc\u00eas querem\u201d, apontou.<\/p>\n<div id=\"image-container-1281237\" class=\"image-container\" style=\"float: none; margin: 45px 0px; width: 100%;\" data-midia=\"1281237\">\n<p><em>Bruno Spada\/C\u00e2mara dos Deputados<\/em><\/p>\n<p>Jandira Feghali pediu a realiza\u00e7\u00e3o do debate na comiss\u00e3o<\/p>\n<\/p><\/div>\n<p><strong>Documenta\u00e7\u00e3o<\/strong><br \/>O projeto tamb\u00e9m determina que os governos devem apoiar iniciativas voltada \u00e0 documenta\u00e7\u00e3o, preserva\u00e7\u00e3o e revitaliza\u00e7\u00e3o de l\u00ednguas ind\u00edgenas. A artista e ativista ind\u00edgena Daiara Tukano lembrou que, durante o s\u00e9culo XX, o Estado brasileiro proibiu os povos de utilizarem suas l\u00ednguas.<\/p>\n<p>\u201cAs pol\u00edticas integracionistas, ao longo de todo o s\u00e9culo 20, proibiram as nossas l\u00ednguas, torturando nossos pais, nossos av\u00f3s ainda crian\u00e7as dentro de internatos, essa \u00e9 a hist\u00f3ria da minha fam\u00edlia, meu bisav\u00f4 jogou todos os seus instrumentos de cerim\u00f4nia no rio pra que aquilo n\u00e3o fosse levado pelos padres. E hoje, nossos av\u00f4s, nossos paj\u00e9s, est\u00e3o morrendo, nossas l\u00ednguas est\u00e3o morrendo, e n\u00f3s precisamos nos articular para que o Estado tamb\u00e9m possa ser respons\u00e1vel pela renova\u00e7\u00e3o, pela resist\u00eancia, pelo reflorescimento dos nossos povos\u201d, pediu.<\/p>\n<p>De acordo com a representante do Museu Nacional dos Povos Ind\u00edgenas, Juliana Tupinamb\u00e1, no Brasil vivem 391 povos, que falam 295 l\u00ednguas. Para ela, preservar as culturas dos ind\u00edgenas \u00e9 preservar a diversidade cultural do pa\u00eds.<\/p>\n<p style=\"font-size: 0.8rem; font-weight: 700;\">Reportagem \u2013 Maria Neves<br \/>Edi\u00e7\u00e3o \u2013 Ana Chalub<\/p>\n<\/p><\/div>\n<p><br \/>\n<br \/><a href=\"https:\/\/www.camara.leg.br\/noticias\/1281198-indigenas-defendem-aprovacao-do-plano-nacional-que-valoriza-suas-culturas\/\">postagem original <\/a><\/p>\n","protected":false},"excerpt":{"rendered":"<p>11\/06\/2026 &#8211; 17:29 \u00a0 Bruno Spada\/C\u00e2mara dos Deputados Giovana Mandul\u00e3o: processo de repara\u00e7\u00e3o hist\u00f3rica Representantes de povos ind\u00edgenas defenderam, em [&hellip;]<\/p>\n","protected":false},"author":1,"featured_media":9416,"comment_status":"open","ping_status":"open","sticky":false,"template":"","format":"standard","meta":{"site-sidebar-layout":"default","site-content-layout":"","ast-site-content-layout":"default","site-content-style":"default","site-sidebar-style":"default","ast-global-header-display":"","ast-banner-title-visibility":"","ast-main-header-display":"","ast-hfb-above-header-display":"","ast-hfb-below-header-display":"","ast-hfb-mobile-header-display":"","site-post-title":"","ast-breadcrumbs-content":"","ast-featured-img":"","footer-sml-layout":"","theme-transparent-header-meta":"","adv-header-id-meta":"","stick-header-meta":"","header-above-stick-meta":"","header-main-stick-meta":"","header-below-stick-meta":"","astra-migrate-meta-layouts":"default","ast-page-background-enabled":"default","ast-page-background-meta":{"desktop":{"background-color":"var(--ast-global-color-5)","background-image":"","background-repeat":"repeat","background-position":"center center","background-size":"auto","background-attachment":"scroll","background-type":"","background-media":"","overlay-type":"","overlay-color":"","overlay-opacity":"","overlay-gradient":""},"tablet":{"background-color":"","background-image":"","background-repeat":"repeat","background-position":"center center","background-size":"auto","background-attachment":"scroll","background-type":"","background-media":"","overlay-type":"","overlay-color":"","overlay-opacity":"","overlay-gradient":""},"mobile":{"background-color":"","background-image":"","background-repeat":"repeat","background-position":"center center","background-size":"auto","background-attachment":"scroll","background-type":"","background-media":"","overlay-type":"","overlay-color":"","overlay-opacity":"","overlay-gradient":""}},"ast-content-background-meta":{"desktop":{"background-color":"var(--ast-global-color-4)","background-image":"","background-repeat":"repeat","background-position":"center center","background-size":"auto","background-attachment":"scroll","background-type":"","background-media":"","overlay-type":"","overlay-color":"","overlay-opacity":"","overlay-gradient":""},"tablet":{"background-color":"var(--ast-global-color-4)","background-image":"","background-repeat":"repeat","background-position":"center center","background-size":"auto","background-attachment":"scroll","background-type":"","background-media":"","overlay-type":"","overlay-color":"","overlay-opacity":"","overlay-gradient":""},"mobile":{"background-color":"var(--ast-global-color-4)","background-image":"","background-repeat":"repeat","background-position":"center center","background-size":"auto","background-attachment":"scroll","background-type":"","background-media":"","overlay-type":"","overlay-color":"","overlay-opacity":"","overlay-gradient":""}},"_joinchat":[],"footnotes":""},"categories":[36],"tags":[],"_links":{"self":[{"href":"https:\/\/radiosantaclara.sitetopfm.com.br\/site\/wp-json\/wp\/v2\/posts\/9415"}],"collection":[{"href":"https:\/\/radiosantaclara.sitetopfm.com.br\/site\/wp-json\/wp\/v2\/posts"}],"about":[{"href":"https:\/\/radiosantaclara.sitetopfm.com.br\/site\/wp-json\/wp\/v2\/types\/post"}],"author":[{"embeddable":true,"href":"https:\/\/radiosantaclara.sitetopfm.com.br\/site\/wp-json\/wp\/v2\/users\/1"}],"replies":[{"embeddable":true,"href":"https:\/\/radiosantaclara.sitetopfm.com.br\/site\/wp-json\/wp\/v2\/comments?post=9415"}],"version-history":[{"count":0,"href":"https:\/\/radiosantaclara.sitetopfm.com.br\/site\/wp-json\/wp\/v2\/posts\/9415\/revisions"}],"wp:featuredmedia":[{"embeddable":true,"href":"https:\/\/radiosantaclara.sitetopfm.com.br\/site\/wp-json\/wp\/v2\/media\/9416"}],"wp:attachment":[{"href":"https:\/\/radiosantaclara.sitetopfm.com.br\/site\/wp-json\/wp\/v2\/media?parent=9415"}],"wp:term":[{"taxonomy":"category","embeddable":true,"href":"https:\/\/radiosantaclara.sitetopfm.com.br\/site\/wp-json\/wp\/v2\/categories?post=9415"},{"taxonomy":"post_tag","embeddable":true,"href":"https:\/\/radiosantaclara.sitetopfm.com.br\/site\/wp-json\/wp\/v2\/tags?post=9415"}],"curies":[{"name":"wp","href":"https:\/\/api.w.org\/{rel}","templated":true}]}}