{"id":8470,"date":"2026-05-07T16:16:21","date_gmt":"2026-05-07T19:16:21","guid":{"rendered":"https:\/\/radiosantaclara.sitetopfm.com.br\/site\/comissao-aprova-criacao-de-pesquisa-nacional-de-bem-estar-e-felicidade-noticias\/"},"modified":"2026-05-07T16:16:21","modified_gmt":"2026-05-07T19:16:21","slug":"comissao-aprova-criacao-de-pesquisa-nacional-de-bem-estar-e-felicidade-noticias","status":"publish","type":"post","link":"https:\/\/radiosantaclara.sitetopfm.com.br\/site\/comissao-aprova-criacao-de-pesquisa-nacional-de-bem-estar-e-felicidade-noticias\/","title":{"rendered":"Comiss\u00e3o aprova cria\u00e7\u00e3o de pesquisa nacional de bem-estar e felicidade &#8211; Not\u00edcias"},"content":{"rendered":"<p> <br \/>\n<\/p>\n<div>\n<p class=\"g-artigo__data-hora\">\n\t\t\t\t\t\t\t\t\t\t\t07\/05\/2026 &#8211; 15:59 \u00a0\n\t\t\t\t\t\t\t\t\t\t<\/p>\n<div id=\"image-container-1270158\" class=\"image-container\" style=\"float: none; margin: 45px 0px; width: 100%;\" data-midia=\"1270158\">\n<p><em>Vinicius Loures \/ C\u00e2mara dos Deputados<\/em><\/p>\n<p>Veras: proposta coloca o Brasil em sintonia com tend\u00eancias mundiais<\/p>\n<\/p><\/div>\n<p>A Comiss\u00e3o de Administra\u00e7\u00e3o e Servi\u00e7o P\u00fablico da C\u00e2mara dos Deputados aprovou o <a class=\"linkProposicao\" href=\"https:\/\/www.camara.leg.br\/noticias\/1087754-projeto-preve-mensuracao-de-bem-estar-da-populacao-para-direcionamento-de-acoes-do-estado\">Projeto de Lei 2518\/24<\/a>, que prev\u00ea a realiza\u00e7\u00e3o de pesquisas de bem-estar para medir a satisfa\u00e7\u00e3o subjetiva dos cidad\u00e3os em rela\u00e7\u00e3o \u00e0s pr\u00f3prias vidas e formular pol\u00edticas p\u00fablicas de sa\u00fade mental, emprego e conviv\u00eancia social. O objetivo \u00e9 complementar m\u00e9tricas tradicionais, como o Produto Interno Bruto (PIB), com medidas de qualidade de vida e felicidade.<\/p>\n<p>A proposta \u00e9 da deputada Tabata Amaral (PSB-SP) e foi aprovada por recomenda\u00e7\u00e3o do relator, deputado Prof. Reginaldo Veras (PV-DF).<\/p>\n<p>O projeto cria o Sistema de Contas Nacionais de Bem-Estar, baseado em pesquisa peri\u00f3dica junto \u00e0 popula\u00e7\u00e3o, inclusive em situa\u00e7\u00e3o de rua, e dever\u00e1 considerar renda, ocupa\u00e7\u00e3o, g\u00eanero, regi\u00e3o, idade, ra\u00e7a, moradia, conv\u00edvio social ou solid\u00e3o e acesso \u00e0 cultura e ao esporte, entre outros dados.\u00a0Esse sistema ser\u00e1 atualizado anualmente.<\/p>\n<p><strong>Tend\u00eancia<\/strong><br \/>Prof. Reginaldo Veras afirmou que, se aprovada, a proposta colocar\u00e1 o Brasil em sintonia com tend\u00eancias mundiais de governos orientados ao bem-estar. \u201cO atual sistema econ\u00f4mico, suas medidas e pol\u00edticas p\u00fablicas n\u00e3o respondem de modo adequado aos problemas sociais e ambientais mais prementes pelos quais passamos\u201d, avaliou.<\/p>\n<p>\u201cA mensagem central \u00e9 a de que o verdadeiro progresso de uma na\u00e7\u00e3o deve ser aferido n\u00e3o apenas pela acumula\u00e7\u00e3o de riqueza material, mas tamb\u00e9m pelo bem-estar e pela felicidade de sua popula\u00e7\u00e3o\u201d, disse ainda.<\/p>\n<p><strong>Pr\u00f3ximos passos<\/strong><br \/>O projeto tramita em <span id=\"4322\" class=\"termoGlossario\" title=\"Rito de tramita\u00e7\u00e3o pelo qual o projeto \u00e9 votado apenas pelas comiss\u00f5es designadas para analis\u00e1-lo, dispensada a delibera\u00e7\u00e3o do Plen\u00e1rio. O projeto perde o car\u00e1ter conclusivo se houver decis\u00e3o divergente entre as comiss\u00f5es ou se, independentemente de ser aprovado ou rejeitado, houver recurso assinado por 52 deputados para a aprecia\u00e7\u00e3o da mat\u00e9ria no Plen\u00e1rio.\" contenteditable=\"false\" data-toggle=\"tooltip\" data-placement=\"top\">car\u00e1ter conclusivo<\/span> e ser\u00e1 analisado ainda pelas comiss\u00f5es de Finan\u00e7as e Tributa\u00e7\u00e3o e de Constitui\u00e7\u00e3o e Justi\u00e7a e de Cidadania.<\/p>\n<p>Para virar lei, a proposta precisa ser aprovada pela C\u00e2mara e pelo Senado.<\/p>\n<p><a href=\"https:\/\/www.camara.leg.br\/noticias\/573454-SAIBA-MAIS-SOBRE-A-TRAMITACAO-DE-PROJETOS-DE-LEI\">Saiba mais sobre a tramita\u00e7\u00e3o de projetos de lei<\/a><\/p>\n<p style=\"font-size: 0.8rem; font-weight: 700;\">Reportagem \u2013 No\u00e9li Nobre<br \/>Edi\u00e7\u00e3o \u2013 Ana Chalub<\/p>\n<\/p><\/div>\n<p><br \/>\n<br \/><a href=\"https:\/\/www.camara.leg.br\/noticias\/1269980-comissao-aprova-criacao-de-pesquisa-nacional-de-bem-estar-e-felicidade\/\">postagem original <\/a><\/p>\n","protected":false},"excerpt":{"rendered":"<p>07\/05\/2026 &#8211; 15:59 \u00a0 Vinicius Loures \/ C\u00e2mara dos Deputados Veras: proposta coloca o Brasil em sintonia com tend\u00eancias mundiais [&hellip;]<\/p>\n","protected":false},"author":1,"featured_media":8471,"comment_status":"open","ping_status":"open","sticky":false,"template":"","format":"standard","meta":{"site-sidebar-layout":"default","site-content-layout":"","ast-site-content-layout":"default","site-content-style":"default","site-sidebar-style":"default","ast-global-header-display":"","ast-banner-title-visibility":"","ast-main-header-display":"","ast-hfb-above-header-display":"","ast-hfb-below-header-display":"","ast-hfb-mobile-header-display":"","site-post-title":"","ast-breadcrumbs-content":"","ast-featured-img":"","footer-sml-layout":"","theme-transparent-header-meta":"","adv-header-id-meta":"","stick-header-meta":"","header-above-stick-meta":"","header-main-stick-meta":"","header-below-stick-meta":"","astra-migrate-meta-layouts":"default","ast-page-background-enabled":"default","ast-page-background-meta":{"desktop":{"background-color":"var(--ast-global-color-5)","background-image":"","background-repeat":"repeat","background-position":"center center","background-size":"auto","background-attachment":"scroll","background-type":"","background-media":"","overlay-type":"","overlay-color":"","overlay-opacity":"","overlay-gradient":""},"tablet":{"background-color":"","background-image":"","background-repeat":"repeat","background-position":"center center","background-size":"auto","background-attachment":"scroll","background-type":"","background-media":"","overlay-type":"","overlay-color":"","overlay-opacity":"","overlay-gradient":""},"mobile":{"background-color":"","background-image":"","background-repeat":"repeat","background-position":"center center","background-size":"auto","background-attachment":"scroll","background-type":"","background-media":"","overlay-type":"","overlay-color":"","overlay-opacity":"","overlay-gradient":""}},"ast-content-background-meta":{"desktop":{"background-color":"var(--ast-global-color-4)","background-image":"","background-repeat":"repeat","background-position":"center center","background-size":"auto","background-attachment":"scroll","background-type":"","background-media":"","overlay-type":"","overlay-color":"","overlay-opacity":"","overlay-gradient":""},"tablet":{"background-color":"var(--ast-global-color-4)","background-image":"","background-repeat":"repeat","background-position":"center center","background-size":"auto","background-attachment":"scroll","background-type":"","background-media":"","overlay-type":"","overlay-color":"","overlay-opacity":"","overlay-gradient":""},"mobile":{"background-color":"var(--ast-global-color-4)","background-image":"","background-repeat":"repeat","background-position":"center center","background-size":"auto","background-attachment":"scroll","background-type":"","background-media":"","overlay-type":"","overlay-color":"","overlay-opacity":"","overlay-gradient":""}},"_joinchat":[],"footnotes":""},"categories":[36],"tags":[],"_links":{"self":[{"href":"https:\/\/radiosantaclara.sitetopfm.com.br\/site\/wp-json\/wp\/v2\/posts\/8470"}],"collection":[{"href":"https:\/\/radiosantaclara.sitetopfm.com.br\/site\/wp-json\/wp\/v2\/posts"}],"about":[{"href":"https:\/\/radiosantaclara.sitetopfm.com.br\/site\/wp-json\/wp\/v2\/types\/post"}],"author":[{"embeddable":true,"href":"https:\/\/radiosantaclara.sitetopfm.com.br\/site\/wp-json\/wp\/v2\/users\/1"}],"replies":[{"embeddable":true,"href":"https:\/\/radiosantaclara.sitetopfm.com.br\/site\/wp-json\/wp\/v2\/comments?post=8470"}],"version-history":[{"count":0,"href":"https:\/\/radiosantaclara.sitetopfm.com.br\/site\/wp-json\/wp\/v2\/posts\/8470\/revisions"}],"wp:featuredmedia":[{"embeddable":true,"href":"https:\/\/radiosantaclara.sitetopfm.com.br\/site\/wp-json\/wp\/v2\/media\/8471"}],"wp:attachment":[{"href":"https:\/\/radiosantaclara.sitetopfm.com.br\/site\/wp-json\/wp\/v2\/media?parent=8470"}],"wp:term":[{"taxonomy":"category","embeddable":true,"href":"https:\/\/radiosantaclara.sitetopfm.com.br\/site\/wp-json\/wp\/v2\/categories?post=8470"},{"taxonomy":"post_tag","embeddable":true,"href":"https:\/\/radiosantaclara.sitetopfm.com.br\/site\/wp-json\/wp\/v2\/tags?post=8470"}],"curies":[{"name":"wp","href":"https:\/\/api.w.org\/{rel}","templated":true}]}}