{"id":7997,"date":"2026-04-15T18:42:16","date_gmt":"2026-04-15T21:42:16","guid":{"rendered":"https:\/\/radiosantaclara.sitetopfm.com.br\/site\/especialistas-sugerem-permissao-para-jovens-de-16-anos-dirigirem-com-supervisao-noticias\/"},"modified":"2026-04-15T18:42:16","modified_gmt":"2026-04-15T21:42:16","slug":"especialistas-sugerem-permissao-para-jovens-de-16-anos-dirigirem-com-supervisao-noticias","status":"publish","type":"post","link":"https:\/\/radiosantaclara.sitetopfm.com.br\/site\/especialistas-sugerem-permissao-para-jovens-de-16-anos-dirigirem-com-supervisao-noticias\/","title":{"rendered":"Especialistas sugerem permiss\u00e3o para jovens de 16 anos dirigirem com supervis\u00e3o &#8211; Not\u00edcias"},"content":{"rendered":"<p> <br \/>\n<\/p>\n<div>\n<p class=\"g-artigo__data-hora\">\n\t\t\t\t\t\t\t\t\t\t\t15\/04\/2026 &#8211; 18:40 \u00a0\n\t\t\t\t\t\t\t\t\t\t<\/p>\n<div id=\"image-container-1263744\" class=\"image-container\" style=\"float: none; margin: 45px 0px; width: 100%;\" data-midia=\"1263744\">\n<p><em>Vinicius Loures \/ C\u00e2mara dos Deputados<\/em><\/p>\n<p>Comiss\u00e3o Especial sobre Altera\u00e7\u00e3o no C\u00f3digo de Tr\u00e2nsito Brasileiro<\/p>\n<\/p><\/div>\n<p>Especialistas defenderam que jovens de 16 anos recebam permiss\u00e3o tempor\u00e1ria para dirigir com supervis\u00e3o. A proposta foi debatida na C\u00e2mara dos Deputados como alternativa \u00e0 redu\u00e7\u00e3o da idade m\u00ednima para obter a Carteira Nacional de Habilita\u00e7\u00e3o (CNH).<\/p>\n<p>A representante da Associa\u00e7\u00e3o de Tr\u00e2nsito do Estado de Santa Catarina (Atraesc), Yomara Ribeiro, afirmou que os adolescentes devem dirigir acompanhados de pais ou respons\u00e1veis. Para ela, a supervis\u00e3o pode fortalecer a responsabilidade familiar e incentivar a seguran\u00e7a no tr\u00e2nsito desde cedo.<\/p>\n<p>\u201cA permiss\u00e3o deve exigir carga hor\u00e1ria te\u00f3rica ampliada, pr\u00e1tica supervisionada e registrada, avalia\u00e7\u00e3o psicol\u00f3gica cont\u00ednua e acompanhamento de respons\u00e1vel habilitado\u201d, afirmou Yomara. Segundo ela, o adolescente participaria de um processo educativo supervisionado, sem exercer plenamente o direito de dirigir.<\/p>\n<p>O deputado Luiz Carlos Busato (Uni\u00e3o-RS) alertou para o risco de conflito com o Estatuto da Crian\u00e7a e do Adolescente (ECA) e destacou poss\u00edveis problemas relacionados \u00e0 responsabilidade criminal em caso de acidentes.<\/p>\n<p>Como alternativa, ele concordou com a permiss\u00e3o provis\u00f3ria para jovens de 16 e 17 anos, sempre acompanhados por um respons\u00e1vel. Segundo o deputado, se nesse per\u00edodo o jovem demonstrar capacidade e n\u00e3o se envolver em acidentes, poder\u00e1 obter a habilita\u00e7\u00e3o definitiva.<\/p>\n<p>De acordo com o presidente da Associa\u00e7\u00e3o dos Centros de Forma\u00e7\u00e3o de Condutores de S\u00e3o Paulo (Acesp), Matheus Martins, 27% dos jovens de 15 a 18 anos j\u00e1 tiveram contato com ve\u00edculos.<\/p>\n<p>O especialista em medicina de tr\u00e2nsito Alberto Sabbag tamb\u00e9m defendeu a permiss\u00e3o para jovens de 16 anos, com restri\u00e7\u00f5es. Entre elas, a proibi\u00e7\u00e3o de dirigir em vias r\u00e1pidas, de dirigir \u00e0 noite e de transportar menores de 18 anos.<\/p>\n<div id=\"image-container-1263746\" class=\"image-container\" style=\"float: none; margin: 45px 0px; width: 100%;\" data-midia=\"1263746\">\n<p><em>Vinicius Loures\/C\u00e2mara dos Deputados<\/em><\/p>\n<p>Aureo Ribeiro concorda com regras espec\u00edficas para adolescentes<\/p>\n<\/p><\/div>\n<p><strong>Proposta<br \/><\/strong>O relator da comiss\u00e3o especial que analisa as mudan\u00e7as no <a href=\"https:\/\/www2.camara.leg.br\/legin\/fed\/lei\/1997\/lei-9503-23-setembro-1997-372348-publicacaooriginal-1-pl.html\">C\u00f3digo de Tr\u00e2nsito Brasileiro<\/a>, deputado Aureo Ribeiro (Solidariedade-RJ), afirmou que muitos adolescentes j\u00e1 dirigem, sobretudo ciclomotores, sem forma\u00e7\u00e3o adequada.<\/p>\n<p>Ele defendeu a cria\u00e7\u00e3o de regras para essa pr\u00e1tica. \u201cA proposta n\u00e3o \u00e9 dar carteira de motorista a jovens de 16 anos, mas uma permiss\u00e3o para dirigir com acompanhamento de um adulto. Haver\u00e1 limites de hor\u00e1rios, vias e velocidade, para garantir a educa\u00e7\u00e3o no tr\u00e2nsito\u201d, disse.<\/p>\n<p>Segundo o relator, pesquisas indicam que as pessoas t\u00eam maior capacidade de aprendizado aos 16 anos do que aos 25.<\/p>\n<p style=\"font-size: 0.8rem; font-weight: 700;\">Reportagem &#8211; Maria Neves<br \/>Edi\u00e7\u00e3o &#8211; Ge\u00f3rgia Moraes<\/p>\n<\/p><\/div>\n<p><br \/>\n<br \/><a href=\"https:\/\/www.camara.leg.br\/noticias\/1263729-especialistas-sugerem-permissao-para-jovens-de-16-anos-dirigirem-com-supervisao\/\">postagem original <\/a><\/p>\n","protected":false},"excerpt":{"rendered":"<p>15\/04\/2026 &#8211; 18:40 \u00a0 Vinicius Loures \/ C\u00e2mara dos Deputados Comiss\u00e3o Especial sobre Altera\u00e7\u00e3o no C\u00f3digo de Tr\u00e2nsito Brasileiro Especialistas [&hellip;]<\/p>\n","protected":false},"author":1,"featured_media":7998,"comment_status":"open","ping_status":"open","sticky":false,"template":"","format":"standard","meta":{"site-sidebar-layout":"default","site-content-layout":"","ast-site-content-layout":"default","site-content-style":"default","site-sidebar-style":"default","ast-global-header-display":"","ast-banner-title-visibility":"","ast-main-header-display":"","ast-hfb-above-header-display":"","ast-hfb-below-header-display":"","ast-hfb-mobile-header-display":"","site-post-title":"","ast-breadcrumbs-content":"","ast-featured-img":"","footer-sml-layout":"","theme-transparent-header-meta":"","adv-header-id-meta":"","stick-header-meta":"","header-above-stick-meta":"","header-main-stick-meta":"","header-below-stick-meta":"","astra-migrate-meta-layouts":"default","ast-page-background-enabled":"default","ast-page-background-meta":{"desktop":{"background-color":"var(--ast-global-color-5)","background-image":"","background-repeat":"repeat","background-position":"center center","background-size":"auto","background-attachment":"scroll","background-type":"","background-media":"","overlay-type":"","overlay-color":"","overlay-opacity":"","overlay-gradient":""},"tablet":{"background-color":"","background-image":"","background-repeat":"repeat","background-position":"center center","background-size":"auto","background-attachment":"scroll","background-type":"","background-media":"","overlay-type":"","overlay-color":"","overlay-opacity":"","overlay-gradient":""},"mobile":{"background-color":"","background-image":"","background-repeat":"repeat","background-position":"center center","background-size":"auto","background-attachment":"scroll","background-type":"","background-media":"","overlay-type":"","overlay-color":"","overlay-opacity":"","overlay-gradient":""}},"ast-content-background-meta":{"desktop":{"background-color":"var(--ast-global-color-4)","background-image":"","background-repeat":"repeat","background-position":"center center","background-size":"auto","background-attachment":"scroll","background-type":"","background-media":"","overlay-type":"","overlay-color":"","overlay-opacity":"","overlay-gradient":""},"tablet":{"background-color":"var(--ast-global-color-4)","background-image":"","background-repeat":"repeat","background-position":"center center","background-size":"auto","background-attachment":"scroll","background-type":"","background-media":"","overlay-type":"","overlay-color":"","overlay-opacity":"","overlay-gradient":""},"mobile":{"background-color":"var(--ast-global-color-4)","background-image":"","background-repeat":"repeat","background-position":"center center","background-size":"auto","background-attachment":"scroll","background-type":"","background-media":"","overlay-type":"","overlay-color":"","overlay-opacity":"","overlay-gradient":""}},"_joinchat":[],"footnotes":""},"categories":[36],"tags":[],"_links":{"self":[{"href":"https:\/\/radiosantaclara.sitetopfm.com.br\/site\/wp-json\/wp\/v2\/posts\/7997"}],"collection":[{"href":"https:\/\/radiosantaclara.sitetopfm.com.br\/site\/wp-json\/wp\/v2\/posts"}],"about":[{"href":"https:\/\/radiosantaclara.sitetopfm.com.br\/site\/wp-json\/wp\/v2\/types\/post"}],"author":[{"embeddable":true,"href":"https:\/\/radiosantaclara.sitetopfm.com.br\/site\/wp-json\/wp\/v2\/users\/1"}],"replies":[{"embeddable":true,"href":"https:\/\/radiosantaclara.sitetopfm.com.br\/site\/wp-json\/wp\/v2\/comments?post=7997"}],"version-history":[{"count":0,"href":"https:\/\/radiosantaclara.sitetopfm.com.br\/site\/wp-json\/wp\/v2\/posts\/7997\/revisions"}],"wp:featuredmedia":[{"embeddable":true,"href":"https:\/\/radiosantaclara.sitetopfm.com.br\/site\/wp-json\/wp\/v2\/media\/7998"}],"wp:attachment":[{"href":"https:\/\/radiosantaclara.sitetopfm.com.br\/site\/wp-json\/wp\/v2\/media?parent=7997"}],"wp:term":[{"taxonomy":"category","embeddable":true,"href":"https:\/\/radiosantaclara.sitetopfm.com.br\/site\/wp-json\/wp\/v2\/categories?post=7997"},{"taxonomy":"post_tag","embeddable":true,"href":"https:\/\/radiosantaclara.sitetopfm.com.br\/site\/wp-json\/wp\/v2\/tags?post=7997"}],"curies":[{"name":"wp","href":"https:\/\/api.w.org\/{rel}","templated":true}]}}