{"id":7832,"date":"2026-04-09T14:56:39","date_gmt":"2026-04-09T17:56:39","guid":{"rendered":"https:\/\/radiosantaclara.sitetopfm.com.br\/site\/comissao-aprova-projeto-que-preve-engajamento-de-alunos-no-cuidado-com-o-espaco-escolar-noticias\/"},"modified":"2026-04-09T14:56:39","modified_gmt":"2026-04-09T17:56:39","slug":"comissao-aprova-projeto-que-preve-engajamento-de-alunos-no-cuidado-com-o-espaco-escolar-noticias","status":"publish","type":"post","link":"https:\/\/radiosantaclara.sitetopfm.com.br\/site\/comissao-aprova-projeto-que-preve-engajamento-de-alunos-no-cuidado-com-o-espaco-escolar-noticias\/","title":{"rendered":"Comiss\u00e3o aprova projeto que prev\u00ea engajamento de alunos no cuidado com o espa\u00e7o escolar &#8211; Not\u00edcias"},"content":{"rendered":"<p> <br \/>\n<\/p>\n<div>\n<div>\n<p class=\"g-artigo__data-hora\">\n\t\t\t\t\t\t\t\t\t\t\t09\/04\/2026 &#8211; 14:55 \u00a0\n\t\t\t\t\t\t\t\t\t\t<\/p>\n<div id=\"image-container-1261767\" class=\"image-container\" style=\"float: none; margin: 45px 0px; width: 100%;\" data-midia=\"1261767\">\n<p><em>Vinicius Loures \/ C\u00e2mara dos Deputados<\/em><\/p>\n<p>Sidney Leite: medida combate a ideia de que o espa\u00e7o p\u00fablico n\u00e3o pertence a ningu\u00e9m<\/p>\n<\/p><\/div>\n<p>A Comiss\u00e3o de Educa\u00e7\u00e3o da C\u00e2mara dos Deputados aprovou o Projeto de Lei 1479\/25, que estabelece como dever dos estabelecimentos de ensino promover o engajamento de seus estudantes no cuidado, na conserva\u00e7\u00e3o e na prote\u00e7\u00e3o do espa\u00e7o f\u00edsico escolar. A proposta altera a <a class=\"linkLegislacao\" href=\"https:\/\/www2.camara.gov.br\/legin\/fed\/lei\/1996\/lei-9394-20-dezembro-1996-362578-norma-pl.html\">Lei de Diretrizes e Bases da Educa\u00e7\u00e3o Nacional (LDB)<\/a>.<\/p>\n<p>De autoria da deputada Ivoneide Caetano (PT-BA), o texto leva em conta as normas comuns e as de cada sistema de ensino ao incluir a nova atribui\u00e7\u00e3o.<\/p>\n<p>O relator do projeto, deputado Sidney Leite (PSD-AM), apresentou parecer favor\u00e1vel \u00e0 medida.<\/p>\n<p>\u201cO envolvimento dos alunos no cuidado com o ambiente escolar promove senso de pertencimento e colabora\u00e7\u00e3o, melhora a qualidade de vida e cria um espa\u00e7o mais saud\u00e1vel e prop\u00edcio ao aprendizado\u201d, avaliou.<\/p>\n<p>Sidney Leite tamb\u00e9m ressaltou que a iniciativa contribui para o exerc\u00edcio do civismo e da cidadania, combatendo a ideia de que o espa\u00e7o p\u00fablico n\u00e3o pertence a ningu\u00e9m.<\/p>\n<p>O relat\u00f3rio aprovado destaca ainda que estudantes comprometidos com o zelo pela coisa p\u00fablica podem se tornar multiplicadores de boas pr\u00e1ticas em suas pr\u00f3prias fam\u00edlias e comunidades.<\/p>\n<p><strong>Pr\u00f3ximos passos<br \/><\/strong>O projeto tramita em <span id=\"4322\" class=\"termoGlossario\" title=\"Rito de tramita\u00e7\u00e3o pelo qual o projeto \u00e9 votado apenas pelas comiss\u00f5es designadas para analis\u00e1-lo, dispensada a delibera\u00e7\u00e3o do Plen\u00e1rio. O projeto perde o car\u00e1ter conclusivo se houver decis\u00e3o divergente entre as comiss\u00f5es ou se, independentemente de ser aprovado ou rejeitado, houver recurso assinado por 52 deputados para a aprecia\u00e7\u00e3o da mat\u00e9ria no Plen\u00e1rio.\" contenteditable=\"false\" data-toggle=\"tooltip\" data-placement=\"top\">car\u00e1ter conclusivo<\/span> e segue agora para an\u00e1lise da Comiss\u00e3o de Constitui\u00e7\u00e3o e Justi\u00e7a e de Cidadania. Para virar lei, precisa ser aprovado pelos deputados e pelos senadores e sancionado pela presid\u00eancia da Rep\u00fablica.<\/p>\n<p style=\"font-size: 0.8rem; font-weight: 700;\">Reportagem \u2013 No\u00e9li Nobre<br \/>Edi\u00e7\u00e3o \u2013 Ge\u00f3rgia Moraes<\/p>\n<\/p><\/div>\n<\/p><\/div>\n<p><br \/>\n<br \/><a href=\"https:\/\/www.camara.leg.br\/noticias\/1261722-comissao-aprova-projeto-que-preve-engajamento-de-alunos-no-cuidado-com-o-espaco-escolar\/\">postagem original <\/a><\/p>\n","protected":false},"excerpt":{"rendered":"<p>09\/04\/2026 &#8211; 14:55 \u00a0 Vinicius Loures \/ C\u00e2mara dos Deputados Sidney Leite: medida combate a ideia de que o espa\u00e7o [&hellip;]<\/p>\n","protected":false},"author":1,"featured_media":7833,"comment_status":"open","ping_status":"open","sticky":false,"template":"","format":"standard","meta":{"site-sidebar-layout":"default","site-content-layout":"","ast-site-content-layout":"default","site-content-style":"default","site-sidebar-style":"default","ast-global-header-display":"","ast-banner-title-visibility":"","ast-main-header-display":"","ast-hfb-above-header-display":"","ast-hfb-below-header-display":"","ast-hfb-mobile-header-display":"","site-post-title":"","ast-breadcrumbs-content":"","ast-featured-img":"","footer-sml-layout":"","theme-transparent-header-meta":"","adv-header-id-meta":"","stick-header-meta":"","header-above-stick-meta":"","header-main-stick-meta":"","header-below-stick-meta":"","astra-migrate-meta-layouts":"default","ast-page-background-enabled":"default","ast-page-background-meta":{"desktop":{"background-color":"var(--ast-global-color-5)","background-image":"","background-repeat":"repeat","background-position":"center center","background-size":"auto","background-attachment":"scroll","background-type":"","background-media":"","overlay-type":"","overlay-color":"","overlay-opacity":"","overlay-gradient":""},"tablet":{"background-color":"","background-image":"","background-repeat":"repeat","background-position":"center center","background-size":"auto","background-attachment":"scroll","background-type":"","background-media":"","overlay-type":"","overlay-color":"","overlay-opacity":"","overlay-gradient":""},"mobile":{"background-color":"","background-image":"","background-repeat":"repeat","background-position":"center center","background-size":"auto","background-attachment":"scroll","background-type":"","background-media":"","overlay-type":"","overlay-color":"","overlay-opacity":"","overlay-gradient":""}},"ast-content-background-meta":{"desktop":{"background-color":"var(--ast-global-color-4)","background-image":"","background-repeat":"repeat","background-position":"center center","background-size":"auto","background-attachment":"scroll","background-type":"","background-media":"","overlay-type":"","overlay-color":"","overlay-opacity":"","overlay-gradient":""},"tablet":{"background-color":"var(--ast-global-color-4)","background-image":"","background-repeat":"repeat","background-position":"center center","background-size":"auto","background-attachment":"scroll","background-type":"","background-media":"","overlay-type":"","overlay-color":"","overlay-opacity":"","overlay-gradient":""},"mobile":{"background-color":"var(--ast-global-color-4)","background-image":"","background-repeat":"repeat","background-position":"center center","background-size":"auto","background-attachment":"scroll","background-type":"","background-media":"","overlay-type":"","overlay-color":"","overlay-opacity":"","overlay-gradient":""}},"_joinchat":[],"footnotes":""},"categories":[36],"tags":[],"_links":{"self":[{"href":"https:\/\/radiosantaclara.sitetopfm.com.br\/site\/wp-json\/wp\/v2\/posts\/7832"}],"collection":[{"href":"https:\/\/radiosantaclara.sitetopfm.com.br\/site\/wp-json\/wp\/v2\/posts"}],"about":[{"href":"https:\/\/radiosantaclara.sitetopfm.com.br\/site\/wp-json\/wp\/v2\/types\/post"}],"author":[{"embeddable":true,"href":"https:\/\/radiosantaclara.sitetopfm.com.br\/site\/wp-json\/wp\/v2\/users\/1"}],"replies":[{"embeddable":true,"href":"https:\/\/radiosantaclara.sitetopfm.com.br\/site\/wp-json\/wp\/v2\/comments?post=7832"}],"version-history":[{"count":0,"href":"https:\/\/radiosantaclara.sitetopfm.com.br\/site\/wp-json\/wp\/v2\/posts\/7832\/revisions"}],"wp:featuredmedia":[{"embeddable":true,"href":"https:\/\/radiosantaclara.sitetopfm.com.br\/site\/wp-json\/wp\/v2\/media\/7833"}],"wp:attachment":[{"href":"https:\/\/radiosantaclara.sitetopfm.com.br\/site\/wp-json\/wp\/v2\/media?parent=7832"}],"wp:term":[{"taxonomy":"category","embeddable":true,"href":"https:\/\/radiosantaclara.sitetopfm.com.br\/site\/wp-json\/wp\/v2\/categories?post=7832"},{"taxonomy":"post_tag","embeddable":true,"href":"https:\/\/radiosantaclara.sitetopfm.com.br\/site\/wp-json\/wp\/v2\/tags?post=7832"}],"curies":[{"name":"wp","href":"https:\/\/api.w.org\/{rel}","templated":true}]}}