{"id":7636,"date":"2026-03-31T12:36:34","date_gmt":"2026-03-31T15:36:34","guid":{"rendered":"https:\/\/radiosantaclara.sitetopfm.com.br\/site\/comissao-de-constituicao-e-justica-aprova-reconhecimento-da-marcha-para-jesus-como-bem-cultural-do-pais-noticias\/"},"modified":"2026-03-31T12:36:34","modified_gmt":"2026-03-31T15:36:34","slug":"comissao-de-constituicao-e-justica-aprova-reconhecimento-da-marcha-para-jesus-como-bem-cultural-do-pais-noticias","status":"publish","type":"post","link":"https:\/\/radiosantaclara.sitetopfm.com.br\/site\/comissao-de-constituicao-e-justica-aprova-reconhecimento-da-marcha-para-jesus-como-bem-cultural-do-pais-noticias\/","title":{"rendered":"Comiss\u00e3o de Constitui\u00e7\u00e3o e Justi\u00e7a aprova reconhecimento da Marcha para Jesus como bem cultural do pa\u00eds &#8211; Not\u00edcias"},"content":{"rendered":"<p> <br \/>\n<\/p>\n<div>\n<div>\n<p class=\"g-artigo__data-hora\">\n\t\t\t\t\t\t\t\t\t\t\t31\/03\/2026 &#8211; 12:16 \u00a0\n\t\t\t\t\t\t\t\t\t\t<\/p>\n<div id=\"image-container-1249964\" class=\"image-container\" style=\"float: none; margin: 45px 0px; width: 100%;\" data-midia=\"1249964\">\n<p><em>Renato Ara\u00fajo\/C\u00e2mara dos Deputados<\/em><\/p>\n<p>Pastor Sargento Isid\u00f3rio, autor do projeto<\/p>\n<\/p><\/div>\n<p>A Comiss\u00e3o de Constitui\u00e7\u00e3o e Justi\u00e7a e de Cidadania da C\u00e2mara dos Deputados aprovou projeto de lei que reconhece a Marcha para Jesus como &#8220;bem cultural imaterial da na\u00e7\u00e3o brasileira&#8221; e autoriza a destina\u00e7\u00e3o de recursos p\u00fablicos municipais, estaduais, distritais e federais para a realiza\u00e7\u00e3o de eventos gospel em todo o pa\u00eds (PL 2179\/19).<\/p>\n<p>A proposta j\u00e1 havia sido aprovada pela Comiss\u00e3o de Cultura e segue agora para an\u00e1lise do Senado Federal.<\/p>\n<p>Segundo o autor do projeto, deputado Pastor Sargento Isid\u00f3rio (Avante-BA), a medida busca reconhecer a relev\u00e2ncia social, cultural, econ\u00f4mica e tur\u00edstica das manifesta\u00e7\u00f5es religiosas crist\u00e3s no Brasil. O parlamentar citou que a Marcha para Jesus j\u00e1 integra o calend\u00e1rio oficial do pa\u00eds desde a san\u00e7\u00e3o da <a class=\"linkLegislacao\" href=\"https:\/\/www2.camara.gov.br\/legin\/fed\/lei\/2009\/lei-12025-3-setembro-2009-591017-norma-pl.html\">Lei 12.025\/09<\/a>.<\/p>\n<p>O parlamentar argumenta que eventos crist\u00e3os evang\u00e9licos e cat\u00f3licos contribuem para a mobiliza\u00e7\u00e3o social, oferecem conforto espiritual e geram empregos tempor\u00e1rios, al\u00e9m de impulsionar o com\u00e9rcio e o turismo religioso.<\/p>\n<p>Para virar lei, o projeto precisa ser aprovado pelo Senado e sancionado pelo presidente da Rep\u00fablica.<\/p>\n<p><strong>Hist\u00f3rico do evento<\/strong><br \/>Realizada pela primeira vez em 12 de junho de 1993, em S\u00e3o Paulo, a Marcha para Jesus se consolidou como um dos principais eventos crist\u00e3os do pa\u00eds.<\/p>\n<p>Segundo os organizadores, a manifesta\u00e7\u00e3o ocorre em todos os estados brasileiros e re\u00fane milhares de participantes em celebra\u00e7\u00f5es com m\u00fasica e express\u00f5es de f\u00e9.<\/p>\n<p style=\"font-size: 0.8rem; font-weight: 700;\">Da Reda\u00e7\u00e3o\/WS<\/p>\n<\/p><\/div>\n<\/p><\/div>\n<p><br \/>\n<br \/><a href=\"https:\/\/www.camara.leg.br\/noticias\/1259364-comissao-de-constituicao-e-justica-aprova-reconhecimento-da-marcha-para-jesus-como-bem-cultural-do-pais\/\">postagem original <\/a><\/p>\n","protected":false},"excerpt":{"rendered":"<p>31\/03\/2026 &#8211; 12:16 \u00a0 Renato Ara\u00fajo\/C\u00e2mara dos Deputados Pastor Sargento Isid\u00f3rio, autor do projeto A Comiss\u00e3o de Constitui\u00e7\u00e3o e Justi\u00e7a [&hellip;]<\/p>\n","protected":false},"author":1,"featured_media":6789,"comment_status":"open","ping_status":"open","sticky":false,"template":"","format":"standard","meta":{"site-sidebar-layout":"default","site-content-layout":"","ast-site-content-layout":"default","site-content-style":"default","site-sidebar-style":"default","ast-global-header-display":"","ast-banner-title-visibility":"","ast-main-header-display":"","ast-hfb-above-header-display":"","ast-hfb-below-header-display":"","ast-hfb-mobile-header-display":"","site-post-title":"","ast-breadcrumbs-content":"","ast-featured-img":"","footer-sml-layout":"","theme-transparent-header-meta":"","adv-header-id-meta":"","stick-header-meta":"","header-above-stick-meta":"","header-main-stick-meta":"","header-below-stick-meta":"","astra-migrate-meta-layouts":"default","ast-page-background-enabled":"default","ast-page-background-meta":{"desktop":{"background-color":"var(--ast-global-color-5)","background-image":"","background-repeat":"repeat","background-position":"center center","background-size":"auto","background-attachment":"scroll","background-type":"","background-media":"","overlay-type":"","overlay-color":"","overlay-opacity":"","overlay-gradient":""},"tablet":{"background-color":"","background-image":"","background-repeat":"repeat","background-position":"center center","background-size":"auto","background-attachment":"scroll","background-type":"","background-media":"","overlay-type":"","overlay-color":"","overlay-opacity":"","overlay-gradient":""},"mobile":{"background-color":"","background-image":"","background-repeat":"repeat","background-position":"center center","background-size":"auto","background-attachment":"scroll","background-type":"","background-media":"","overlay-type":"","overlay-color":"","overlay-opacity":"","overlay-gradient":""}},"ast-content-background-meta":{"desktop":{"background-color":"var(--ast-global-color-4)","background-image":"","background-repeat":"repeat","background-position":"center center","background-size":"auto","background-attachment":"scroll","background-type":"","background-media":"","overlay-type":"","overlay-color":"","overlay-opacity":"","overlay-gradient":""},"tablet":{"background-color":"var(--ast-global-color-4)","background-image":"","background-repeat":"repeat","background-position":"center center","background-size":"auto","background-attachment":"scroll","background-type":"","background-media":"","overlay-type":"","overlay-color":"","overlay-opacity":"","overlay-gradient":""},"mobile":{"background-color":"var(--ast-global-color-4)","background-image":"","background-repeat":"repeat","background-position":"center center","background-size":"auto","background-attachment":"scroll","background-type":"","background-media":"","overlay-type":"","overlay-color":"","overlay-opacity":"","overlay-gradient":""}},"_joinchat":[],"footnotes":""},"categories":[36],"tags":[],"_links":{"self":[{"href":"https:\/\/radiosantaclara.sitetopfm.com.br\/site\/wp-json\/wp\/v2\/posts\/7636"}],"collection":[{"href":"https:\/\/radiosantaclara.sitetopfm.com.br\/site\/wp-json\/wp\/v2\/posts"}],"about":[{"href":"https:\/\/radiosantaclara.sitetopfm.com.br\/site\/wp-json\/wp\/v2\/types\/post"}],"author":[{"embeddable":true,"href":"https:\/\/radiosantaclara.sitetopfm.com.br\/site\/wp-json\/wp\/v2\/users\/1"}],"replies":[{"embeddable":true,"href":"https:\/\/radiosantaclara.sitetopfm.com.br\/site\/wp-json\/wp\/v2\/comments?post=7636"}],"version-history":[{"count":0,"href":"https:\/\/radiosantaclara.sitetopfm.com.br\/site\/wp-json\/wp\/v2\/posts\/7636\/revisions"}],"wp:featuredmedia":[{"embeddable":true,"href":"https:\/\/radiosantaclara.sitetopfm.com.br\/site\/wp-json\/wp\/v2\/media\/6789"}],"wp:attachment":[{"href":"https:\/\/radiosantaclara.sitetopfm.com.br\/site\/wp-json\/wp\/v2\/media?parent=7636"}],"wp:term":[{"taxonomy":"category","embeddable":true,"href":"https:\/\/radiosantaclara.sitetopfm.com.br\/site\/wp-json\/wp\/v2\/categories?post=7636"},{"taxonomy":"post_tag","embeddable":true,"href":"https:\/\/radiosantaclara.sitetopfm.com.br\/site\/wp-json\/wp\/v2\/tags?post=7636"}],"curies":[{"name":"wp","href":"https:\/\/api.w.org\/{rel}","templated":true}]}}