{"id":7560,"date":"2026-03-27T08:01:08","date_gmt":"2026-03-27T11:01:08","guid":{"rendered":"https:\/\/radiosantaclara.sitetopfm.com.br\/site\/relatorio-da-cpmi-do-inss-sera-lido-e-pode-ser-votado-nesta-sexta-noticias\/"},"modified":"2026-03-27T08:01:08","modified_gmt":"2026-03-27T11:01:08","slug":"relatorio-da-cpmi-do-inss-sera-lido-e-pode-ser-votado-nesta-sexta-noticias","status":"publish","type":"post","link":"https:\/\/radiosantaclara.sitetopfm.com.br\/site\/relatorio-da-cpmi-do-inss-sera-lido-e-pode-ser-votado-nesta-sexta-noticias\/","title":{"rendered":"Relat\u00f3rio da CPMI do INSS ser\u00e1 lido e pode ser votado nesta sexta &#8211; Not\u00edcias"},"content":{"rendered":"<p> <br \/>\n<\/p>\n<div>\n<p class=\"g-artigo__data-hora\">\n\t\t\t\t\t\t\t\t\t\t\t27\/03\/2026 &#8211; 07:50 \u00a0\n\t\t\t\t\t\t\t\t\t\t<\/p>\n<div id=\"image-container-1258188\" class=\"image-container\" style=\"float: none; margin: 45px 0px; width: 100%;\" data-midia=\"1258188\">\n<p><em>Vinicius Loures \/ C\u00e2mara dos Deputados<\/em><\/p>\n<p>CPMI do INSS durante reuni\u00e3o<\/p>\n<\/p><\/div>\n<p>A Comiss\u00e3o Parlamentar Mista de Inqu\u00e9rito (CPMI) que investiga fraudes no INSS re\u00fane-se nesta sexta-feira (27), a partir das 9 horas, para a leitura e an\u00e1lise do relat\u00f3rio final do colegiado. Caso haja pedido de vista, ou seja, se for solicitado mais tempo para an\u00e1lise do relat\u00f3rio, a vota\u00e7\u00e3o ser\u00e1 realizada no s\u00e1bado (28), prazo para conclus\u00e3o dos trabalhos.<\/p>\n<p>A reuni\u00e3o ser\u00e1 no plen\u00e1rio 2 da Ala Nilo Coelho, no Senado.<\/p>\n<p>O presidente da CPMI, senador Carlos Viana (Podemos-MG), espera que a vota\u00e7\u00e3o seja realizada ainda hoje.<\/p>\n<p>De acordo com o relator da comiss\u00e3o, o deputado Alfredo Gaspar (Uni\u00e3o-AL), o relat\u00f3rio possui cerca de 5 mil p\u00e1ginas e recomenda o indiciamento de 228 pessoas.<\/p>\n<p>O deputado Paulo Pimenta (PT-RS), da base governista, informou que deve apresentar um relat\u00f3rio alternativo.<\/p>\n<p>A CPMI retomou os trabalhos ap\u00f3s o Supremo Tribunal Federal (STF) rejeitar a prorroga\u00e7\u00e3o da CPMI do INSS.<\/p>\n<p><strong>Prorroga\u00e7\u00e3o<\/strong><br \/>O Plen\u00e1rio do Supremo Tribunal Federal derrubou na quinta (26), por 8 votos a 2, a decis\u00e3o do ministro do STF Andr\u00e9 Mendon\u00e7a que determinava a prorroga\u00e7\u00e3o dos trabalhos da CPMI do INSS.<\/p>\n<p>A decis\u00e3o individual de Andr\u00e9 Mendon\u00e7a havia sido tomada na \u00faltima ter\u00e7a (23), quando ele deu prazo para que o Congresso Nacional viabilizasse a prorroga\u00e7\u00e3o.<\/p>\n<p>O senador Eduardo Gir\u00e3o (Novo-CE) lamentou a decis\u00e3o da Corte. &#8220;O que eu vi ali [no STF] foi um show de horrores e contradi\u00e7\u00f5es. H\u00e1 precedentes aos montes quando \u00e9 de interesse do STF'&#8221;, afirmou.<\/p>\n<p>O deputado Paulo Pimenta, por sua vez, afirmou que os ministros do Supremo confirmaram o que prev\u00ea a Constitui\u00e7\u00e3o. &#8220;Quando esta CPMI tenta fugir do foco, sair da investiga\u00e7\u00e3o, criar factoides, ela exp\u00f5e este Parlamento e leva a situa\u00e7\u00f5es como a de hoje. A Constitui\u00e7\u00e3o foi respeitada, a democracia foi respeitada&#8221;, declarou.<\/p>\n<p><strong>A\u00e7\u00e3o<\/strong><br \/>A a\u00e7\u00e3o que originou a liminar de Andr\u00e9 Mendon\u00e7a, agora derrubada pelo Plen\u00e1rio do STF, havia sido apresentada por Carlos Viana, Alfredo Gaspar e pelo deputado Marcel Van Hattem (Novo-RS).<\/p>\n<p>Eles alegavam omiss\u00e3o da Mesa Diretora do Congresso Nacional por n\u00e3o ter processado o requerimento de prorroga\u00e7\u00e3o dos trabalhos.<\/p>\n<p>Com base na liminar de Mendon\u00e7a, o pr\u00f3prio Carlos Viana, presidente da CPMI, chegou a declarar a prorroga\u00e7\u00e3o dos trabalhos.<\/p>\n<p style=\"font-size: 0.8rem; font-weight: 700;\">Da Ag\u00eancia Senado <br \/>Edi\u00e7\u00e3o \u2013 Rachel Librelon<\/p>\n<\/p><\/div>\n<p><br \/>\n<br \/><a href=\"https:\/\/www.camara.leg.br\/noticias\/1258478-relatorio-da-cpmi-do-inss-sera-lido-e-pode-ser-votado-nesta-sexta\/\">postagem original <\/a><\/p>\n","protected":false},"excerpt":{"rendered":"<p>27\/03\/2026 &#8211; 07:50 \u00a0 Vinicius Loures \/ C\u00e2mara dos Deputados CPMI do INSS durante reuni\u00e3o A Comiss\u00e3o Parlamentar Mista de [&hellip;]<\/p>\n","protected":false},"author":1,"featured_media":7535,"comment_status":"open","ping_status":"open","sticky":false,"template":"","format":"standard","meta":{"site-sidebar-layout":"default","site-content-layout":"","ast-site-content-layout":"default","site-content-style":"default","site-sidebar-style":"default","ast-global-header-display":"","ast-banner-title-visibility":"","ast-main-header-display":"","ast-hfb-above-header-display":"","ast-hfb-below-header-display":"","ast-hfb-mobile-header-display":"","site-post-title":"","ast-breadcrumbs-content":"","ast-featured-img":"","footer-sml-layout":"","theme-transparent-header-meta":"","adv-header-id-meta":"","stick-header-meta":"","header-above-stick-meta":"","header-main-stick-meta":"","header-below-stick-meta":"","astra-migrate-meta-layouts":"default","ast-page-background-enabled":"default","ast-page-background-meta":{"desktop":{"background-color":"var(--ast-global-color-5)","background-image":"","background-repeat":"repeat","background-position":"center center","background-size":"auto","background-attachment":"scroll","background-type":"","background-media":"","overlay-type":"","overlay-color":"","overlay-opacity":"","overlay-gradient":""},"tablet":{"background-color":"","background-image":"","background-repeat":"repeat","background-position":"center center","background-size":"auto","background-attachment":"scroll","background-type":"","background-media":"","overlay-type":"","overlay-color":"","overlay-opacity":"","overlay-gradient":""},"mobile":{"background-color":"","background-image":"","background-repeat":"repeat","background-position":"center center","background-size":"auto","background-attachment":"scroll","background-type":"","background-media":"","overlay-type":"","overlay-color":"","overlay-opacity":"","overlay-gradient":""}},"ast-content-background-meta":{"desktop":{"background-color":"var(--ast-global-color-4)","background-image":"","background-repeat":"repeat","background-position":"center center","background-size":"auto","background-attachment":"scroll","background-type":"","background-media":"","overlay-type":"","overlay-color":"","overlay-opacity":"","overlay-gradient":""},"tablet":{"background-color":"var(--ast-global-color-4)","background-image":"","background-repeat":"repeat","background-position":"center center","background-size":"auto","background-attachment":"scroll","background-type":"","background-media":"","overlay-type":"","overlay-color":"","overlay-opacity":"","overlay-gradient":""},"mobile":{"background-color":"var(--ast-global-color-4)","background-image":"","background-repeat":"repeat","background-position":"center center","background-size":"auto","background-attachment":"scroll","background-type":"","background-media":"","overlay-type":"","overlay-color":"","overlay-opacity":"","overlay-gradient":""}},"_joinchat":[],"footnotes":""},"categories":[36],"tags":[],"_links":{"self":[{"href":"https:\/\/radiosantaclara.sitetopfm.com.br\/site\/wp-json\/wp\/v2\/posts\/7560"}],"collection":[{"href":"https:\/\/radiosantaclara.sitetopfm.com.br\/site\/wp-json\/wp\/v2\/posts"}],"about":[{"href":"https:\/\/radiosantaclara.sitetopfm.com.br\/site\/wp-json\/wp\/v2\/types\/post"}],"author":[{"embeddable":true,"href":"https:\/\/radiosantaclara.sitetopfm.com.br\/site\/wp-json\/wp\/v2\/users\/1"}],"replies":[{"embeddable":true,"href":"https:\/\/radiosantaclara.sitetopfm.com.br\/site\/wp-json\/wp\/v2\/comments?post=7560"}],"version-history":[{"count":0,"href":"https:\/\/radiosantaclara.sitetopfm.com.br\/site\/wp-json\/wp\/v2\/posts\/7560\/revisions"}],"wp:featuredmedia":[{"embeddable":true,"href":"https:\/\/radiosantaclara.sitetopfm.com.br\/site\/wp-json\/wp\/v2\/media\/7535"}],"wp:attachment":[{"href":"https:\/\/radiosantaclara.sitetopfm.com.br\/site\/wp-json\/wp\/v2\/media?parent=7560"}],"wp:term":[{"taxonomy":"category","embeddable":true,"href":"https:\/\/radiosantaclara.sitetopfm.com.br\/site\/wp-json\/wp\/v2\/categories?post=7560"},{"taxonomy":"post_tag","embeddable":true,"href":"https:\/\/radiosantaclara.sitetopfm.com.br\/site\/wp-json\/wp\/v2\/tags?post=7560"}],"curies":[{"name":"wp","href":"https:\/\/api.w.org\/{rel}","templated":true}]}}