{"id":6718,"date":"2026-03-02T23:24:41","date_gmt":"2026-03-03T02:24:41","guid":{"rendered":"https:\/\/radiosantaclara.sitetopfm.com.br\/site\/projeto-proibe-overbooking-e-cria-indenizacao-extra-alem-do-reembolso-da-passagem-noticias\/"},"modified":"2026-03-02T23:24:41","modified_gmt":"2026-03-03T02:24:41","slug":"projeto-proibe-overbooking-e-cria-indenizacao-extra-alem-do-reembolso-da-passagem-noticias","status":"publish","type":"post","link":"https:\/\/radiosantaclara.sitetopfm.com.br\/site\/projeto-proibe-overbooking-e-cria-indenizacao-extra-alem-do-reembolso-da-passagem-noticias\/","title":{"rendered":"Projeto pro\u00edbe &#8216;overbooking&#8217; e cria indeniza\u00e7\u00e3o extra al\u00e9m do reembolso da passagem &#8211; Not\u00edcias"},"content":{"rendered":"<p> <br \/>\n<\/p>\n<div>\n<p class=\"g-artigo__data-hora\">\n                      02\/03\/2026 &#8211; 18:12 \u00a0\n                    <\/p>\n<div id=\"image-container-1249181\" class=\"image-container\" style=\"float: none; margin: 45px 0px; width: 100%;\" data-midia=\"1249181\">\n<p><em>Kayo Magalh\u00e3es \/ C\u00e2mara dos Deputados<\/em><\/p>\n<p>Fabiano Cazeca, autor do projeto de lei<\/p>\n<\/p><\/div>\n<p class=\"mb-2 whitespace-pre-wrap\">O Projeto de Lei 6625\/25 pro\u00edbe a pr\u00e1tica de <em>overbooking<\/em> (venda de passagens acima da capacidade do voo) no transporte a\u00e9reo brasileiro e obriga as companhias a pagarem uma indeniza\u00e7\u00e3o imediata ao passageiro impedido de embarcar. A proposta est\u00e1 em an\u00e1lise na C\u00e2mara dos Deputados.<\/p>\n<p class=\"mb-2 whitespace-pre-wrap\">Pelo texto, a compensa\u00e7\u00e3o financeira \u00e9 cumulativa. Isso significa que a companhia a\u00e9rea n\u00e3o poder\u00e1 apenas devolver o valor da passagem para encerrar o caso. O passageiro ter\u00e1 direito a receber duas repara\u00e7\u00f5es simult\u00e2neas:<\/p>\n<ul>\n<li>solu\u00e7\u00e3o imediata: escolher, sem custo, entre a reacomoda\u00e7\u00e3o no primeiro voo dispon\u00edvel (pr\u00f3prio ou de outra empresa), o endosso do bilhete para outra companhia ou o reembolso integral da passagem;<\/li>\n<li>indeniza\u00e7\u00e3o extra: o pagamento de um valor adicional em dinheiro a t\u00edtulo de compensa\u00e7\u00e3o pelo transtorno, que dever\u00e1 ser quitado na hora, ainda no aeroporto.<\/li>\n<\/ul>\n<p class=\"mb-2 whitespace-pre-wrap\"><strong>Valor da indeniza\u00e7\u00e3o<br \/><\/strong>A proposta define que essa compensa\u00e7\u00e3o financeira n\u00e3o poder\u00e1 ser inferior a 200% do pre\u00e7o do trecho afetado ou a um valor m\u00ednimo a ser fixado pela autoridade de avia\u00e7\u00e3o civil (o que for mais vantajoso para o consumidor).<\/p>\n<p class=\"mb-2 whitespace-pre-wrap\">O texto deixa claro que essa multa a favor do passageiro deve ser paga em esp\u00e9cie ou transfer\u00eancia eletr\u00f4nica. O pagamento em <em>vouchers<\/em> de viagem s\u00f3 ser\u00e1 permitido se o passageiro concordar expressamente.<\/p>\n<p class=\"mb-2 whitespace-pre-wrap\">Al\u00e9m disso, o projeto garante assist\u00eancia material (alimenta\u00e7\u00e3o, comunica\u00e7\u00e3o, traslado e hotel) enquanto o passageiro aguarda a resolu\u00e7\u00e3o.<\/p>\n<p class=\"mb-2 whitespace-pre-wrap\"><strong>Transpar\u00eancia e puni\u00e7\u00f5es<br \/><\/strong>O projeto cria o Registro Nacional de Preteri\u00e7\u00e3o e Cancelamentos (RNPC), um banco de dados p\u00fablico que reunir\u00e1 informa\u00e7\u00f5es sobre voos, rotas e empresas com maior \u00edndice de problemas.<\/p>\n<p class=\"mb-2 whitespace-pre-wrap\">As companhias a\u00e9reas que descumprirem a lei estar\u00e3o sujeitas a multas administrativas, que variam de 10% a 30% do faturamento bruto do voo onde ocorreu o problema, por passageiro afetado. Em caso de reincid\u00eancia, a empresa pode sofrer restri\u00e7\u00f5es de hor\u00e1rios de pouso e decolagem (<em>slots<\/em>) e at\u00e9 a suspens\u00e3o da venda de passagens para aquela rota.<\/p>\n<p class=\"mb-2 whitespace-pre-wrap\"><strong>Pr\u00e1ticas internacionais<br \/><\/strong>O autor do projeto, deputado licenciado Fabiano Cazeca (MG), argumenta que a pr\u00e1tica de <em>overbooking<\/em> transfere ao consumidor os riscos do neg\u00f3cio das empresas a\u00e9reas. Ele cita que a Uni\u00e3o Europeia e os Estados Unidos j\u00e1 adotam regras mais r\u00edgidas e indeniza\u00e7\u00f5es mais altas para desestimular essa conduta.<\/p>\n<p class=\"mb-2 whitespace-pre-wrap\">\u201cA experi\u00eancia do usu\u00e1rio demonstra que os par\u00e2metros atuais n\u00e3o t\u00eam sido suficientes para desestimular a sobrevenda, nem para promover alinhamento transparente de incentivos entre empresas e consumidores\u201d, afirma o deputado.<\/p>\n<p class=\"mb-2 whitespace-pre-wrap\"><strong>Pr\u00f3ximos passos<br \/><\/strong>O projeto ser\u00e1 analisado em <span id=\"4322\" class=\"termoGlossario\" title=\"Rito de tramita\u00e7\u00e3o pelo qual o projeto \u00e9 votado apenas pelas comiss\u00f5es designadas para analis\u00e1-lo, dispensada a delibera\u00e7\u00e3o do Plen\u00e1rio. O projeto perde o car\u00e1ter conclusivo se houver decis\u00e3o divergente entre as comiss\u00f5es ou se, independentemente de ser aprovado ou rejeitado, houver recurso assinado por 52 deputados para a aprecia\u00e7\u00e3o da mat\u00e9ria no Plen\u00e1rio.\" contenteditable=\"false\" data-toggle=\"tooltip\" data-placement=\"top\">car\u00e1ter conclusivo<\/span> pelas comiss\u00f5es de Defesa do Consumidor; de Via\u00e7\u00e3o e Transportes; de Finan\u00e7as e Tributa\u00e7\u00e3o; e de Constitui\u00e7\u00e3o e Justi\u00e7a e de Cidadania. Para virar lei, a proposta precisa ser aprovada pela C\u00e2mara e pelo Senado.<\/p>\n<p style=\"font-size: 0.8rem; font-weight: 700;\">Reportagem \u2013 Emanuelle Brasil<br \/>Edi\u00e7\u00e3o \u2013 Roberto Seabra<\/p>\n<\/p><\/div>\n<p><br \/>\n<br \/><a href=\"https:\/\/www.camara.leg.br\/noticias\/1249071-projeto-proibe-overbooking-e-cria-indenizacao-extra-alem-do-reembolso-da-passagem\/\">postagem original <\/a><\/p>\n","protected":false},"excerpt":{"rendered":"<p>02\/03\/2026 &#8211; 18:12 \u00a0 Kayo Magalh\u00e3es \/ C\u00e2mara dos Deputados Fabiano Cazeca, autor do projeto de lei O Projeto de [&hellip;]<\/p>\n","protected":false},"author":1,"featured_media":6719,"comment_status":"open","ping_status":"open","sticky":false,"template":"","format":"standard","meta":{"site-sidebar-layout":"default","site-content-layout":"","ast-site-content-layout":"default","site-content-style":"default","site-sidebar-style":"default","ast-global-header-display":"","ast-banner-title-visibility":"","ast-main-header-display":"","ast-hfb-above-header-display":"","ast-hfb-below-header-display":"","ast-hfb-mobile-header-display":"","site-post-title":"","ast-breadcrumbs-content":"","ast-featured-img":"","footer-sml-layout":"","theme-transparent-header-meta":"","adv-header-id-meta":"","stick-header-meta":"","header-above-stick-meta":"","header-main-stick-meta":"","header-below-stick-meta":"","astra-migrate-meta-layouts":"default","ast-page-background-enabled":"default","ast-page-background-meta":{"desktop":{"background-color":"var(--ast-global-color-5)","background-image":"","background-repeat":"repeat","background-position":"center center","background-size":"auto","background-attachment":"scroll","background-type":"","background-media":"","overlay-type":"","overlay-color":"","overlay-opacity":"","overlay-gradient":""},"tablet":{"background-color":"","background-image":"","background-repeat":"repeat","background-position":"center center","background-size":"auto","background-attachment":"scroll","background-type":"","background-media":"","overlay-type":"","overlay-color":"","overlay-opacity":"","overlay-gradient":""},"mobile":{"background-color":"","background-image":"","background-repeat":"repeat","background-position":"center center","background-size":"auto","background-attachment":"scroll","background-type":"","background-media":"","overlay-type":"","overlay-color":"","overlay-opacity":"","overlay-gradient":""}},"ast-content-background-meta":{"desktop":{"background-color":"var(--ast-global-color-4)","background-image":"","background-repeat":"repeat","background-position":"center center","background-size":"auto","background-attachment":"scroll","background-type":"","background-media":"","overlay-type":"","overlay-color":"","overlay-opacity":"","overlay-gradient":""},"tablet":{"background-color":"var(--ast-global-color-4)","background-image":"","background-repeat":"repeat","background-position":"center center","background-size":"auto","background-attachment":"scroll","background-type":"","background-media":"","overlay-type":"","overlay-color":"","overlay-opacity":"","overlay-gradient":""},"mobile":{"background-color":"var(--ast-global-color-4)","background-image":"","background-repeat":"repeat","background-position":"center center","background-size":"auto","background-attachment":"scroll","background-type":"","background-media":"","overlay-type":"","overlay-color":"","overlay-opacity":"","overlay-gradient":""}},"_joinchat":[],"footnotes":""},"categories":[37],"tags":[],"_links":{"self":[{"href":"https:\/\/radiosantaclara.sitetopfm.com.br\/site\/wp-json\/wp\/v2\/posts\/6718"}],"collection":[{"href":"https:\/\/radiosantaclara.sitetopfm.com.br\/site\/wp-json\/wp\/v2\/posts"}],"about":[{"href":"https:\/\/radiosantaclara.sitetopfm.com.br\/site\/wp-json\/wp\/v2\/types\/post"}],"author":[{"embeddable":true,"href":"https:\/\/radiosantaclara.sitetopfm.com.br\/site\/wp-json\/wp\/v2\/users\/1"}],"replies":[{"embeddable":true,"href":"https:\/\/radiosantaclara.sitetopfm.com.br\/site\/wp-json\/wp\/v2\/comments?post=6718"}],"version-history":[{"count":0,"href":"https:\/\/radiosantaclara.sitetopfm.com.br\/site\/wp-json\/wp\/v2\/posts\/6718\/revisions"}],"wp:featuredmedia":[{"embeddable":true,"href":"https:\/\/radiosantaclara.sitetopfm.com.br\/site\/wp-json\/wp\/v2\/media\/6719"}],"wp:attachment":[{"href":"https:\/\/radiosantaclara.sitetopfm.com.br\/site\/wp-json\/wp\/v2\/media?parent=6718"}],"wp:term":[{"taxonomy":"category","embeddable":true,"href":"https:\/\/radiosantaclara.sitetopfm.com.br\/site\/wp-json\/wp\/v2\/categories?post=6718"},{"taxonomy":"post_tag","embeddable":true,"href":"https:\/\/radiosantaclara.sitetopfm.com.br\/site\/wp-json\/wp\/v2\/tags?post=6718"}],"curies":[{"name":"wp","href":"https:\/\/api.w.org\/{rel}","templated":true}]}}