{"id":6684,"date":"2026-03-01T08:15:20","date_gmt":"2026-03-01T11:15:20","guid":{"rendered":"https:\/\/radiosantaclara.sitetopfm.com.br\/site\/projeto-cria-o-programa-vini-jr-de-combate-ao-racismo-em-estadios-noticias\/"},"modified":"2026-03-01T08:15:20","modified_gmt":"2026-03-01T11:15:20","slug":"projeto-cria-o-programa-vini-jr-de-combate-ao-racismo-em-estadios-noticias","status":"publish","type":"post","link":"https:\/\/radiosantaclara.sitetopfm.com.br\/site\/projeto-cria-o-programa-vini-jr-de-combate-ao-racismo-em-estadios-noticias\/","title":{"rendered":"Projeto cria o programa Vini Jr. de combate ao racismo em est\u00e1dios &#8211; Not\u00edcias"},"content":{"rendered":"<p> <br \/>\n<\/p>\n<div>\n<div>\n<p class=\"g-artigo__data-hora\">\n                      26\/02\/2026 &#8211; 14:48 \u00a0\n                    <\/p>\n<div id=\"image-container-1248163\" class=\"image-container\" style=\"float: none; margin: 45px 0px; width: 100%;\" data-midia=\"1248163\">\n<p><em>Kayo Magalh\u00e3es\/C\u00e2mara dos Deputados<\/em><\/p>\n<p>Chico Alencar, um dos autores do projeto<\/p>\n<\/p><\/div>\n<p>O Projeto de Lei (PL) 3089\/23 cria o Programa Vini Jr. de Combate ao Racismo em est\u00e1dios e arenas esportivas de todo o Pa\u00eds. A proposta foi apresentada pelo deputado Chico Alencar (Psol-RJ) e <a href=\"https:\/\/www.camara.leg.br\/proposicoesWeb\/prop_autores?idProposicao=2369380\">outros 13 parlamentares<\/a> do partido.<\/p>\n<p>A proposta estabelece um protocolo rigoroso que inclui a interrup\u00e7\u00e3o ou at\u00e9 o encerramento definitivo de partidas em caso de manifesta\u00e7\u00f5es preconceituosas.<\/p>\n<p>Al\u00e9m das san\u00e7\u00f5es, o texto prev\u00ea a realiza\u00e7\u00e3o de campanhas educativas constantes e o treinamento obrigat\u00f3rio de funcion\u00e1rios e atletas para lidar com a discrimina\u00e7\u00e3o racial.<\/p>\n<p>A medida foi motivada pelos recorrentes ataques sofridos pelo jogador de futebol Vin\u00edcius J\u00fanior na Europa. A inten\u00e7\u00e3o \u00e9 evitar que epis\u00f3dios semelhantes se repitam no cen\u00e1rio nacional.<\/p>\n<p><strong>Objetivos do programa<br \/><\/strong>Para prevenir e enfrentar casos de racismo em est\u00e1dios e arenas esportivas, o projeto prev\u00ea:<\/p>\n<ul>\n<li>a promo\u00e7\u00e3o de campanhas educativas antes e durante os eventos, com uso de tel\u00f5es, alto-falantes e redes sociais;<\/li>\n<li>a divulga\u00e7\u00e3o de informa\u00e7\u00f5es sobre pol\u00edticas p\u00fablicas de atendimento a v\u00edtimas de discrimina\u00e7\u00e3o racial;<\/li>\n<li>a interrup\u00e7\u00e3o de jogos quando houver manifesta\u00e7\u00f5es racistas, conforme avalia\u00e7\u00e3o das autoridades no local;<\/li>\n<li>a capacita\u00e7\u00e3o de profissionais envolvidos nos eventos para reconhecer e enfrentar condutas discriminat\u00f3rias; e<\/li>\n<li>a cria\u00e7\u00e3o de um protocolo para receber den\u00fancias e acionar autoridades, como juizados especiais, defensorias p\u00fablicas e delegacias.<\/li>\n<\/ul>\n<p>Os deputados que assinam o texto afirmam que, apesar da diversidade \u00e9tnica e cultural do Brasil, o racismo ainda ocorre em diferentes \u00e1reas da sociedade, inclusive no esporte. Por isso, \u00e9 preciso criar mecanismos mais eficazes para prevenir a discrimina\u00e7\u00e3o e punir essas pr\u00e1ticas.<\/p>\n<p><strong>An\u00e1lise na C\u00e2mara<\/strong><br \/>A proposta do Psol est\u00e1 sendo analisada junto com outros dez projetos semelhantes.<\/p>\n<p>Os textos tramitam em <span id=\"4322\" class=\"termoGlossario\" title=\"Rito de tramita\u00e7\u00e3o pelo qual o projeto \u00e9 votado apenas pelas comiss\u00f5es designadas para analis\u00e1-lo, dispensada a delibera\u00e7\u00e3o do Plen\u00e1rio. O projeto perde o car\u00e1ter conclusivo se houver decis\u00e3o divergente entre as comiss\u00f5es ou se, independentemente de ser aprovado ou rejeitado, houver recurso assinado por 52 deputados para a aprecia\u00e7\u00e3o da mat\u00e9ria no Plen\u00e1rio.\" contenteditable=\"false\" data-toggle=\"tooltip\" data-placement=\"top\">car\u00e1ter conclusivo<\/span>, ou seja, podem ser aprovados apenas pelas comiss\u00f5es, sem precisar passar pelo Plen\u00e1rio da C\u00e2mara. Parlamentares de v\u00e1rios partidos, no entanto, querem acelerar a an\u00e1lise da proposta e levar o texto para vota\u00e7\u00e3o no Plen\u00e1rio sem passar pelas comiss\u00f5es.<\/p>\n<p>Para virar lei, a proposta precisa ser aprovada pela C\u00e2mara e pelo Senado.<\/p>\n<p style=\"font-size: 0.8rem; font-weight: 700;\">Da Reda\u00e7\u00e3o &#8211; ND<\/p>\n<\/p><\/div>\n<\/p><\/div>\n<p><br \/>\n<br \/><a href=\"https:\/\/www.camara.leg.br\/noticias\/1248120-projeto-cria-o-programa-vini-jr-de-combate-ao-racismo-em-estadios\/\">postagem original <\/a><\/p>\n","protected":false},"excerpt":{"rendered":"<p>26\/02\/2026 &#8211; 14:48 \u00a0 Kayo Magalh\u00e3es\/C\u00e2mara dos Deputados Chico Alencar, um dos autores do projeto O Projeto de Lei (PL) [&hellip;]<\/p>\n","protected":false},"author":1,"featured_media":6685,"comment_status":"open","ping_status":"open","sticky":false,"template":"","format":"standard","meta":{"site-sidebar-layout":"default","site-content-layout":"","ast-site-content-layout":"default","site-content-style":"default","site-sidebar-style":"default","ast-global-header-display":"","ast-banner-title-visibility":"","ast-main-header-display":"","ast-hfb-above-header-display":"","ast-hfb-below-header-display":"","ast-hfb-mobile-header-display":"","site-post-title":"","ast-breadcrumbs-content":"","ast-featured-img":"","footer-sml-layout":"","theme-transparent-header-meta":"","adv-header-id-meta":"","stick-header-meta":"","header-above-stick-meta":"","header-main-stick-meta":"","header-below-stick-meta":"","astra-migrate-meta-layouts":"default","ast-page-background-enabled":"default","ast-page-background-meta":{"desktop":{"background-color":"var(--ast-global-color-5)","background-image":"","background-repeat":"repeat","background-position":"center center","background-size":"auto","background-attachment":"scroll","background-type":"","background-media":"","overlay-type":"","overlay-color":"","overlay-opacity":"","overlay-gradient":""},"tablet":{"background-color":"","background-image":"","background-repeat":"repeat","background-position":"center center","background-size":"auto","background-attachment":"scroll","background-type":"","background-media":"","overlay-type":"","overlay-color":"","overlay-opacity":"","overlay-gradient":""},"mobile":{"background-color":"","background-image":"","background-repeat":"repeat","background-position":"center center","background-size":"auto","background-attachment":"scroll","background-type":"","background-media":"","overlay-type":"","overlay-color":"","overlay-opacity":"","overlay-gradient":""}},"ast-content-background-meta":{"desktop":{"background-color":"var(--ast-global-color-4)","background-image":"","background-repeat":"repeat","background-position":"center center","background-size":"auto","background-attachment":"scroll","background-type":"","background-media":"","overlay-type":"","overlay-color":"","overlay-opacity":"","overlay-gradient":""},"tablet":{"background-color":"var(--ast-global-color-4)","background-image":"","background-repeat":"repeat","background-position":"center center","background-size":"auto","background-attachment":"scroll","background-type":"","background-media":"","overlay-type":"","overlay-color":"","overlay-opacity":"","overlay-gradient":""},"mobile":{"background-color":"var(--ast-global-color-4)","background-image":"","background-repeat":"repeat","background-position":"center center","background-size":"auto","background-attachment":"scroll","background-type":"","background-media":"","overlay-type":"","overlay-color":"","overlay-opacity":"","overlay-gradient":""}},"_joinchat":[],"footnotes":""},"categories":[31],"tags":[],"_links":{"self":[{"href":"https:\/\/radiosantaclara.sitetopfm.com.br\/site\/wp-json\/wp\/v2\/posts\/6684"}],"collection":[{"href":"https:\/\/radiosantaclara.sitetopfm.com.br\/site\/wp-json\/wp\/v2\/posts"}],"about":[{"href":"https:\/\/radiosantaclara.sitetopfm.com.br\/site\/wp-json\/wp\/v2\/types\/post"}],"author":[{"embeddable":true,"href":"https:\/\/radiosantaclara.sitetopfm.com.br\/site\/wp-json\/wp\/v2\/users\/1"}],"replies":[{"embeddable":true,"href":"https:\/\/radiosantaclara.sitetopfm.com.br\/site\/wp-json\/wp\/v2\/comments?post=6684"}],"version-history":[{"count":0,"href":"https:\/\/radiosantaclara.sitetopfm.com.br\/site\/wp-json\/wp\/v2\/posts\/6684\/revisions"}],"wp:featuredmedia":[{"embeddable":true,"href":"https:\/\/radiosantaclara.sitetopfm.com.br\/site\/wp-json\/wp\/v2\/media\/6685"}],"wp:attachment":[{"href":"https:\/\/radiosantaclara.sitetopfm.com.br\/site\/wp-json\/wp\/v2\/media?parent=6684"}],"wp:term":[{"taxonomy":"category","embeddable":true,"href":"https:\/\/radiosantaclara.sitetopfm.com.br\/site\/wp-json\/wp\/v2\/categories?post=6684"},{"taxonomy":"post_tag","embeddable":true,"href":"https:\/\/radiosantaclara.sitetopfm.com.br\/site\/wp-json\/wp\/v2\/tags?post=6684"}],"curies":[{"name":"wp","href":"https:\/\/api.w.org\/{rel}","templated":true}]}}