{"id":6673,"date":"2026-02-28T18:57:05","date_gmt":"2026-02-28T21:57:05","guid":{"rendered":"https:\/\/radiosantaclara.sitetopfm.com.br\/site\/lider-do-governo-afirma-que-a-prioridade-para-a-proxima-semana-e-a-pec-da-seguranca-noticias\/"},"modified":"2026-02-28T18:57:05","modified_gmt":"2026-02-28T21:57:05","slug":"lider-do-governo-afirma-que-a-prioridade-para-a-proxima-semana-e-a-pec-da-seguranca-noticias","status":"publish","type":"post","link":"https:\/\/radiosantaclara.sitetopfm.com.br\/site\/lider-do-governo-afirma-que-a-prioridade-para-a-proxima-semana-e-a-pec-da-seguranca-noticias\/","title":{"rendered":"L\u00edder do governo afirma que a prioridade para a pr\u00f3xima semana \u00e9 a PEC da Seguran\u00e7a &#8211; Not\u00edcias"},"content":{"rendered":"<p> <br \/>\n<\/p>\n<div>\n<div>\n<p class=\"g-artigo__data-hora\">\n                      26\/02\/2026 &#8211; 13:43 \u00a0\n                    <\/p>\n<div id=\"image-container-1215235\" class=\"image-container\" style=\"float: none; margin: 45px 0px; width: 100%;\" data-midia=\"1215235\">\n<p><em>Marina Ramos \/ C\u00e2mara dos Deputados<\/em><\/p>\n<p>Guimar\u00e3es: proposta \u00e9 a prioridade das prioridades<\/p>\n<\/p><\/div>\n<p>O l\u00edder do governo na C\u00e2mara, deputado Jos\u00e9 Guimar\u00e3es (PT-CE), afirmou que a prioridade de vota\u00e7\u00e3o para a pr\u00f3xima semana \u00e9 a PEC da Seguran\u00e7a P\u00fablica (<a class=\"linkProposicao\" href=\"https:\/\/www.camara.leg.br\/noticias\/1153668-proposta-do-governo-muda-estrutura-da-seguranca-publica-em-busca-de-maior-integracao-na-area\">PEC 18\/25<\/a>). O texto deve ser votado pela <span id=\"4412\" class=\"termoGlossario\" title=\"Comiss\u00e3o tempor\u00e1ria criada para analisar e votar proposta de emenda \u00e0 Constitui\u00e7\u00e3o (PEC), projeto de c\u00f3digo e propostas que envolvam mat\u00e9ria de compet\u00eancia de mais de quatro comiss\u00f5es de m\u00e9rito.\" contenteditable=\"false\" data-toggle=\"tooltip\" data-placement=\"top\">comiss\u00e3o especial<\/span> na quarta-feira (4) e seguir para o Plen\u00e1rio.<\/p>\n<p>Segundo Guimar\u00e3es, o governo vai dialogar com o relator para aprovar a espinha dorsal do texto apresentado pelo Poder Executivo. Ele explicou que h\u00e1 dispositivos na proposta ainda em discuss\u00e3o, como a redu\u00e7\u00e3o da maioridade penal.<\/p>\n<p>\u201cComo \u00e9 um qu\u00f3rum qualificado, \u00e9 prioridade das prioridades. O ministro da Justi\u00e7a est\u00e1 coordenando o debate e tem um tema central na PEC, que o governo vai se posicionar ainda, e que tem algumas restri\u00e7\u00f5es, que \u00e9 a quest\u00e3o da maioridade penal. Mas isso tudo a gente vai debater\u201d, explicou Guimar\u00e3es.<br \/>\u201cAssim como suamos para aprovar o projeto antifac\u00e7\u00e3o, podemos construir um acordo\u201d, afirmou.<\/p>\n<p>O relator, deputado Mendon\u00e7a Filho (Uni\u00e3o-PE), afirmou que o tema \u00e9 a principal diverg\u00eancia entre os deputados. Ele lembrou que a redu\u00e7\u00e3o da maioridade penal para crimes violentos ser\u00e1 decidida pela popula\u00e7\u00e3o em referendo em 2028. O parlamentar disse ainda que os partidos de centro e de direita est\u00e3o favor\u00e1veis \u00e0 proposta.<\/p>\n<p>\u201cEssa resposta a sociedade espera de n\u00f3s, mas tamb\u00e9m temos que ter pol\u00edticas p\u00fablicas de prote\u00e7\u00e3o ao jovem\u201d, disse o relator.<\/p>\n<p style=\"font-size: 0.8rem; font-weight: 700;\">Reportagem \u2013 Luiz Gustavo Xavier<br \/>Edi\u00e7\u00e3o \u2013 Wilson Silveira<\/p>\n<\/p><\/div>\n<\/p><\/div>\n<p><br \/>\n<br \/><a href=\"https:\/\/www.camara.leg.br\/noticias\/1248182-lider-do-governo-afirma-que-a-prioridade-para-a-proxima-semana-e-a-pec-da-seguranca\/\">postagem original <\/a><\/p>\n","protected":false},"excerpt":{"rendered":"<p>26\/02\/2026 &#8211; 13:43 \u00a0 Marina Ramos \/ C\u00e2mara dos Deputados Guimar\u00e3es: proposta \u00e9 a prioridade das prioridades O l\u00edder do [&hellip;]<\/p>\n","protected":false},"author":1,"featured_media":4287,"comment_status":"open","ping_status":"open","sticky":false,"template":"","format":"standard","meta":{"site-sidebar-layout":"default","site-content-layout":"","ast-site-content-layout":"default","site-content-style":"default","site-sidebar-style":"default","ast-global-header-display":"","ast-banner-title-visibility":"","ast-main-header-display":"","ast-hfb-above-header-display":"","ast-hfb-below-header-display":"","ast-hfb-mobile-header-display":"","site-post-title":"","ast-breadcrumbs-content":"","ast-featured-img":"","footer-sml-layout":"","theme-transparent-header-meta":"","adv-header-id-meta":"","stick-header-meta":"","header-above-stick-meta":"","header-main-stick-meta":"","header-below-stick-meta":"","astra-migrate-meta-layouts":"default","ast-page-background-enabled":"default","ast-page-background-meta":{"desktop":{"background-color":"var(--ast-global-color-5)","background-image":"","background-repeat":"repeat","background-position":"center center","background-size":"auto","background-attachment":"scroll","background-type":"","background-media":"","overlay-type":"","overlay-color":"","overlay-opacity":"","overlay-gradient":""},"tablet":{"background-color":"","background-image":"","background-repeat":"repeat","background-position":"center center","background-size":"auto","background-attachment":"scroll","background-type":"","background-media":"","overlay-type":"","overlay-color":"","overlay-opacity":"","overlay-gradient":""},"mobile":{"background-color":"","background-image":"","background-repeat":"repeat","background-position":"center center","background-size":"auto","background-attachment":"scroll","background-type":"","background-media":"","overlay-type":"","overlay-color":"","overlay-opacity":"","overlay-gradient":""}},"ast-content-background-meta":{"desktop":{"background-color":"var(--ast-global-color-4)","background-image":"","background-repeat":"repeat","background-position":"center center","background-size":"auto","background-attachment":"scroll","background-type":"","background-media":"","overlay-type":"","overlay-color":"","overlay-opacity":"","overlay-gradient":""},"tablet":{"background-color":"var(--ast-global-color-4)","background-image":"","background-repeat":"repeat","background-position":"center center","background-size":"auto","background-attachment":"scroll","background-type":"","background-media":"","overlay-type":"","overlay-color":"","overlay-opacity":"","overlay-gradient":""},"mobile":{"background-color":"var(--ast-global-color-4)","background-image":"","background-repeat":"repeat","background-position":"center center","background-size":"auto","background-attachment":"scroll","background-type":"","background-media":"","overlay-type":"","overlay-color":"","overlay-opacity":"","overlay-gradient":""}},"_joinchat":[],"footnotes":""},"categories":[27],"tags":[],"_links":{"self":[{"href":"https:\/\/radiosantaclara.sitetopfm.com.br\/site\/wp-json\/wp\/v2\/posts\/6673"}],"collection":[{"href":"https:\/\/radiosantaclara.sitetopfm.com.br\/site\/wp-json\/wp\/v2\/posts"}],"about":[{"href":"https:\/\/radiosantaclara.sitetopfm.com.br\/site\/wp-json\/wp\/v2\/types\/post"}],"author":[{"embeddable":true,"href":"https:\/\/radiosantaclara.sitetopfm.com.br\/site\/wp-json\/wp\/v2\/users\/1"}],"replies":[{"embeddable":true,"href":"https:\/\/radiosantaclara.sitetopfm.com.br\/site\/wp-json\/wp\/v2\/comments?post=6673"}],"version-history":[{"count":0,"href":"https:\/\/radiosantaclara.sitetopfm.com.br\/site\/wp-json\/wp\/v2\/posts\/6673\/revisions"}],"wp:featuredmedia":[{"embeddable":true,"href":"https:\/\/radiosantaclara.sitetopfm.com.br\/site\/wp-json\/wp\/v2\/media\/4287"}],"wp:attachment":[{"href":"https:\/\/radiosantaclara.sitetopfm.com.br\/site\/wp-json\/wp\/v2\/media?parent=6673"}],"wp:term":[{"taxonomy":"category","embeddable":true,"href":"https:\/\/radiosantaclara.sitetopfm.com.br\/site\/wp-json\/wp\/v2\/categories?post=6673"},{"taxonomy":"post_tag","embeddable":true,"href":"https:\/\/radiosantaclara.sitetopfm.com.br\/site\/wp-json\/wp\/v2\/tags?post=6673"}],"curies":[{"name":"wp","href":"https:\/\/api.w.org\/{rel}","templated":true}]}}