{"id":6658,"date":"2026-02-28T14:46:51","date_gmt":"2026-02-28T17:46:51","guid":{"rendered":"https:\/\/radiosantaclara.sitetopfm.com.br\/site\/deputado-diz-que-bancada-mineira-pode-articular-recursos-no-orcamento-apos-chuvas-em-mg-ouca-a-entrevista-noticias\/"},"modified":"2026-02-28T14:46:51","modified_gmt":"2026-02-28T17:46:51","slug":"deputado-diz-que-bancada-mineira-pode-articular-recursos-no-orcamento-apos-chuvas-em-mg-ouca-a-entrevista-noticias","status":"publish","type":"post","link":"https:\/\/radiosantaclara.sitetopfm.com.br\/site\/deputado-diz-que-bancada-mineira-pode-articular-recursos-no-orcamento-apos-chuvas-em-mg-ouca-a-entrevista-noticias\/","title":{"rendered":"Deputado diz que bancada mineira pode articular recursos no Or\u00e7amento ap\u00f3s chuvas em MG; ou\u00e7a a entrevista &#8211; Not\u00edcias"},"content":{"rendered":"<p> <br \/>\n<\/p>\n<div>\n<p class=\"g-artigo__data-hora\">\n                      27\/02\/2026 &#8211; 09:51 \u00a0\n                    <\/p>\n<div id=\"video-container-1248555\" class=\"embed-responsive embed-responsive-16by9\" style=\"margin-bottom: 18px;\" data-youtube-id=\"StFMjcdXuPE\">\n<p><em>YouTube<\/em><\/p>\n<p><div class=\"ast-oembed-container \" style=\"height: 100%;\"><iframe title=\"Igor Timo fala que bancada mineira pode articular recursos no Or\u00e7amento ap\u00f3s chuvas em MG - 26\/2\/26\" width=\"500\" height=\"281\" src=\"https:\/\/www.youtube.com\/embed\/StFMjcdXuPE?feature=oembed\" frameborder=\"0\" allow=\"accelerometer; autoplay; clipboard-write; encrypted-media; gyroscope; picture-in-picture; web-share\" referrerpolicy=\"strict-origin-when-cross-origin\" allowfullscreen><\/iframe><\/div>\n<\/p><\/div>\n<p>\u00a0<\/p>\n<p>\u00a0<\/p>\n<p><span style=\"box-sizing: border-box; margin: 0px; padding: 0px;\">O coordenador da bancada mineira na C\u00e2mara, deputado Igor Timo (PSD-MG), disse nesta quinta-feira (26), em entrevista \u00e0\u00a0<em>R\u00e1dio C\u00e2mara<\/em>, que o grupo se mobilizar\u00e1 para ajudar munic\u00edpios atingidos pelas fortes chuvas na Zona da Mata, em Minas Gerais.<\/span><\/p>\n<p>O n\u00famero de mortos j\u00e1 passava de 50 nesta quinta. A maioria (47) na cidade de Juiz de Fora. H\u00e1 mortos e desaparecidos tamb\u00e9m em Ub\u00e1.<\/p>\n<p>Chuvas fortes foram registradas tamb\u00e9m nas cidades mineiras de Senador Firmino e Matias Barbosa. Mais de 3000 pessoas est\u00e3o desabrigadas. E as tempestades continuam na regi\u00e3o.<\/p>\n<p>Segundo Igor Timo, a bancada mineira pode atuar na destina\u00e7\u00e3o de emendas parlamentares ao Or\u00e7amento para obras de drenagem e planos de seguran\u00e7a, por exemplo.<\/p>\n<p><strong>Desastre repetido<br \/><\/strong>Timo disse que essa situa\u00e7\u00e3o n\u00e3o \u00e9 surpresa. &#8220;Nos \u00faltimos cinco anos, \u00e9 a terceira vez que temos situa\u00e7\u00f5es como essa. E nos traz uma preocupa\u00e7\u00e3o, de fato, de como as pol\u00edticas p\u00fablicas est\u00e3o sendo desenvolvidas no nosso estado\u201d, criticou.<\/p>\n<p>O deputado quer reunir a bancada para discutir a indica\u00e7\u00e3o de recursos no Or\u00e7amento. &#8220;Para que todos os munic\u00edpios que tenham esse hist\u00f3rico de vir sofrendo cat\u00e1strofes, situa\u00e7\u00f5es de enchente, possam ter, no m\u00ednimo, um plano de seguran\u00e7a feito juntamente com a Defesa Civil e com o Corpo de Bombeiros, para, de forma eficiente, encontrar solu\u00e7\u00f5es em situa\u00e7\u00f5es como essa\u201d, completou o deputado.<\/p>\n<p><b>Medidas anunciadas<br \/><\/b>O governo federal anunciou o envio de R$ 800 por pessoa desabrigada, repassados pelas prefeituras de 18 munic\u00edpios.<\/p>\n<p>Haver\u00e1 tamb\u00e9m a antecipa\u00e7\u00e3o do Bolsa Fam\u00edlia e do Benef\u00edcio de Presta\u00e7\u00e3o Continuada (<span id=\"4328\" class=\"termoGlossario\" title=\"Benef\u00edcio no valor de um sal\u00e1rio m\u00ednimo pago mensalmente a idosos com 65 anos ou mais e a pessoas com defici\u00eancia incapacitadas para a vida independente e para o trabalho. Em ambos os casos, o beneficiado deve pertencer a fam\u00edlia com renda inferior a 1\/4 do sal\u00e1rio m\u00ednimo por pessoa.\" contenteditable=\"false\" data-toggle=\"tooltip\" data-placement=\"top\">BPC<\/span>) nos locais atingidos.<\/p>\n<p>A prefeitura de Juiz de Fora informou que militares do Ex\u00e9rcito refor\u00e7ar\u00e3o o atendimento \u00e0s v\u00edtimas. E o governo de Minas Gerais divulgou a antecipa\u00e7\u00e3o de verbas previstas para o pr\u00f3ximo ano aos munic\u00edpios de Juiz de Fora e de Ub\u00e1.<\/p>\n<p style=\"font-size: 0.8rem; font-weight: 700;\">Da R\u00e1dio C\u00e2mara<br \/>Edi\u00e7\u00e3o &#8211; Natalia Doederlein<\/p>\n<\/p><\/div>\n<p><br \/>\n<br \/><a href=\"https:\/\/www.camara.leg.br\/noticias\/1248552-deputado-diz-que-bancada-mineira-pode-articular-recursos-no-orcamento-apos-chuvas-em-mg-ouca-a-entrevista\/\">postagem original <\/a><\/p>\n","protected":false},"excerpt":{"rendered":"<p>27\/02\/2026 &#8211; 09:51 \u00a0 YouTube \u00a0 \u00a0 O coordenador da bancada mineira na C\u00e2mara, deputado Igor Timo (PSD-MG), disse nesta [&hellip;]<\/p>\n","protected":false},"author":1,"featured_media":5040,"comment_status":"open","ping_status":"open","sticky":false,"template":"","format":"standard","meta":{"site-sidebar-layout":"default","site-content-layout":"","ast-site-content-layout":"default","site-content-style":"default","site-sidebar-style":"default","ast-global-header-display":"","ast-banner-title-visibility":"","ast-main-header-display":"","ast-hfb-above-header-display":"","ast-hfb-below-header-display":"","ast-hfb-mobile-header-display":"","site-post-title":"","ast-breadcrumbs-content":"","ast-featured-img":"","footer-sml-layout":"","theme-transparent-header-meta":"","adv-header-id-meta":"","stick-header-meta":"","header-above-stick-meta":"","header-main-stick-meta":"","header-below-stick-meta":"","astra-migrate-meta-layouts":"default","ast-page-background-enabled":"default","ast-page-background-meta":{"desktop":{"background-color":"var(--ast-global-color-5)","background-image":"","background-repeat":"repeat","background-position":"center center","background-size":"auto","background-attachment":"scroll","background-type":"","background-media":"","overlay-type":"","overlay-color":"","overlay-opacity":"","overlay-gradient":""},"tablet":{"background-color":"","background-image":"","background-repeat":"repeat","background-position":"center center","background-size":"auto","background-attachment":"scroll","background-type":"","background-media":"","overlay-type":"","overlay-color":"","overlay-opacity":"","overlay-gradient":""},"mobile":{"background-color":"","background-image":"","background-repeat":"repeat","background-position":"center center","background-size":"auto","background-attachment":"scroll","background-type":"","background-media":"","overlay-type":"","overlay-color":"","overlay-opacity":"","overlay-gradient":""}},"ast-content-background-meta":{"desktop":{"background-color":"var(--ast-global-color-4)","background-image":"","background-repeat":"repeat","background-position":"center center","background-size":"auto","background-attachment":"scroll","background-type":"","background-media":"","overlay-type":"","overlay-color":"","overlay-opacity":"","overlay-gradient":""},"tablet":{"background-color":"var(--ast-global-color-4)","background-image":"","background-repeat":"repeat","background-position":"center center","background-size":"auto","background-attachment":"scroll","background-type":"","background-media":"","overlay-type":"","overlay-color":"","overlay-opacity":"","overlay-gradient":""},"mobile":{"background-color":"var(--ast-global-color-4)","background-image":"","background-repeat":"repeat","background-position":"center center","background-size":"auto","background-attachment":"scroll","background-type":"","background-media":"","overlay-type":"","overlay-color":"","overlay-opacity":"","overlay-gradient":""}},"_joinchat":[],"footnotes":""},"categories":[28],"tags":[],"_links":{"self":[{"href":"https:\/\/radiosantaclara.sitetopfm.com.br\/site\/wp-json\/wp\/v2\/posts\/6658"}],"collection":[{"href":"https:\/\/radiosantaclara.sitetopfm.com.br\/site\/wp-json\/wp\/v2\/posts"}],"about":[{"href":"https:\/\/radiosantaclara.sitetopfm.com.br\/site\/wp-json\/wp\/v2\/types\/post"}],"author":[{"embeddable":true,"href":"https:\/\/radiosantaclara.sitetopfm.com.br\/site\/wp-json\/wp\/v2\/users\/1"}],"replies":[{"embeddable":true,"href":"https:\/\/radiosantaclara.sitetopfm.com.br\/site\/wp-json\/wp\/v2\/comments?post=6658"}],"version-history":[{"count":0,"href":"https:\/\/radiosantaclara.sitetopfm.com.br\/site\/wp-json\/wp\/v2\/posts\/6658\/revisions"}],"wp:featuredmedia":[{"embeddable":true,"href":"https:\/\/radiosantaclara.sitetopfm.com.br\/site\/wp-json\/wp\/v2\/media\/5040"}],"wp:attachment":[{"href":"https:\/\/radiosantaclara.sitetopfm.com.br\/site\/wp-json\/wp\/v2\/media?parent=6658"}],"wp:term":[{"taxonomy":"category","embeddable":true,"href":"https:\/\/radiosantaclara.sitetopfm.com.br\/site\/wp-json\/wp\/v2\/categories?post=6658"},{"taxonomy":"post_tag","embeddable":true,"href":"https:\/\/radiosantaclara.sitetopfm.com.br\/site\/wp-json\/wp\/v2\/tags?post=6658"}],"curies":[{"name":"wp","href":"https:\/\/api.w.org\/{rel}","templated":true}]}}