{"id":6403,"date":"2026-02-11T17:49:57","date_gmt":"2026-02-11T20:49:57","guid":{"rendered":"https:\/\/radiosantaclara.sitetopfm.com.br\/site\/alexandre-lindenmeyer-e-eleito-para-presidir-comissao-de-fiscalizacao-financeira-noticias\/"},"modified":"2026-02-11T17:49:57","modified_gmt":"2026-02-11T20:49:57","slug":"alexandre-lindenmeyer-e-eleito-para-presidir-comissao-de-fiscalizacao-financeira-noticias","status":"publish","type":"post","link":"https:\/\/radiosantaclara.sitetopfm.com.br\/site\/alexandre-lindenmeyer-e-eleito-para-presidir-comissao-de-fiscalizacao-financeira-noticias\/","title":{"rendered":"Alexandre Lindenmeyer \u00e9 eleito para presidir Comiss\u00e3o de Fiscaliza\u00e7\u00e3o Financeira &#8211; Not\u00edcias"},"content":{"rendered":"<p> <br \/>\n<\/p>\n<div>\n<div>\n<p class=\"g-artigo__data-hora\">\n                      11\/02\/2026 &#8211; 14:33 \u00a0\n                    <\/p>\n<div id=\"image-container-1244827\" class=\"image-container\" style=\"float: none; margin: 45px 0px; width: 100%;\" data-midia=\"1244827\">\n<p><em>Renato Ara\u00fajo\/C\u00e2mara dos Deputados<\/em><\/p>\n<p>Deputado Alexandre Lindenmeyer, novo presidente da Comiss\u00e3o de Fiscaliza\u00e7\u00e3o<\/p>\n<\/p><\/div>\n<p>O deputado Alexandre Lindenmeyer (PT-RS) \u00e9 o novo presidente da Comiss\u00e3o de Fiscaliza\u00e7\u00e3o Financeira e Controle da C\u00e2mara. Ser\u00e1 o segundo ano seguido em que o PT (federa\u00e7\u00e3o PT-PC do B-PV) ter\u00e1 o comando da comiss\u00e3o.<\/p>\n<p>Houve um acordo entre os l\u00edderes partid\u00e1rios e o presidente da C\u00e2mara, deputado Hugo Motta (Republicanos-PB), para que a distribui\u00e7\u00e3o das presid\u00eancias de comiss\u00e3o em 2026 repetisse o entendimento do ano passado. Lindenmeyer substitui o deputado Rog\u00e9rio Correia (PT-MG).<\/p>\n<p>Foram eleitos para primeiro vice-presidente da Comiss\u00e3o de Fiscaliza\u00e7\u00e3o Financeira e Controle o deputado Dimas Gadelha (PT-RJ) e, para terceiro vice-presidente, o deputado Marcos Tavares (PDT-RJ). A comiss\u00e3o n\u00e3o realizou a elei\u00e7\u00e3o para a 2\u00aa vice-presid\u00eancia porque n\u00e3o houve indica\u00e7\u00e3o formal de candidato at\u00e9 o in\u00edcio da vota\u00e7\u00e3o.<\/p>\n<p>O novo presidente da Comiss\u00e3o destacou que o colegiado vai trabalhar na fiscaliza\u00e7\u00e3o dos gastos p\u00fablicos ao longo do ano. Ele explicou como ser\u00e1 o in\u00edcio dos trabalhos.<\/p>\n<p>\u201cO que n\u00f3s faremos primeiro \u00e9 reunir os deputados que est\u00e3o vinculados a essa comiss\u00e3o, analisar todos os projetos, todas as discuss\u00f5es que ficaram pendentes ainda do ano passado e, a partir da\u00ed, estabeleceremos os regramentos, os procedimentos dentro da comiss\u00e3o, e tamb\u00e9m as prioridades, quais os temas que estar\u00e3o sendo colocados&#8221;, disse.<\/p>\n<p><strong>Biografia<\/strong><br \/>Alexandre Lindenmeyer \u00e9 ga\u00facho da cidade de Rio Grande, \u00e9 advogado de forma\u00e7\u00e3o e no ano passado foi segundo vice-presidente da Comiss\u00e3o de Trabalho da C\u00e2mara. Entre 2011 e 2013 foi deputado estadual e depois prefeito de Rio Grande por dois mandatos. Est\u00e1 em seu primeiro mandato como deputado federal.<\/p>\n<p style=\"font-size: 0.8rem; font-weight: 700;\">Reportagem \u2013 Luiz Cl\u00e1udio Canuto<br \/>Edi\u00e7\u00e3o \u2013 Roberto Seabra<\/p>\n<\/p><\/div>\n<\/p><\/div>\n<p><br \/>\n<br \/><a href=\"https:\/\/www.camara.leg.br\/noticias\/1244783-alexandre-lindenmeyer-e-eleito-para-presidir-comissao-de-fiscalizacao-financeira\/\">postagem original <\/a><\/p>\n","protected":false},"excerpt":{"rendered":"<p>11\/02\/2026 &#8211; 14:33 \u00a0 Renato Ara\u00fajo\/C\u00e2mara dos Deputados Deputado Alexandre Lindenmeyer, novo presidente da Comiss\u00e3o de Fiscaliza\u00e7\u00e3o O deputado Alexandre [&hellip;]<\/p>\n","protected":false},"author":1,"featured_media":6404,"comment_status":"open","ping_status":"open","sticky":false,"template":"","format":"standard","meta":{"site-sidebar-layout":"default","site-content-layout":"","ast-site-content-layout":"default","site-content-style":"default","site-sidebar-style":"default","ast-global-header-display":"","ast-banner-title-visibility":"","ast-main-header-display":"","ast-hfb-above-header-display":"","ast-hfb-below-header-display":"","ast-hfb-mobile-header-display":"","site-post-title":"","ast-breadcrumbs-content":"","ast-featured-img":"","footer-sml-layout":"","theme-transparent-header-meta":"","adv-header-id-meta":"","stick-header-meta":"","header-above-stick-meta":"","header-main-stick-meta":"","header-below-stick-meta":"","astra-migrate-meta-layouts":"default","ast-page-background-enabled":"default","ast-page-background-meta":{"desktop":{"background-color":"var(--ast-global-color-5)","background-image":"","background-repeat":"repeat","background-position":"center center","background-size":"auto","background-attachment":"scroll","background-type":"","background-media":"","overlay-type":"","overlay-color":"","overlay-opacity":"","overlay-gradient":""},"tablet":{"background-color":"","background-image":"","background-repeat":"repeat","background-position":"center center","background-size":"auto","background-attachment":"scroll","background-type":"","background-media":"","overlay-type":"","overlay-color":"","overlay-opacity":"","overlay-gradient":""},"mobile":{"background-color":"","background-image":"","background-repeat":"repeat","background-position":"center center","background-size":"auto","background-attachment":"scroll","background-type":"","background-media":"","overlay-type":"","overlay-color":"","overlay-opacity":"","overlay-gradient":""}},"ast-content-background-meta":{"desktop":{"background-color":"var(--ast-global-color-4)","background-image":"","background-repeat":"repeat","background-position":"center center","background-size":"auto","background-attachment":"scroll","background-type":"","background-media":"","overlay-type":"","overlay-color":"","overlay-opacity":"","overlay-gradient":""},"tablet":{"background-color":"var(--ast-global-color-4)","background-image":"","background-repeat":"repeat","background-position":"center center","background-size":"auto","background-attachment":"scroll","background-type":"","background-media":"","overlay-type":"","overlay-color":"","overlay-opacity":"","overlay-gradient":""},"mobile":{"background-color":"var(--ast-global-color-4)","background-image":"","background-repeat":"repeat","background-position":"center center","background-size":"auto","background-attachment":"scroll","background-type":"","background-media":"","overlay-type":"","overlay-color":"","overlay-opacity":"","overlay-gradient":""}},"_joinchat":[],"footnotes":""},"categories":[27],"tags":[],"_links":{"self":[{"href":"https:\/\/radiosantaclara.sitetopfm.com.br\/site\/wp-json\/wp\/v2\/posts\/6403"}],"collection":[{"href":"https:\/\/radiosantaclara.sitetopfm.com.br\/site\/wp-json\/wp\/v2\/posts"}],"about":[{"href":"https:\/\/radiosantaclara.sitetopfm.com.br\/site\/wp-json\/wp\/v2\/types\/post"}],"author":[{"embeddable":true,"href":"https:\/\/radiosantaclara.sitetopfm.com.br\/site\/wp-json\/wp\/v2\/users\/1"}],"replies":[{"embeddable":true,"href":"https:\/\/radiosantaclara.sitetopfm.com.br\/site\/wp-json\/wp\/v2\/comments?post=6403"}],"version-history":[{"count":0,"href":"https:\/\/radiosantaclara.sitetopfm.com.br\/site\/wp-json\/wp\/v2\/posts\/6403\/revisions"}],"wp:featuredmedia":[{"embeddable":true,"href":"https:\/\/radiosantaclara.sitetopfm.com.br\/site\/wp-json\/wp\/v2\/media\/6404"}],"wp:attachment":[{"href":"https:\/\/radiosantaclara.sitetopfm.com.br\/site\/wp-json\/wp\/v2\/media?parent=6403"}],"wp:term":[{"taxonomy":"category","embeddable":true,"href":"https:\/\/radiosantaclara.sitetopfm.com.br\/site\/wp-json\/wp\/v2\/categories?post=6403"},{"taxonomy":"post_tag","embeddable":true,"href":"https:\/\/radiosantaclara.sitetopfm.com.br\/site\/wp-json\/wp\/v2\/tags?post=6403"}],"curies":[{"name":"wp","href":"https:\/\/api.w.org\/{rel}","templated":true}]}}