{"id":6112,"date":"2026-01-26T15:11:35","date_gmt":"2026-01-26T18:11:35","guid":{"rendered":"https:\/\/radiosantaclara.sitetopfm.com.br\/site\/comissao-aprova-politica-nacional-para-prevenir-doencas-cardiovasculares-em-mulheres-noticias\/"},"modified":"2026-01-26T15:11:35","modified_gmt":"2026-01-26T18:11:35","slug":"comissao-aprova-politica-nacional-para-prevenir-doencas-cardiovasculares-em-mulheres-noticias","status":"publish","type":"post","link":"https:\/\/radiosantaclara.sitetopfm.com.br\/site\/comissao-aprova-politica-nacional-para-prevenir-doencas-cardiovasculares-em-mulheres-noticias\/","title":{"rendered":"Comiss\u00e3o aprova pol\u00edtica nacional para prevenir doen\u00e7as cardiovasculares em mulheres &#8211; Not\u00edcias"},"content":{"rendered":"<p> <br \/>\n<\/p>\n<div>\n<div>\n<p class=\"g-artigo__data-hora\">\n                      22\/01\/2026 &#8211; 13:43 \u00a0\n                    <\/p>\n<div id=\"image-container-1237552\" class=\"image-container\" style=\"float: none; margin: 45px 0px; width: 100%;\" data-midia=\"1237552\">\n<p><em>M\u00e1rio Agra\/C\u00e2mara dos Deputados<\/em><\/p>\n<p>Duda Ramos recomendou a aprova\u00e7\u00e3o da proposta<\/p>\n<\/p><\/div>\n<p>A Comiss\u00e3o de Defesa dos Direitos da Mulher da C\u00e2mara dos Deputados aprovou, em dezembro, o Projeto de Lei 1538\/25, do deputado Josenildo (PDT-AP), que cria a Pol\u00edtica Nacional de Preven\u00e7\u00e3o das Doen\u00e7as Cardiovasculares na Mulher.<\/p>\n<p>Atualmente, as doen\u00e7as cardiovasculares s\u00e3o a principal causa de morte entre mulheres no Brasil, e o objetivo do projeto \u00e9 orientar a\u00e7\u00f5es espec\u00edficas de sa\u00fade \u00e0s especificidades do p\u00fablico feminino.<\/p>\n<p><strong>Eixos principais<\/strong><br \/>De acordo com o texto aprovado, a nova pol\u00edtica p\u00fablica dever\u00e1 seguir os seguintes pontos:<\/p>\n<ul>\n<li>Preven\u00e7\u00e3o e Tratamento: garantir que o Sistema \u00danico de Sa\u00fade (SUS) ofere\u00e7a exames, acompanhamento e cuidados voltados \u00e0 sa\u00fade do cora\u00e7\u00e3o da mulher;<\/li>\n<li data-path-to-node=\"9,1,0\">Informa\u00e7\u00e3o: promover campanhas para que as mulheres aprendam a identificar sintomas de infarto e outros problemas cardiovasculares, que muitas vezes s\u00e3o diferentes dos apresentados pelos homens;<\/li>\n<li data-path-to-node=\"9,2,0\">Reconhecimento das diferen\u00e7as biol\u00f3gicas e sociais<strong data-path-to-node=\"9,2,0\" data-index-in-node=\"0\">:<\/strong> o sistema de sa\u00fade deve reconhecer as diferen\u00e7as hormonais e sociais que influenciam a sa\u00fade cardiovascular feminina.<\/li>\n<\/ul>\n<p data-path-to-node=\"12\"><strong>Parecer favor\u00e1vel<\/strong><br \/>O relator, deputado Duda Ramos (MDB-RR), deu parecer favor\u00e1vel \u00e0 medida. Ele refor\u00e7a que o corpo feminino apresenta sinais e riscos diferentes do masculino, o que exige um atendimento m\u00e9dico especializado e campanhas de alerta direcionadas.<\/p>\n<p>\u201cA cria\u00e7\u00e3o dessa pol\u00edtica \u00e9 uma medida de &#8220;equidade&#8221;, garantindo que o atendimento de sa\u00fade seja justo e leve em conta as necessidades reais da popula\u00e7\u00e3o feminina\u201d, afirmou o parlamentar.<\/p>\n<p><strong>Pr\u00f3ximos passos<br \/><\/strong>O projeto, que tramita em <span id=\"4322\" class=\"termoGlossario\" title=\"Rito de tramita\u00e7\u00e3o pelo qual o projeto \u00e9 votado apenas pelas comiss\u00f5es designadas para analis\u00e1-lo, dispensada a delibera\u00e7\u00e3o do Plen\u00e1rio. O projeto perde o car\u00e1ter conclusivo se houver decis\u00e3o divergente entre as comiss\u00f5es ou se, independentemente de ser aprovado ou rejeitado, houver recurso assinado por 52 deputados para a aprecia\u00e7\u00e3o da mat\u00e9ria no Plen\u00e1rio.\" contenteditable=\"false\" data-toggle=\"tooltip\" data-placement=\"top\">car\u00e1ter conclusivo<\/span>, segue para an\u00e1lise das comiss\u00f5es de Sa\u00fade; e de Constitui\u00e7\u00e3o e Justi\u00e7a e de Cidadania. Para virar lei, o texto precisa ser aprovado pela C\u00e2mara e pelo Senado.<\/p>\n<p style=\"font-size: 0.8rem; font-weight: 700;\">Reportagem \u2013 Luiz Gustavo Xavier<br \/>Edi\u00e7\u00e3o \u2013 Natalia Doederlein<\/p>\n<\/p><\/div>\n<\/p><\/div>\n<p><br \/>\n<br \/><a href=\"https:\/\/www.camara.leg.br\/noticias\/1239522-comissao-aprova-politica-nacional-para-prevenir-doencas-cardiovasculares-em-mulheres\/\">postagem original <\/a><\/p>\n","protected":false},"excerpt":{"rendered":"<p>22\/01\/2026 &#8211; 13:43 \u00a0 M\u00e1rio Agra\/C\u00e2mara dos Deputados Duda Ramos recomendou a aprova\u00e7\u00e3o da proposta A Comiss\u00e3o de Defesa dos [&hellip;]<\/p>\n","protected":false},"author":1,"featured_media":5897,"comment_status":"open","ping_status":"open","sticky":false,"template":"","format":"standard","meta":{"site-sidebar-layout":"default","site-content-layout":"","ast-site-content-layout":"default","site-content-style":"default","site-sidebar-style":"default","ast-global-header-display":"","ast-banner-title-visibility":"","ast-main-header-display":"","ast-hfb-above-header-display":"","ast-hfb-below-header-display":"","ast-hfb-mobile-header-display":"","site-post-title":"","ast-breadcrumbs-content":"","ast-featured-img":"","footer-sml-layout":"","theme-transparent-header-meta":"","adv-header-id-meta":"","stick-header-meta":"","header-above-stick-meta":"","header-main-stick-meta":"","header-below-stick-meta":"","astra-migrate-meta-layouts":"default","ast-page-background-enabled":"default","ast-page-background-meta":{"desktop":{"background-color":"var(--ast-global-color-5)","background-image":"","background-repeat":"repeat","background-position":"center center","background-size":"auto","background-attachment":"scroll","background-type":"","background-media":"","overlay-type":"","overlay-color":"","overlay-opacity":"","overlay-gradient":""},"tablet":{"background-color":"","background-image":"","background-repeat":"repeat","background-position":"center center","background-size":"auto","background-attachment":"scroll","background-type":"","background-media":"","overlay-type":"","overlay-color":"","overlay-opacity":"","overlay-gradient":""},"mobile":{"background-color":"","background-image":"","background-repeat":"repeat","background-position":"center center","background-size":"auto","background-attachment":"scroll","background-type":"","background-media":"","overlay-type":"","overlay-color":"","overlay-opacity":"","overlay-gradient":""}},"ast-content-background-meta":{"desktop":{"background-color":"var(--ast-global-color-4)","background-image":"","background-repeat":"repeat","background-position":"center center","background-size":"auto","background-attachment":"scroll","background-type":"","background-media":"","overlay-type":"","overlay-color":"","overlay-opacity":"","overlay-gradient":""},"tablet":{"background-color":"var(--ast-global-color-4)","background-image":"","background-repeat":"repeat","background-position":"center center","background-size":"auto","background-attachment":"scroll","background-type":"","background-media":"","overlay-type":"","overlay-color":"","overlay-opacity":"","overlay-gradient":""},"mobile":{"background-color":"var(--ast-global-color-4)","background-image":"","background-repeat":"repeat","background-position":"center center","background-size":"auto","background-attachment":"scroll","background-type":"","background-media":"","overlay-type":"","overlay-color":"","overlay-opacity":"","overlay-gradient":""}},"_joinchat":[],"footnotes":""},"categories":[26],"tags":[],"_links":{"self":[{"href":"https:\/\/radiosantaclara.sitetopfm.com.br\/site\/wp-json\/wp\/v2\/posts\/6112"}],"collection":[{"href":"https:\/\/radiosantaclara.sitetopfm.com.br\/site\/wp-json\/wp\/v2\/posts"}],"about":[{"href":"https:\/\/radiosantaclara.sitetopfm.com.br\/site\/wp-json\/wp\/v2\/types\/post"}],"author":[{"embeddable":true,"href":"https:\/\/radiosantaclara.sitetopfm.com.br\/site\/wp-json\/wp\/v2\/users\/1"}],"replies":[{"embeddable":true,"href":"https:\/\/radiosantaclara.sitetopfm.com.br\/site\/wp-json\/wp\/v2\/comments?post=6112"}],"version-history":[{"count":0,"href":"https:\/\/radiosantaclara.sitetopfm.com.br\/site\/wp-json\/wp\/v2\/posts\/6112\/revisions"}],"wp:featuredmedia":[{"embeddable":true,"href":"https:\/\/radiosantaclara.sitetopfm.com.br\/site\/wp-json\/wp\/v2\/media\/5897"}],"wp:attachment":[{"href":"https:\/\/radiosantaclara.sitetopfm.com.br\/site\/wp-json\/wp\/v2\/media?parent=6112"}],"wp:term":[{"taxonomy":"category","embeddable":true,"href":"https:\/\/radiosantaclara.sitetopfm.com.br\/site\/wp-json\/wp\/v2\/categories?post=6112"},{"taxonomy":"post_tag","embeddable":true,"href":"https:\/\/radiosantaclara.sitetopfm.com.br\/site\/wp-json\/wp\/v2\/tags?post=6112"}],"curies":[{"name":"wp","href":"https:\/\/api.w.org\/{rel}","templated":true}]}}