{"id":6049,"date":"2026-01-20T16:46:33","date_gmt":"2026-01-20T19:46:33","guid":{"rendered":"https:\/\/radiosantaclara.sitetopfm.com.br\/site\/comissao-aprova-tarifa-social-de-energia-para-areas-comuns-de-predios-populares-noticias\/"},"modified":"2026-01-20T16:46:33","modified_gmt":"2026-01-20T19:46:33","slug":"comissao-aprova-tarifa-social-de-energia-para-areas-comuns-de-predios-populares-noticias","status":"publish","type":"post","link":"https:\/\/radiosantaclara.sitetopfm.com.br\/site\/comissao-aprova-tarifa-social-de-energia-para-areas-comuns-de-predios-populares-noticias\/","title":{"rendered":"Comiss\u00e3o aprova tarifa social de energia para \u00e1reas comuns de pr\u00e9dios populares &#8211; Not\u00edcias"},"content":{"rendered":"<p> <br \/>\n<\/p>\n<div>\n<p class=\"g-artigo__data-hora\">\n                      20\/01\/2026 &#8211; 16:15 \u00a0\n                    <\/p>\n<div id=\"image-container-1239329\" class=\"image-container\" style=\"float: none; margin: 45px 0px; width: 100%;\" data-midia=\"1239329\">\n<p><em>Kayo Magalh\u00e3es\/C\u00e2mara dos Deputados<\/em><\/p>\n<p>Domingos Neto incluiu no texto a previs\u00e3o de investimento em energia solar nos pr\u00e9dios<\/p>\n<\/p><\/div>\n<p>A Comiss\u00e3o de Minas e Energia da C\u00e2mara dos Deputados aprovou, em dezembro, projeto de lei que estende a tarifa social de energia el\u00e9trica para as \u00e1reas de uso comum de pr\u00e9dios populares. O benef\u00edcio ser\u00e1 destinado a condom\u00ednios de fam\u00edlias de baixa renda, como os do programa Minha Casa, Minha Vida.<\/p>\n<p>O texto aprovado \u00e9 o <span id=\"4098\" class=\"termoGlossario\" title=\"Nome que se d\u00e1 ao texto que altera substancialmente o conte\u00fado original da proposta. O substitutivo \u00e9 apresentado pelo relator e tem prefer\u00eancia na vota\u00e7\u00e3o sobre o projeto original.\" contenteditable=\"false\" data-toggle=\"tooltip\" data-placement=\"top\">substitutivo<\/span> do relator, deputado Domingos Neto (PSD-CE), ao Projeto de Lei 4679\/23, do deputado Ac\u00e1cio Favacho (MDB-AP). Al\u00e9m do desconto na conta de luz, o novo texto obriga as distribuidoras de energia a investirem em gera\u00e7\u00e3o solar nessas edifica\u00e7\u00f5es.<\/p>\n<p>\u201cOs custos compartilhados em condom\u00ednios s\u00e3o uma armadilha financeira para a maior parte dos benefici\u00e1rios de programas habitacionais, que possuem renda limitada. Esses gastos podem at\u00e9 inviabilizar a perman\u00eancia no im\u00f3vel, esvaziando, na pr\u00e1tica, o prop\u00f3sito dos programas de promover dignidade e inclus\u00e3o social\u201d, observa o relator.<\/p>\n<p><strong>Benef\u00edcio ampliado<br \/><\/strong>Atualmente, a tarifa social j\u00e1 beneficia fam\u00edlias de baixa renda em suas resid\u00eancias. A proposta aprovada inclui no benef\u00edcio as instala\u00e7\u00f5es el\u00e9tricas de \u00e1reas comuns, como a ilumina\u00e7\u00e3o de corredores e o bombeamento de \u00e1gua pot\u00e1vel.<\/p>\n<p><strong>Energia solar<\/strong><br \/>O substitutivo aprovado traz uma inova\u00e7\u00e3o: determina que parte dos recursos que as distribuidoras devem investir em efici\u00eancia energ\u00e9tica seja aplicada em micro e minigera\u00e7\u00e3o distribu\u00edda tanto nas unidades residenciais quanto nas \u00e1reas comuns de pr\u00e9dios destinados a fam\u00edlias de baixa renda da Faixa Urbano 1.<\/p>\n<p><strong>Pr\u00f3ximas etapas<br \/><\/strong>A proposta ser\u00e1 ainda analisada, em <span id=\"4322\" class=\"termoGlossario\" title=\"Rito de tramita\u00e7\u00e3o pelo qual o projeto \u00e9 votado apenas pelas comiss\u00f5es designadas para analis\u00e1-lo, dispensada a delibera\u00e7\u00e3o do Plen\u00e1rio. O projeto perde o car\u00e1ter conclusivo se houver decis\u00e3o divergente entre as comiss\u00f5es ou se, independentemente de ser aprovado ou rejeitado, houver recurso assinado por 52 deputados para a aprecia\u00e7\u00e3o da mat\u00e9ria no Plen\u00e1rio.\" contenteditable=\"false\" data-toggle=\"tooltip\" data-placement=\"top\">car\u00e1ter conclusivo<\/span>, pelas comiss\u00f5es de Finan\u00e7as e Tributa\u00e7\u00e3o; e de Constitui\u00e7\u00e3o e Justi\u00e7a e de Cidadania.<\/p>\n<p>Para virar lei, o texto deve ser aprovado pela C\u00e2mara e pelo Senado.<\/p>\n<p><a href=\"https:\/\/www.camara.leg.br\/noticias\/573454-SAIBA-MAIS-SOBRE-A-TRAMITACAO-DE-PROJETOS-DE-LEI\">Saiba mais sobre a tramita\u00e7\u00e3o de projetos de lei<\/a><\/p>\n<p style=\"font-size: 0.8rem; font-weight: 700;\">Reportagem \u2013 Murilo Souza<br \/>Edi\u00e7\u00e3o \u2013 Pierre Triboli<\/p>\n<\/p><\/div>\n<p><br \/>\n<br \/><a href=\"https:\/\/www.camara.leg.br\/noticias\/1239287-comissao-aprova-tarifa-social-de-energia-para-areas-comuns-de-predios-populares\/\">postagem original <\/a><\/p>\n","protected":false},"excerpt":{"rendered":"<p>20\/01\/2026 &#8211; 16:15 \u00a0 Kayo Magalh\u00e3es\/C\u00e2mara dos Deputados Domingos Neto incluiu no texto a previs\u00e3o de investimento em energia solar [&hellip;]<\/p>\n","protected":false},"author":1,"featured_media":6050,"comment_status":"open","ping_status":"open","sticky":false,"template":"","format":"standard","meta":{"site-sidebar-layout":"default","site-content-layout":"","ast-site-content-layout":"default","site-content-style":"default","site-sidebar-style":"default","ast-global-header-display":"","ast-banner-title-visibility":"","ast-main-header-display":"","ast-hfb-above-header-display":"","ast-hfb-below-header-display":"","ast-hfb-mobile-header-display":"","site-post-title":"","ast-breadcrumbs-content":"","ast-featured-img":"","footer-sml-layout":"","theme-transparent-header-meta":"","adv-header-id-meta":"","stick-header-meta":"","header-above-stick-meta":"","header-main-stick-meta":"","header-below-stick-meta":"","astra-migrate-meta-layouts":"default","ast-page-background-enabled":"default","ast-page-background-meta":{"desktop":{"background-color":"var(--ast-global-color-5)","background-image":"","background-repeat":"repeat","background-position":"center center","background-size":"auto","background-attachment":"scroll","background-type":"","background-media":"","overlay-type":"","overlay-color":"","overlay-opacity":"","overlay-gradient":""},"tablet":{"background-color":"","background-image":"","background-repeat":"repeat","background-position":"center center","background-size":"auto","background-attachment":"scroll","background-type":"","background-media":"","overlay-type":"","overlay-color":"","overlay-opacity":"","overlay-gradient":""},"mobile":{"background-color":"","background-image":"","background-repeat":"repeat","background-position":"center center","background-size":"auto","background-attachment":"scroll","background-type":"","background-media":"","overlay-type":"","overlay-color":"","overlay-opacity":"","overlay-gradient":""}},"ast-content-background-meta":{"desktop":{"background-color":"var(--ast-global-color-4)","background-image":"","background-repeat":"repeat","background-position":"center center","background-size":"auto","background-attachment":"scroll","background-type":"","background-media":"","overlay-type":"","overlay-color":"","overlay-opacity":"","overlay-gradient":""},"tablet":{"background-color":"var(--ast-global-color-4)","background-image":"","background-repeat":"repeat","background-position":"center center","background-size":"auto","background-attachment":"scroll","background-type":"","background-media":"","overlay-type":"","overlay-color":"","overlay-opacity":"","overlay-gradient":""},"mobile":{"background-color":"var(--ast-global-color-4)","background-image":"","background-repeat":"repeat","background-position":"center center","background-size":"auto","background-attachment":"scroll","background-type":"","background-media":"","overlay-type":"","overlay-color":"","overlay-opacity":"","overlay-gradient":""}},"_joinchat":[],"footnotes":""},"categories":[34],"tags":[],"_links":{"self":[{"href":"https:\/\/radiosantaclara.sitetopfm.com.br\/site\/wp-json\/wp\/v2\/posts\/6049"}],"collection":[{"href":"https:\/\/radiosantaclara.sitetopfm.com.br\/site\/wp-json\/wp\/v2\/posts"}],"about":[{"href":"https:\/\/radiosantaclara.sitetopfm.com.br\/site\/wp-json\/wp\/v2\/types\/post"}],"author":[{"embeddable":true,"href":"https:\/\/radiosantaclara.sitetopfm.com.br\/site\/wp-json\/wp\/v2\/users\/1"}],"replies":[{"embeddable":true,"href":"https:\/\/radiosantaclara.sitetopfm.com.br\/site\/wp-json\/wp\/v2\/comments?post=6049"}],"version-history":[{"count":0,"href":"https:\/\/radiosantaclara.sitetopfm.com.br\/site\/wp-json\/wp\/v2\/posts\/6049\/revisions"}],"wp:featuredmedia":[{"embeddable":true,"href":"https:\/\/radiosantaclara.sitetopfm.com.br\/site\/wp-json\/wp\/v2\/media\/6050"}],"wp:attachment":[{"href":"https:\/\/radiosantaclara.sitetopfm.com.br\/site\/wp-json\/wp\/v2\/media?parent=6049"}],"wp:term":[{"taxonomy":"category","embeddable":true,"href":"https:\/\/radiosantaclara.sitetopfm.com.br\/site\/wp-json\/wp\/v2\/categories?post=6049"},{"taxonomy":"post_tag","embeddable":true,"href":"https:\/\/radiosantaclara.sitetopfm.com.br\/site\/wp-json\/wp\/v2\/tags?post=6049"}],"curies":[{"name":"wp","href":"https:\/\/api.w.org\/{rel}","templated":true}]}}