{"id":5989,"date":"2026-01-15T18:44:36","date_gmt":"2026-01-15T21:44:36","guid":{"rendered":"https:\/\/radiosantaclara.sitetopfm.com.br\/site\/comissao-aprova-criacao-de-politica-para-o-tratamento-do-lipedema-no-sus-noticias\/"},"modified":"2026-01-15T18:44:36","modified_gmt":"2026-01-15T21:44:36","slug":"comissao-aprova-criacao-de-politica-para-o-tratamento-do-lipedema-no-sus-noticias","status":"publish","type":"post","link":"https:\/\/radiosantaclara.sitetopfm.com.br\/site\/comissao-aprova-criacao-de-politica-para-o-tratamento-do-lipedema-no-sus-noticias\/","title":{"rendered":"Comiss\u00e3o aprova cria\u00e7\u00e3o de pol\u00edtica para o tratamento do lipedema no SUS &#8211; Not\u00edcias"},"content":{"rendered":"<p> <br \/>\n<\/p>\n<div>\n<p class=\"g-artigo__data-hora\">\n                      15\/01\/2026 &#8211; 18:04 \u00a0\n                    <\/p>\n<div id=\"image-container-1238690\" class=\"image-container\" style=\"float: none; margin: 45px 0px; width: 100%;\" data-midia=\"1238690\">\n<p><em>Vinicius Loures \/ C\u00e2mara dos Deputados<\/em><\/p>\n<p>Texto da relatora, Rog\u00e9ria Santos, consolida diversas propostas sobre o tema<\/p>\n<\/p><\/div>\n<p>A Comiss\u00e3o de Sa\u00fade da C\u00e2mara dos Deputados aprovou, em dezembro, projeto de lei que cria a Pol\u00edtica Nacional de Aten\u00e7\u00e3o \u00e0s Pessoas com Lipedema. O texto aprovado consolida o Projeto de Lei 5582\/23, da deputada Soraya Santos (PL-RJ), e outras seis propostas que tramitam em conjunto.<\/p>\n<p>O lipedema \u00e9 uma doen\u00e7a cr\u00f4nica e inflamat\u00f3ria que causa o ac\u00famulo desproporcional de gordura, principalmente nos membros, e \u00e9 frequentemente acompanhada de dor (veja infogr\u00e1fico abaixo).<\/p>\n<p>A nova pol\u00edtica tem como objetivo promover a conscientiza\u00e7\u00e3o sobre a doen\u00e7a, qualificar o atendimento no sistema de sa\u00fade e estimular a pesquisa cient\u00edfica no Brasil.<\/p>\n<p><strong>Diretrizes e Conscientiza\u00e7\u00e3o<\/strong><br \/>O <span id=\"4098\" class=\"termoGlossario\" title=\"Nome que se d\u00e1 ao texto que altera substancialmente o conte\u00fado original da proposta. O substitutivo \u00e9 apresentado pelo relator e tem prefer\u00eancia na vota\u00e7\u00e3o sobre o projeto original.\" contenteditable=\"false\" data-toggle=\"tooltip\" data-placement=\"top\">substitutivo<\/span> aprovado, apresentado pela relatora, deputada Rog\u00e9ria Santos (Republicanos-BA), estabelece como diretrizes para a aten\u00e7\u00e3o integral aos pacientes:<\/p>\n<ul>\n<li>\u2028o incentivo \u00e0 cria\u00e7\u00e3o e divulga\u00e7\u00e3o de protocolos cl\u00ednicos e diretrizes terap\u00eauticas pelas inst\u00e2ncias competentes;<\/li>\n<li>o est\u00edmulo ao treinamento de profissionais de sa\u00fade para o diagn\u00f3stico correto e o tratamento da doen\u00e7a;<\/li>\n<li>a promo\u00e7\u00e3o de campanhas de conscientiza\u00e7\u00e3o, com foco em mulheres e grupos mais afetados; e<\/li>\n<li>a inclus\u00e3o do tema nos curr\u00edculos para incentivar estudos cient\u00edficos sobre a condi\u00e7\u00e3o.<\/li>\n<\/ul>\n<p>A relatora explicou que os projetos originais continham dispositivos que criavam obriga\u00e7\u00f5es administrativas diretas para o Poder Executivo \u2014 como a determina\u00e7\u00e3o imediata de novos procedimentos no SUS ou mudan\u00e7as em curr\u00edculos acad\u00eamicos \u2014, o que \u00e9 proibido pelo processo legislativo<\/p>\n<p>O novo texto estabelece apenas as diretrizes gerais da pol\u00edtica, respeitando a autonomia t\u00e9cnica do Minist\u00e9rio da Sa\u00fade e de \u00f3rg\u00e3os reguladores como a Ag\u00eancia Nacional de Sa\u00fade Suplementar (ANS) e a Ag\u00eancia Nacional de Vigil\u00e2ncia Sanit\u00e1ria (Anvisa).<\/p>\n<p>A proposta tamb\u00e9m institui o\u00a0Junho Roxo, a ser celebrado anualmente como o m\u00eas de conscientiza\u00e7\u00e3o sobre o lipedema, visando estimular o diagn\u00f3stico precoce e o acolhimento das pacientes.<\/p>\n<p><strong>Pr\u00f3ximas etapas<\/strong><br \/>A proposta ser\u00e1 ainda analisada, em <span id=\"4322\" class=\"termoGlossario\" title=\"Rito de tramita\u00e7\u00e3o pelo qual o projeto \u00e9 votado apenas pelas comiss\u00f5es designadas para analis\u00e1-lo, dispensada a delibera\u00e7\u00e3o do Plen\u00e1rio. O projeto perde o car\u00e1ter conclusivo se houver decis\u00e3o divergente entre as comiss\u00f5es ou se, independentemente de ser aprovado ou rejeitado, houver recurso assinado por 52 deputados para a aprecia\u00e7\u00e3o da mat\u00e9ria no Plen\u00e1rio.\" contenteditable=\"false\" data-toggle=\"tooltip\" data-placement=\"top\">car\u00e1ter conclusivo<\/span>, pelas comiss\u00f5es de Finan\u00e7as e Tributa\u00e7\u00e3o e de Constitui\u00e7\u00e3o e Justi\u00e7a e de Cidadania.<\/p>\n<p>Para virar lei, o texto deve ser aprovado pela C\u00e2mara e pelo Senado.<\/p>\n<p><a href=\"https:\/\/www.camara.leg.br\/noticias\/573454-SAIBA-MAIS-SOBRE-A-TRAMITACAO-DE-PROJETOS-DE-LEI\">Saiba mais sobre a tramita\u00e7\u00e3o de projetos de lei<\/a><\/p>\n<p>        <iframe class=\"infografico-container\" style=\"width: 100%; height: 100%;\" src=\"https:\/\/www.camara.leg.br\/internet\/agencia\/infograficos-html5\/lipedema\/index.html\" frameborder=\"0\" data-mce-fragment=\"1\"><\/iframe><\/p>\n<p>\u00a0<\/p>\n<p style=\"font-size: 0.8rem; font-weight: 700;\">Reportagem \u2013 Murilo Souza<br \/>Edi\u00e7\u00e3o \u2013 Ana Chalub<\/p>\n<\/p><\/div>\n<p><br \/>\n<br \/><a href=\"https:\/\/www.camara.leg.br\/noticias\/1238611-comissao-aprova-criacao-de-politica-para-o-tratamento-do-lipedema-no-sus\/\">postagem original <\/a><\/p>\n","protected":false},"excerpt":{"rendered":"<p>15\/01\/2026 &#8211; 18:04 \u00a0 Vinicius Loures \/ C\u00e2mara dos Deputados Texto da relatora, Rog\u00e9ria Santos, consolida diversas propostas sobre o [&hellip;]<\/p>\n","protected":false},"author":1,"featured_media":5990,"comment_status":"open","ping_status":"open","sticky":false,"template":"","format":"standard","meta":{"site-sidebar-layout":"default","site-content-layout":"","ast-site-content-layout":"default","site-content-style":"default","site-sidebar-style":"default","ast-global-header-display":"","ast-banner-title-visibility":"","ast-main-header-display":"","ast-hfb-above-header-display":"","ast-hfb-below-header-display":"","ast-hfb-mobile-header-display":"","site-post-title":"","ast-breadcrumbs-content":"","ast-featured-img":"","footer-sml-layout":"","theme-transparent-header-meta":"","adv-header-id-meta":"","stick-header-meta":"","header-above-stick-meta":"","header-main-stick-meta":"","header-below-stick-meta":"","astra-migrate-meta-layouts":"default","ast-page-background-enabled":"default","ast-page-background-meta":{"desktop":{"background-color":"var(--ast-global-color-5)","background-image":"","background-repeat":"repeat","background-position":"center center","background-size":"auto","background-attachment":"scroll","background-type":"","background-media":"","overlay-type":"","overlay-color":"","overlay-opacity":"","overlay-gradient":""},"tablet":{"background-color":"","background-image":"","background-repeat":"repeat","background-position":"center center","background-size":"auto","background-attachment":"scroll","background-type":"","background-media":"","overlay-type":"","overlay-color":"","overlay-opacity":"","overlay-gradient":""},"mobile":{"background-color":"","background-image":"","background-repeat":"repeat","background-position":"center center","background-size":"auto","background-attachment":"scroll","background-type":"","background-media":"","overlay-type":"","overlay-color":"","overlay-opacity":"","overlay-gradient":""}},"ast-content-background-meta":{"desktop":{"background-color":"var(--ast-global-color-4)","background-image":"","background-repeat":"repeat","background-position":"center center","background-size":"auto","background-attachment":"scroll","background-type":"","background-media":"","overlay-type":"","overlay-color":"","overlay-opacity":"","overlay-gradient":""},"tablet":{"background-color":"var(--ast-global-color-4)","background-image":"","background-repeat":"repeat","background-position":"center center","background-size":"auto","background-attachment":"scroll","background-type":"","background-media":"","overlay-type":"","overlay-color":"","overlay-opacity":"","overlay-gradient":""},"mobile":{"background-color":"var(--ast-global-color-4)","background-image":"","background-repeat":"repeat","background-position":"center center","background-size":"auto","background-attachment":"scroll","background-type":"","background-media":"","overlay-type":"","overlay-color":"","overlay-opacity":"","overlay-gradient":""}},"_joinchat":[],"footnotes":""},"categories":[26],"tags":[],"_links":{"self":[{"href":"https:\/\/radiosantaclara.sitetopfm.com.br\/site\/wp-json\/wp\/v2\/posts\/5989"}],"collection":[{"href":"https:\/\/radiosantaclara.sitetopfm.com.br\/site\/wp-json\/wp\/v2\/posts"}],"about":[{"href":"https:\/\/radiosantaclara.sitetopfm.com.br\/site\/wp-json\/wp\/v2\/types\/post"}],"author":[{"embeddable":true,"href":"https:\/\/radiosantaclara.sitetopfm.com.br\/site\/wp-json\/wp\/v2\/users\/1"}],"replies":[{"embeddable":true,"href":"https:\/\/radiosantaclara.sitetopfm.com.br\/site\/wp-json\/wp\/v2\/comments?post=5989"}],"version-history":[{"count":0,"href":"https:\/\/radiosantaclara.sitetopfm.com.br\/site\/wp-json\/wp\/v2\/posts\/5989\/revisions"}],"wp:featuredmedia":[{"embeddable":true,"href":"https:\/\/radiosantaclara.sitetopfm.com.br\/site\/wp-json\/wp\/v2\/media\/5990"}],"wp:attachment":[{"href":"https:\/\/radiosantaclara.sitetopfm.com.br\/site\/wp-json\/wp\/v2\/media?parent=5989"}],"wp:term":[{"taxonomy":"category","embeddable":true,"href":"https:\/\/radiosantaclara.sitetopfm.com.br\/site\/wp-json\/wp\/v2\/categories?post=5989"},{"taxonomy":"post_tag","embeddable":true,"href":"https:\/\/radiosantaclara.sitetopfm.com.br\/site\/wp-json\/wp\/v2\/tags?post=5989"}],"curies":[{"name":"wp","href":"https:\/\/api.w.org\/{rel}","templated":true}]}}