{"id":5934,"date":"2026-01-12T17:54:18","date_gmt":"2026-01-12T20:54:18","guid":{"rendered":"https:\/\/radiosantaclara.sitetopfm.com.br\/site\/comissao-aprova-proibicao-de-atletas-condenados-por-crimes-graves-em-delegacoes-oficiais-noticias\/"},"modified":"2026-01-12T17:54:18","modified_gmt":"2026-01-12T20:54:18","slug":"comissao-aprova-proibicao-de-atletas-condenados-por-crimes-graves-em-delegacoes-oficiais-noticias","status":"publish","type":"post","link":"https:\/\/radiosantaclara.sitetopfm.com.br\/site\/comissao-aprova-proibicao-de-atletas-condenados-por-crimes-graves-em-delegacoes-oficiais-noticias\/","title":{"rendered":"Comiss\u00e3o aprova proibi\u00e7\u00e3o de atletas condenados por crimes graves em delega\u00e7\u00f5es oficiais &#8211; Not\u00edcias"},"content":{"rendered":"<p> <br \/>\n<\/p>\n<div>\n<p class=\"g-artigo__data-hora\">\n                      12\/01\/2026 &#8211; 11:25 \u00a0\n                    <\/p>\n<div id=\"image-container-1237762\" class=\"image-container\" style=\"float: none; margin: 45px 0px; width: 100%;\" data-midia=\"1237762\">\n<p><em>Zeca Ribeiro \/ C\u00e2mara dos Deputados<\/em><\/p>\n<p>Laura Carneiro, relatora da proposta<\/p>\n<\/p><\/div>\n<p>A Comiss\u00e3o do Esporte da C\u00e2mara dos Deputados aprovou, em dezembro, projeto de lei que pro\u00edbe condenados por crimes hediondos ou praticados contra mulheres, crian\u00e7as ou idosos de participarem de delega\u00e7\u00f5es esportivas oficiais do Brasil em competi\u00e7\u00f5es nacionais e internacionais. O texto tamb\u00e9m prev\u00ea a anula\u00e7\u00e3o de premia\u00e7\u00f5es e t\u00edtulos que tenham recebido.<\/p>\n<p>Conforme a proposta, a entidade organizadora ou respons\u00e1vel pela delega\u00e7\u00e3o oficial deve exigir certid\u00e3o de antecedentes criminais atualizada dos participantes e verificar se h\u00e1 condena\u00e7\u00f5es criminais definitivas.<\/p>\n<p>\u00d3rg\u00e3os p\u00fablicos que tenham concedido pr\u00eamios, homenagens e condecora\u00e7\u00f5es oficiais a pessoas condenadas pelos crimes previstos dever\u00e3o anular imediatamente o ato. A anula\u00e7\u00e3o dever\u00e1 ser comunicada aos registros oficiais, bancos de dados, museus ou arquivos para corre\u00e7\u00e3o.<\/p>\n<p>Em caso de repasse de dinheiro p\u00fablico pela premia\u00e7\u00e3o anulada, dever\u00e1 ser aberto um processo administrativo para devolu\u00e7\u00e3o dos valores aos cofres p\u00fablicos.<\/p>\n<p>A comiss\u00e3o aprovou o <span id=\"4098\" class=\"termoGlossario\" title=\"Nome que se d\u00e1 ao texto que altera substancialmente o conte\u00fado original da proposta. O substitutivo \u00e9 apresentado pelo relator e tem prefer\u00eancia na vota\u00e7\u00e3o sobre o projeto original.\" contenteditable=\"false\" data-toggle=\"tooltip\" data-placement=\"top\">substitutivo<\/span> da relatora, deputada Laura Carneiro (PSD-RJ), ao Projeto de Lei 3654\/25, do deputado Zucco (PL-RS). O novo texto prop\u00f5e pequenos ajustes ao projeto original.<\/p>\n<p>\u201cA san\u00e7\u00e3o \u00e9 dirigida exclusivamente a atletas, membros da comiss\u00e3o t\u00e9cnica, dirigentes esportivos e demais integrantes de delega\u00e7\u00e3o oficial que tenham praticado condutas criminosas, assim reconhecidas por senten\u00e7a judicial com tr\u00e2nsito em julgado\u201d, pontuou a relatora.<\/p>\n<p>As entidades esportivas que n\u00e3o cumprirem a regra poder\u00e3o ser punidas administrativamente. As san\u00e7\u00f5es incluem advert\u00eancia, multa e, em casos de reincid\u00eancia, a suspens\u00e3o do repasse de verbas p\u00fablicas.<\/p>\n<p><strong>Pr\u00f3ximas etapas<\/strong><br \/>A proposta ser\u00e1 ainda analisada, em <span id=\"4322\" class=\"termoGlossario\" title=\"Rito de tramita\u00e7\u00e3o pelo qual o projeto \u00e9 votado apenas pelas comiss\u00f5es designadas para analis\u00e1-lo, dispensada a delibera\u00e7\u00e3o do Plen\u00e1rio. O projeto perde o car\u00e1ter conclusivo se houver decis\u00e3o divergente entre as comiss\u00f5es ou se, independentemente de ser aprovado ou rejeitado, houver recurso assinado por 52 deputados para a aprecia\u00e7\u00e3o da mat\u00e9ria no Plen\u00e1rio.\" contenteditable=\"false\" data-toggle=\"tooltip\" data-placement=\"top\">car\u00e1ter conclusivo<\/span>, pelas comiss\u00f5es de Finan\u00e7as e Tributa\u00e7\u00e3o; e de Constitui\u00e7\u00e3o e Justi\u00e7a e de Cidadania.<\/p>\n<p>Para virar lei, o texto deve ser aprovado pela C\u00e2mara e pelo Senado.<\/p>\n<p style=\"font-size: 0.8rem; font-weight: 700;\">Reportagem \u2013 Murilo Souza<br \/>Edi\u00e7\u00e3o \u2013 Marcia Becker<\/p>\n<\/p><\/div>\n<p><br \/>\n<br \/><a href=\"https:\/\/www.camara.leg.br\/noticias\/1237631-comissao-aprova-proibicao-de-atletas-condenados-por-crimes-graves-em-delegacoes-oficiais\/\">postagem original <\/a><\/p>\n","protected":false},"excerpt":{"rendered":"<p>12\/01\/2026 &#8211; 11:25 \u00a0 Zeca Ribeiro \/ C\u00e2mara dos Deputados Laura Carneiro, relatora da proposta A Comiss\u00e3o do Esporte da [&hellip;]<\/p>\n","protected":false},"author":1,"featured_media":5935,"comment_status":"open","ping_status":"open","sticky":false,"template":"","format":"standard","meta":{"site-sidebar-layout":"default","site-content-layout":"","ast-site-content-layout":"default","site-content-style":"default","site-sidebar-style":"default","ast-global-header-display":"","ast-banner-title-visibility":"","ast-main-header-display":"","ast-hfb-above-header-display":"","ast-hfb-below-header-display":"","ast-hfb-mobile-header-display":"","site-post-title":"","ast-breadcrumbs-content":"","ast-featured-img":"","footer-sml-layout":"","theme-transparent-header-meta":"","adv-header-id-meta":"","stick-header-meta":"","header-above-stick-meta":"","header-main-stick-meta":"","header-below-stick-meta":"","astra-migrate-meta-layouts":"default","ast-page-background-enabled":"default","ast-page-background-meta":{"desktop":{"background-color":"var(--ast-global-color-5)","background-image":"","background-repeat":"repeat","background-position":"center center","background-size":"auto","background-attachment":"scroll","background-type":"","background-media":"","overlay-type":"","overlay-color":"","overlay-opacity":"","overlay-gradient":""},"tablet":{"background-color":"","background-image":"","background-repeat":"repeat","background-position":"center center","background-size":"auto","background-attachment":"scroll","background-type":"","background-media":"","overlay-type":"","overlay-color":"","overlay-opacity":"","overlay-gradient":""},"mobile":{"background-color":"","background-image":"","background-repeat":"repeat","background-position":"center center","background-size":"auto","background-attachment":"scroll","background-type":"","background-media":"","overlay-type":"","overlay-color":"","overlay-opacity":"","overlay-gradient":""}},"ast-content-background-meta":{"desktop":{"background-color":"var(--ast-global-color-4)","background-image":"","background-repeat":"repeat","background-position":"center center","background-size":"auto","background-attachment":"scroll","background-type":"","background-media":"","overlay-type":"","overlay-color":"","overlay-opacity":"","overlay-gradient":""},"tablet":{"background-color":"var(--ast-global-color-4)","background-image":"","background-repeat":"repeat","background-position":"center center","background-size":"auto","background-attachment":"scroll","background-type":"","background-media":"","overlay-type":"","overlay-color":"","overlay-opacity":"","overlay-gradient":""},"mobile":{"background-color":"var(--ast-global-color-4)","background-image":"","background-repeat":"repeat","background-position":"center center","background-size":"auto","background-attachment":"scroll","background-type":"","background-media":"","overlay-type":"","overlay-color":"","overlay-opacity":"","overlay-gradient":""}},"_joinchat":[],"footnotes":""},"categories":[30],"tags":[],"_links":{"self":[{"href":"https:\/\/radiosantaclara.sitetopfm.com.br\/site\/wp-json\/wp\/v2\/posts\/5934"}],"collection":[{"href":"https:\/\/radiosantaclara.sitetopfm.com.br\/site\/wp-json\/wp\/v2\/posts"}],"about":[{"href":"https:\/\/radiosantaclara.sitetopfm.com.br\/site\/wp-json\/wp\/v2\/types\/post"}],"author":[{"embeddable":true,"href":"https:\/\/radiosantaclara.sitetopfm.com.br\/site\/wp-json\/wp\/v2\/users\/1"}],"replies":[{"embeddable":true,"href":"https:\/\/radiosantaclara.sitetopfm.com.br\/site\/wp-json\/wp\/v2\/comments?post=5934"}],"version-history":[{"count":0,"href":"https:\/\/radiosantaclara.sitetopfm.com.br\/site\/wp-json\/wp\/v2\/posts\/5934\/revisions"}],"wp:featuredmedia":[{"embeddable":true,"href":"https:\/\/radiosantaclara.sitetopfm.com.br\/site\/wp-json\/wp\/v2\/media\/5935"}],"wp:attachment":[{"href":"https:\/\/radiosantaclara.sitetopfm.com.br\/site\/wp-json\/wp\/v2\/media?parent=5934"}],"wp:term":[{"taxonomy":"category","embeddable":true,"href":"https:\/\/radiosantaclara.sitetopfm.com.br\/site\/wp-json\/wp\/v2\/categories?post=5934"},{"taxonomy":"post_tag","embeddable":true,"href":"https:\/\/radiosantaclara.sitetopfm.com.br\/site\/wp-json\/wp\/v2\/tags?post=5934"}],"curies":[{"name":"wp","href":"https:\/\/api.w.org\/{rel}","templated":true}]}}