{"id":5910,"date":"2026-01-09T12:27:07","date_gmt":"2026-01-09T15:27:07","guid":{"rendered":"https:\/\/radiosantaclara.sitetopfm.com.br\/site\/comissao-aprova-exigencia-de-avaliacao-odontologica-precoce-para-autistas-nao-verbais-noticias\/"},"modified":"2026-01-09T12:27:07","modified_gmt":"2026-01-09T15:27:07","slug":"comissao-aprova-exigencia-de-avaliacao-odontologica-precoce-para-autistas-nao-verbais-noticias","status":"publish","type":"post","link":"https:\/\/radiosantaclara.sitetopfm.com.br\/site\/comissao-aprova-exigencia-de-avaliacao-odontologica-precoce-para-autistas-nao-verbais-noticias\/","title":{"rendered":"Comiss\u00e3o aprova exig\u00eancia de avalia\u00e7\u00e3o odontol\u00f3gica precoce para autistas n\u00e3o verbais &#8211; Not\u00edcias"},"content":{"rendered":"<p> <br \/>\n<\/p>\n<div>\n<p class=\"g-artigo__data-hora\">\n                      09\/01\/2026 &#8211; 09:41 \u00a0\n                    <\/p>\n<div id=\"image-container-1237592\" class=\"image-container\" style=\"float: none; margin: 45px 0px; width: 100%;\" data-midia=\"1237592\">\n<p><em>Kayo Magalh\u00e3es \/ C\u00e2mara dos Deputados<\/em><\/p>\n<p>Duarte Jr., relator da proposta<\/p>\n<\/p><\/div>\n<p>A Comiss\u00e3o de Defesa dos Direitos das Pessoas com Defici\u00eancia aprovou, em dezembro, projeto de lei que que torna obrigat\u00f3ria a avalia\u00e7\u00e3o odontol\u00f3gica precoce para pessoas com Transtorno do Espectro Autista (TEA) n\u00e3o verbais.<\/p>\n<p>O texto altera a Pol\u00edtica Nacional de Prote\u00e7\u00e3o dos Direitos da Pessoa com TEA, institu\u00edda, pela <a class=\"linkLegislacao\" href=\"https:\/\/www2.camara.gov.br\/legin\/fed\/lei\/2012\/lei-12764-27-dezembro-2012-774838-norma-pl.html\">Lei 12.764\/12<\/a>.<\/p>\n<p>Na pr\u00e1tica, a proposta obriga servi\u00e7os p\u00fablicos de sa\u00fade a realizarem uma avalia\u00e7\u00e3o odontol\u00f3gica precoce em pessoas com TEA n\u00e3o verbais. A avalia\u00e7\u00e3o deve ser feita por profissional devidamente qualificado, em tempo h\u00e1bil e compat\u00edvel com a necessidade do cuidado integral.<\/p>\n<p>Por recomenda\u00e7\u00e3o do relator, deputado Duarte Jr. (PSB-MA), foi aprovado o <span id=\"4098\" class=\"termoGlossario\" title=\"Nome que se d\u00e1 ao texto que altera substancialmente o conte\u00fado original da proposta. O substitutivo \u00e9 apresentado pelo relator e tem prefer\u00eancia na vota\u00e7\u00e3o sobre o projeto original.\" contenteditable=\"false\" data-toggle=\"tooltip\" data-placement=\"top\">substitutivo<\/span> da Comiss\u00e3o de Sa\u00fade ao Projeto de Lei 1823\/24, do deputado Andr\u00e9 Fernandes (PL-CE). O texto original estabelecia a obrigatoriedade de avalia\u00e7\u00e3o odontol\u00f3gica \u201cpr\u00e9via\u201d para autistas n\u00e3o verbais antes de qualquer procedimento m\u00e9dico.<\/p>\n<p>A relatora na Comiss\u00e3o de Sa\u00fade, deputada Detinha (PL-MA), ponderou que a exig\u00eancia de avalia\u00e7\u00e3o odontol\u00f3gica pr\u00e9via a qualquer procedimento m\u00e9dico poderia, em determinadas circunst\u00e2ncias, \u201ccomprometer a celeridade e a seguran\u00e7a do atendimento, sobretudo em situa\u00e7\u00f5es de urg\u00eancia ou emerg\u00eancia\u201d.<\/p>\n<p>Assim, o substitutivo aprovado determina que a avalia\u00e7\u00e3o odontol\u00f3gica seja \u201cprecoce\u201d, atribuindo ao poder p\u00fablico a responsabilidade por garantir a avalia\u00e7\u00e3o em momento oportuno e com prioridade, sem que isso limite o acesso imediato do paciente a procedimentos m\u00e9dicos necess\u00e1rios.<\/p>\n<p><strong>Pr\u00f3ximas etapas<\/strong><br \/>A proposta ser\u00e1 analisada ainda, em <span id=\"4322\" class=\"termoGlossario\" title=\"Rito de tramita\u00e7\u00e3o pelo qual o projeto \u00e9 votado apenas pelas comiss\u00f5es designadas para analis\u00e1-lo, dispensada a delibera\u00e7\u00e3o do Plen\u00e1rio. O projeto perde o car\u00e1ter conclusivo se houver decis\u00e3o divergente entre as comiss\u00f5es ou se, independentemente de ser aprovado ou rejeitado, houver recurso assinado por 52 deputados para a aprecia\u00e7\u00e3o da mat\u00e9ria no Plen\u00e1rio.\" contenteditable=\"false\" data-toggle=\"tooltip\" data-placement=\"top\">car\u00e1ter conclusivo<\/span>, pelas comiss\u00f5es de Finan\u00e7as e Tributa\u00e7\u00e3o; e de Constitui\u00e7\u00e3o e Justi\u00e7a e de Cidadania.<\/p>\n<p>Para virar lei, o texto deve ser aprovado pela C\u00e2mara e pelo Senado.<\/p>\n<p style=\"font-size: 0.8rem; font-weight: 700;\">Reportagem \u2013 Murilo Souza<br \/>Edi\u00e7\u00e3o \u2013 Marcia Becker<\/p>\n<\/p><\/div>\n<p><br \/>\n<br \/><a href=\"https:\/\/www.camara.leg.br\/noticias\/1237511-comissao-aprova-exigencia-de-avaliacao-odontologica-precoce-para-autistas-nao-verbais\/\">postagem original <\/a><\/p>\n","protected":false},"excerpt":{"rendered":"<p>09\/01\/2026 &#8211; 09:41 \u00a0 Kayo Magalh\u00e3es \/ C\u00e2mara dos Deputados Duarte Jr., relator da proposta A Comiss\u00e3o de Defesa dos [&hellip;]<\/p>\n","protected":false},"author":1,"featured_media":5911,"comment_status":"open","ping_status":"open","sticky":false,"template":"","format":"standard","meta":{"site-sidebar-layout":"default","site-content-layout":"","ast-site-content-layout":"default","site-content-style":"default","site-sidebar-style":"default","ast-global-header-display":"","ast-banner-title-visibility":"","ast-main-header-display":"","ast-hfb-above-header-display":"","ast-hfb-below-header-display":"","ast-hfb-mobile-header-display":"","site-post-title":"","ast-breadcrumbs-content":"","ast-featured-img":"","footer-sml-layout":"","theme-transparent-header-meta":"","adv-header-id-meta":"","stick-header-meta":"","header-above-stick-meta":"","header-main-stick-meta":"","header-below-stick-meta":"","astra-migrate-meta-layouts":"default","ast-page-background-enabled":"default","ast-page-background-meta":{"desktop":{"background-color":"var(--ast-global-color-5)","background-image":"","background-repeat":"repeat","background-position":"center center","background-size":"auto","background-attachment":"scroll","background-type":"","background-media":"","overlay-type":"","overlay-color":"","overlay-opacity":"","overlay-gradient":""},"tablet":{"background-color":"","background-image":"","background-repeat":"repeat","background-position":"center center","background-size":"auto","background-attachment":"scroll","background-type":"","background-media":"","overlay-type":"","overlay-color":"","overlay-opacity":"","overlay-gradient":""},"mobile":{"background-color":"","background-image":"","background-repeat":"repeat","background-position":"center center","background-size":"auto","background-attachment":"scroll","background-type":"","background-media":"","overlay-type":"","overlay-color":"","overlay-opacity":"","overlay-gradient":""}},"ast-content-background-meta":{"desktop":{"background-color":"var(--ast-global-color-4)","background-image":"","background-repeat":"repeat","background-position":"center center","background-size":"auto","background-attachment":"scroll","background-type":"","background-media":"","overlay-type":"","overlay-color":"","overlay-opacity":"","overlay-gradient":""},"tablet":{"background-color":"var(--ast-global-color-4)","background-image":"","background-repeat":"repeat","background-position":"center center","background-size":"auto","background-attachment":"scroll","background-type":"","background-media":"","overlay-type":"","overlay-color":"","overlay-opacity":"","overlay-gradient":""},"mobile":{"background-color":"var(--ast-global-color-4)","background-image":"","background-repeat":"repeat","background-position":"center center","background-size":"auto","background-attachment":"scroll","background-type":"","background-media":"","overlay-type":"","overlay-color":"","overlay-opacity":"","overlay-gradient":""}},"_joinchat":[],"footnotes":""},"categories":[26],"tags":[],"_links":{"self":[{"href":"https:\/\/radiosantaclara.sitetopfm.com.br\/site\/wp-json\/wp\/v2\/posts\/5910"}],"collection":[{"href":"https:\/\/radiosantaclara.sitetopfm.com.br\/site\/wp-json\/wp\/v2\/posts"}],"about":[{"href":"https:\/\/radiosantaclara.sitetopfm.com.br\/site\/wp-json\/wp\/v2\/types\/post"}],"author":[{"embeddable":true,"href":"https:\/\/radiosantaclara.sitetopfm.com.br\/site\/wp-json\/wp\/v2\/users\/1"}],"replies":[{"embeddable":true,"href":"https:\/\/radiosantaclara.sitetopfm.com.br\/site\/wp-json\/wp\/v2\/comments?post=5910"}],"version-history":[{"count":0,"href":"https:\/\/radiosantaclara.sitetopfm.com.br\/site\/wp-json\/wp\/v2\/posts\/5910\/revisions"}],"wp:featuredmedia":[{"embeddable":true,"href":"https:\/\/radiosantaclara.sitetopfm.com.br\/site\/wp-json\/wp\/v2\/media\/5911"}],"wp:attachment":[{"href":"https:\/\/radiosantaclara.sitetopfm.com.br\/site\/wp-json\/wp\/v2\/media?parent=5910"}],"wp:term":[{"taxonomy":"category","embeddable":true,"href":"https:\/\/radiosantaclara.sitetopfm.com.br\/site\/wp-json\/wp\/v2\/categories?post=5910"},{"taxonomy":"post_tag","embeddable":true,"href":"https:\/\/radiosantaclara.sitetopfm.com.br\/site\/wp-json\/wp\/v2\/tags?post=5910"}],"curies":[{"name":"wp","href":"https:\/\/api.w.org\/{rel}","templated":true}]}}