{"id":5828,"date":"2026-01-06T04:15:13","date_gmt":"2026-01-06T07:15:13","guid":{"rendered":"https:\/\/radiosantaclara.sitetopfm.com.br\/site\/comissao-aprova-jornada-diferenciada-para-cuidador-de-pessoa-com-deficiencia-noticias\/"},"modified":"2026-01-06T04:15:13","modified_gmt":"2026-01-06T07:15:13","slug":"comissao-aprova-jornada-diferenciada-para-cuidador-de-pessoa-com-deficiencia-noticias","status":"publish","type":"post","link":"https:\/\/radiosantaclara.sitetopfm.com.br\/site\/comissao-aprova-jornada-diferenciada-para-cuidador-de-pessoa-com-deficiencia-noticias\/","title":{"rendered":"Comiss\u00e3o aprova jornada diferenciada para cuidador de pessoa com defici\u00eancia &#8211; Not\u00edcias"},"content":{"rendered":"<p> <br \/>\n<\/p>\n<div>\n<div>\n<p class=\"g-artigo__data-hora\">\n                      05\/01\/2026 &#8211; 15:10 \u00a0\n                    <\/p>\n<div id=\"image-container-1236688\" class=\"image-container\" style=\"float: none; margin: 45px 0px; width: 100%;\" data-midia=\"1236688\">\n<p><em>Kayo Magalh\u00e3es \/ C\u00e2mara dos Deputados<\/em><\/p>\n<p>Deputado Duarte Jr., relator do projeto de lei<\/p>\n<\/p><\/div>\n<p>A Comiss\u00e3o de Defesa dos Direitos das Pessoas com Defici\u00eancia aprovou em dezembro projeto de lei que assegura ao empregado que cuida de pessoa com defici\u00eancia o direito de pedir uma jornada de trabalho mais flex\u00edvel ao empregador. O texto aprovado altera a <a href=\"https:\/\/www2.camara.leg.br\/legin\/fed\/declei\/1940-1949\/decreto-lei-5452-1-maio-1943-415500-norma-pe.html\">Consolida\u00e7\u00e3o das Leis do Trabalho (CLT)<\/a>.<\/p>\n<p>Pela proposta, o empregador ter\u00e1 at\u00e9 30 dias para responder ao pedido, devendo justificar tecnicamente a decis\u00e3o. Caso n\u00e3o seja poss\u00edvel atender ao pedido, o empregador deve apresentar alternativas que permitam ao trabalhador manter a atividade de cuidado.<\/p>\n<p>As alternativas podem incluir:<\/p>\n<ul>\n<li>redu\u00e7\u00e3o da jornada;<\/li>\n<li data-start=\"938\" data-end=\"975\">redistribui\u00e7\u00e3o das horas trabalhadas;<\/li>\n<li data-start=\"978\" data-end=\"998\">mudan\u00e7a de hor\u00e1rios;<\/li>\n<li data-start=\"1001\" data-end=\"1044\">trabalho remoto, de forma parcial ou total.<\/li>\n<\/ul>\n<p>Por recomenda\u00e7\u00e3o do relator, deputado Duarte Jr. (PSB-MA), a comiss\u00e3o aprovou o <span id=\"4098\" class=\"termoGlossario\" title=\"Nome que se d\u00e1 ao texto que altera substancialmente o conte\u00fado original da proposta. O substitutivo \u00e9 apresentado pelo relator e tem prefer\u00eancia na vota\u00e7\u00e3o sobre o projeto original.\" contenteditable=\"false\" data-toggle=\"tooltip\" data-placement=\"top\">substitutivo<\/span> adotado pela Comiss\u00e3o de Trabalho. A vers\u00e3o inicial \u2013 Projeto de Lei 3446\/25, do deputado Amom Mandel (Cidadania-AM) \u2013 tornava a flexibiliza\u00e7\u00e3o da jornada obrigat\u00f3ria e proibia a demiss\u00e3o sem justa causa dos trabalhadores cuidadores.<\/p>\n<p>O novo texto, no entanto, optou por garantir o direito do empregado de solicitar condi\u00e7\u00f5es diferenciadas de trabalho e \u00e0 reintegra\u00e7\u00e3o no emprego sempre que a demiss\u00e3o ocorrer de forma comprovadamente discriminat\u00f3ria.<\/p>\n<p>O deputado Duarte Jr. concordou com as altera\u00e7\u00f5es. \u201cO novo texto delimita as hip\u00f3teses de flexibiliza\u00e7\u00e3o da jornada, garantindo maior seguran\u00e7a jur\u00eddica tanto para empregados quanto para empregadores\u201d, disse o relator.<\/p>\n<p><strong>Pr\u00f3ximas etapas<\/strong><br \/>A proposta ser\u00e1 ainda analisada, em <span id=\"4322\" class=\"termoGlossario\" title=\"Rito de tramita\u00e7\u00e3o pelo qual o projeto \u00e9 votado apenas pelas comiss\u00f5es designadas para analis\u00e1-lo, dispensada a delibera\u00e7\u00e3o do Plen\u00e1rio. O projeto perde o car\u00e1ter conclusivo se houver decis\u00e3o divergente entre as comiss\u00f5es ou se, independentemente de ser aprovado ou rejeitado, houver recurso assinado por 52 deputados para a aprecia\u00e7\u00e3o da mat\u00e9ria no Plen\u00e1rio.\" contenteditable=\"false\" data-toggle=\"tooltip\" data-placement=\"top\">car\u00e1ter conclusivo<\/span>, pela Comiss\u00e3o de Constitui\u00e7\u00e3o e Justi\u00e7a e de Cidadania. Para virar lei, o texto deve ser aprovado pela C\u00e2mara e pelo Senado.<\/p>\n<p style=\"font-size: 0.8rem; font-weight: 700;\">Reportagem \u2013 Murilo Souza <br \/>Edi\u00e7\u00e3o \u2013 Roberto Seabra<\/p>\n<\/p><\/div>\n<\/p><\/div>\n<p><br \/>\n<br \/><a href=\"https:\/\/www.camara.leg.br\/noticias\/1236679-comissao-aprova-jornada-diferenciada-para-cuidador-de-pessoa-com-deficiencia\/\">postagem original <\/a><\/p>\n","protected":false},"excerpt":{"rendered":"<p>05\/01\/2026 &#8211; 15:10 \u00a0 Kayo Magalh\u00e3es \/ C\u00e2mara dos Deputados Deputado Duarte Jr., relator do projeto de lei A Comiss\u00e3o [&hellip;]<\/p>\n","protected":false},"author":1,"featured_media":5829,"comment_status":"open","ping_status":"open","sticky":false,"template":"","format":"standard","meta":{"site-sidebar-layout":"default","site-content-layout":"","ast-site-content-layout":"default","site-content-style":"default","site-sidebar-style":"default","ast-global-header-display":"","ast-banner-title-visibility":"","ast-main-header-display":"","ast-hfb-above-header-display":"","ast-hfb-below-header-display":"","ast-hfb-mobile-header-display":"","site-post-title":"","ast-breadcrumbs-content":"","ast-featured-img":"","footer-sml-layout":"","theme-transparent-header-meta":"","adv-header-id-meta":"","stick-header-meta":"","header-above-stick-meta":"","header-main-stick-meta":"","header-below-stick-meta":"","astra-migrate-meta-layouts":"default","ast-page-background-enabled":"default","ast-page-background-meta":{"desktop":{"background-color":"var(--ast-global-color-5)","background-image":"","background-repeat":"repeat","background-position":"center center","background-size":"auto","background-attachment":"scroll","background-type":"","background-media":"","overlay-type":"","overlay-color":"","overlay-opacity":"","overlay-gradient":""},"tablet":{"background-color":"","background-image":"","background-repeat":"repeat","background-position":"center center","background-size":"auto","background-attachment":"scroll","background-type":"","background-media":"","overlay-type":"","overlay-color":"","overlay-opacity":"","overlay-gradient":""},"mobile":{"background-color":"","background-image":"","background-repeat":"repeat","background-position":"center center","background-size":"auto","background-attachment":"scroll","background-type":"","background-media":"","overlay-type":"","overlay-color":"","overlay-opacity":"","overlay-gradient":""}},"ast-content-background-meta":{"desktop":{"background-color":"var(--ast-global-color-4)","background-image":"","background-repeat":"repeat","background-position":"center center","background-size":"auto","background-attachment":"scroll","background-type":"","background-media":"","overlay-type":"","overlay-color":"","overlay-opacity":"","overlay-gradient":""},"tablet":{"background-color":"var(--ast-global-color-4)","background-image":"","background-repeat":"repeat","background-position":"center center","background-size":"auto","background-attachment":"scroll","background-type":"","background-media":"","overlay-type":"","overlay-color":"","overlay-opacity":"","overlay-gradient":""},"mobile":{"background-color":"var(--ast-global-color-4)","background-image":"","background-repeat":"repeat","background-position":"center center","background-size":"auto","background-attachment":"scroll","background-type":"","background-media":"","overlay-type":"","overlay-color":"","overlay-opacity":"","overlay-gradient":""}},"_joinchat":[],"footnotes":""},"categories":[31],"tags":[],"_links":{"self":[{"href":"https:\/\/radiosantaclara.sitetopfm.com.br\/site\/wp-json\/wp\/v2\/posts\/5828"}],"collection":[{"href":"https:\/\/radiosantaclara.sitetopfm.com.br\/site\/wp-json\/wp\/v2\/posts"}],"about":[{"href":"https:\/\/radiosantaclara.sitetopfm.com.br\/site\/wp-json\/wp\/v2\/types\/post"}],"author":[{"embeddable":true,"href":"https:\/\/radiosantaclara.sitetopfm.com.br\/site\/wp-json\/wp\/v2\/users\/1"}],"replies":[{"embeddable":true,"href":"https:\/\/radiosantaclara.sitetopfm.com.br\/site\/wp-json\/wp\/v2\/comments?post=5828"}],"version-history":[{"count":0,"href":"https:\/\/radiosantaclara.sitetopfm.com.br\/site\/wp-json\/wp\/v2\/posts\/5828\/revisions"}],"wp:featuredmedia":[{"embeddable":true,"href":"https:\/\/radiosantaclara.sitetopfm.com.br\/site\/wp-json\/wp\/v2\/media\/5829"}],"wp:attachment":[{"href":"https:\/\/radiosantaclara.sitetopfm.com.br\/site\/wp-json\/wp\/v2\/media?parent=5828"}],"wp:term":[{"taxonomy":"category","embeddable":true,"href":"https:\/\/radiosantaclara.sitetopfm.com.br\/site\/wp-json\/wp\/v2\/categories?post=5828"},{"taxonomy":"post_tag","embeddable":true,"href":"https:\/\/radiosantaclara.sitetopfm.com.br\/site\/wp-json\/wp\/v2\/tags?post=5828"}],"curies":[{"name":"wp","href":"https:\/\/api.w.org\/{rel}","templated":true}]}}