{"id":5662,"date":"2025-12-19T12:57:28","date_gmt":"2025-12-19T15:57:28","guid":{"rendered":"https:\/\/radiosantaclara.sitetopfm.com.br\/site\/votacao-do-orcamento-de-2026-e-adiada-para-a-tarde-noticias\/"},"modified":"2025-12-19T12:57:28","modified_gmt":"2025-12-19T15:57:28","slug":"votacao-do-orcamento-de-2026-e-adiada-para-a-tarde-noticias","status":"publish","type":"post","link":"https:\/\/radiosantaclara.sitetopfm.com.br\/site\/votacao-do-orcamento-de-2026-e-adiada-para-a-tarde-noticias\/","title":{"rendered":"Vota\u00e7\u00e3o do Or\u00e7amento de 2026 \u00e9 adiada para a tarde &#8211; Not\u00edcias"},"content":{"rendered":"<p> <br \/>\n<\/p>\n<div>\n<div>\n<p class=\"g-artigo__data-hora\">\n                      19\/12\/2025 &#8211; 12:48 \u00a0\n                    <\/p>\n<div id=\"image-container-1235092\" class=\"image-container\" style=\"float: none; margin: 45px 0px; width: 100%;\" data-midia=\"1235092\">\n<p><em>Kayo Magalh\u00e3es \/ C\u00e2mara dos Deputados<\/em><\/p>\n<p>Sess\u00e3o do Congresso Nacional<\/p>\n<\/p><\/div>\n<p>A vota\u00e7\u00e3o do Or\u00e7amento de 2026, prevista para come\u00e7ar ao meio-dia desta sexta-feira (19), foi adiada para a tarde. Antes da an\u00e1lise pelo Plen\u00e1rio do Congresso Nacional, o projeto da Lei Or\u00e7ament\u00e1ria <a href=\"https:\/\/www.camara.leg.br\/noticias\/1194585-SALARIO-MINIMO-DE-2026-SERA-DE-R$-1.631,-COM-AUMENTO-DE-7,44\">(PLN 15\/25<\/a>) precisa passar pela Comiss\u00e3o Mista de Or\u00e7amento (<span id=\"4053\" class=\"termoGlossario\" title=\"Comiss\u00e3o de deputados e senadores respons\u00e1vel pela an\u00e1lise das propostas or\u00e7ament\u00e1rias elaboradas pelo Executivo: Lei de Diretrizes Or\u00e7ament\u00e1rias (LDO), Lei Or\u00e7ament\u00e1ria Anual (LOA) e Plano Plurianual (PPA).\" contenteditable=\"false\" data-toggle=\"tooltip\" data-placement=\"top\">CMO<\/span>), o que ainda n\u00e3o ocorreu. O hor\u00e1rio da sess\u00e3o ainda n\u00e3o foi divulgado.<\/p>\n<p>O relator-geral do Or\u00e7amento, deputado Isnaldo Bulh\u00f5es Jr. (MDB-AL), apresentou o relat\u00f3rio final da proposta na noite de quinta-feira (18). A CMO chegou a se reunir na manh\u00e3 desta sexta-feira para votar a mat\u00e9ria. Mas Bulh\u00f5es pediu mais tempo para apresentar uma complementa\u00e7\u00e3o de voto.<\/p>\n<p>O adiamento da vota\u00e7\u00e3o foi anunciado pelo presidente do Senado, Davi Alcolumbre. &#8220;H\u00e1 ainda a busca de um entendimento para que, consensualmente, o relat\u00f3rio possa ser votado na CMO e, posteriormente, em sess\u00e3o conjunta do Congresso Nacional. Naturalmente, vamos adiar a sess\u00e3o marcada para o meio-dia porque precisamos guardar a delibera\u00e7\u00e3o da comiss\u00e3o&#8221;, disse Davi.<\/p>\n<p>Segundo o presidente do Senado, al\u00e9m da proposta or\u00e7ament\u00e1ria e de outros 20 projetos na pauta, o Plen\u00e1rio do Congresso Nacional pode votar <span id=\"4485\" class=\"termoGlossario\" title=\"Ocorre quando o presidente da Rep\u00fablica recusa, totalmente ou em parte, projeto aprovado pelo Congresso Nacional. Para que o veto seja derrubado, e o projeto se torne lei, s\u00e3o precisos os votos de 257 deputados e 41 senadores.\" contenteditable=\"false\" data-toggle=\"tooltip\" data-placement=\"top\">vetos<\/span> do presidente da Rep\u00fablica.\u00a0A lista de quais vetos podem ser analisados ainda n\u00e3o foi divulgada.<\/p>\n<p>&#8220;H\u00e1 a busca de algumas lideran\u00e7as partid\u00e1rias para o entendimento em rela\u00e7\u00e3o a alguns vetos que est\u00e3o acordados com o governo e a oposi\u00e7\u00e3o. Caso esses vetos tenham consenso dos parlamentares, esta Presid\u00eancia est\u00e1 disposta a colocar como item extrapauta para a delibera\u00e7\u00e3o na tarde de hoje&#8221;, disse Davi Alcolumbre.<\/p>\n<p style=\"font-size: 0.8rem; font-weight: 700;\">Da Ag\u00eancia Senado<br \/>Edi\u00e7\u00e3o &#8211; MB<\/p>\n<\/p><\/div>\n<\/p><\/div>\n<p><br \/>\n<br \/><a href=\"https:\/\/www.camara.leg.br\/noticias\/1235085-votacao-do-orcamento-de-2026-e-adiada-para-a-tarde\/\">postagem original <\/a><\/p>\n","protected":false},"excerpt":{"rendered":"<p>19\/12\/2025 &#8211; 12:48 \u00a0 Kayo Magalh\u00e3es \/ C\u00e2mara dos Deputados Sess\u00e3o do Congresso Nacional A vota\u00e7\u00e3o do Or\u00e7amento de 2026, [&hellip;]<\/p>\n","protected":false},"author":1,"featured_media":5663,"comment_status":"open","ping_status":"open","sticky":false,"template":"","format":"standard","meta":{"site-sidebar-layout":"default","site-content-layout":"","ast-site-content-layout":"default","site-content-style":"default","site-sidebar-style":"default","ast-global-header-display":"","ast-banner-title-visibility":"","ast-main-header-display":"","ast-hfb-above-header-display":"","ast-hfb-below-header-display":"","ast-hfb-mobile-header-display":"","site-post-title":"","ast-breadcrumbs-content":"","ast-featured-img":"","footer-sml-layout":"","theme-transparent-header-meta":"","adv-header-id-meta":"","stick-header-meta":"","header-above-stick-meta":"","header-main-stick-meta":"","header-below-stick-meta":"","astra-migrate-meta-layouts":"default","ast-page-background-enabled":"default","ast-page-background-meta":{"desktop":{"background-color":"var(--ast-global-color-5)","background-image":"","background-repeat":"repeat","background-position":"center center","background-size":"auto","background-attachment":"scroll","background-type":"","background-media":"","overlay-type":"","overlay-color":"","overlay-opacity":"","overlay-gradient":""},"tablet":{"background-color":"","background-image":"","background-repeat":"repeat","background-position":"center center","background-size":"auto","background-attachment":"scroll","background-type":"","background-media":"","overlay-type":"","overlay-color":"","overlay-opacity":"","overlay-gradient":""},"mobile":{"background-color":"","background-image":"","background-repeat":"repeat","background-position":"center center","background-size":"auto","background-attachment":"scroll","background-type":"","background-media":"","overlay-type":"","overlay-color":"","overlay-opacity":"","overlay-gradient":""}},"ast-content-background-meta":{"desktop":{"background-color":"var(--ast-global-color-4)","background-image":"","background-repeat":"repeat","background-position":"center center","background-size":"auto","background-attachment":"scroll","background-type":"","background-media":"","overlay-type":"","overlay-color":"","overlay-opacity":"","overlay-gradient":""},"tablet":{"background-color":"var(--ast-global-color-4)","background-image":"","background-repeat":"repeat","background-position":"center center","background-size":"auto","background-attachment":"scroll","background-type":"","background-media":"","overlay-type":"","overlay-color":"","overlay-opacity":"","overlay-gradient":""},"mobile":{"background-color":"var(--ast-global-color-4)","background-image":"","background-repeat":"repeat","background-position":"center center","background-size":"auto","background-attachment":"scroll","background-type":"","background-media":"","overlay-type":"","overlay-color":"","overlay-opacity":"","overlay-gradient":""}},"_joinchat":[],"footnotes":""},"categories":[27],"tags":[],"_links":{"self":[{"href":"https:\/\/radiosantaclara.sitetopfm.com.br\/site\/wp-json\/wp\/v2\/posts\/5662"}],"collection":[{"href":"https:\/\/radiosantaclara.sitetopfm.com.br\/site\/wp-json\/wp\/v2\/posts"}],"about":[{"href":"https:\/\/radiosantaclara.sitetopfm.com.br\/site\/wp-json\/wp\/v2\/types\/post"}],"author":[{"embeddable":true,"href":"https:\/\/radiosantaclara.sitetopfm.com.br\/site\/wp-json\/wp\/v2\/users\/1"}],"replies":[{"embeddable":true,"href":"https:\/\/radiosantaclara.sitetopfm.com.br\/site\/wp-json\/wp\/v2\/comments?post=5662"}],"version-history":[{"count":0,"href":"https:\/\/radiosantaclara.sitetopfm.com.br\/site\/wp-json\/wp\/v2\/posts\/5662\/revisions"}],"wp:featuredmedia":[{"embeddable":true,"href":"https:\/\/radiosantaclara.sitetopfm.com.br\/site\/wp-json\/wp\/v2\/media\/5663"}],"wp:attachment":[{"href":"https:\/\/radiosantaclara.sitetopfm.com.br\/site\/wp-json\/wp\/v2\/media?parent=5662"}],"wp:term":[{"taxonomy":"category","embeddable":true,"href":"https:\/\/radiosantaclara.sitetopfm.com.br\/site\/wp-json\/wp\/v2\/categories?post=5662"},{"taxonomy":"post_tag","embeddable":true,"href":"https:\/\/radiosantaclara.sitetopfm.com.br\/site\/wp-json\/wp\/v2\/tags?post=5662"}],"curies":[{"name":"wp","href":"https:\/\/api.w.org\/{rel}","templated":true}]}}