{"id":5650,"date":"2025-12-19T02:53:40","date_gmt":"2025-12-19T05:53:40","guid":{"rendered":"https:\/\/radiosantaclara.sitetopfm.com.br\/site\/congresso-adia-para-esta-sexta-feira-sessao-para-votar-orcamento-de-2026-e-creditos-suplementares-noticias\/"},"modified":"2025-12-19T02:53:40","modified_gmt":"2025-12-19T05:53:40","slug":"congresso-adia-para-esta-sexta-feira-sessao-para-votar-orcamento-de-2026-e-creditos-suplementares-noticias","status":"publish","type":"post","link":"https:\/\/radiosantaclara.sitetopfm.com.br\/site\/congresso-adia-para-esta-sexta-feira-sessao-para-votar-orcamento-de-2026-e-creditos-suplementares-noticias\/","title":{"rendered":"Congresso adia para esta sexta-feira sess\u00e3o para votar Or\u00e7amento de 2026 e cr\u00e9ditos suplementares &#8211; Not\u00edcias"},"content":{"rendered":"<p> <br \/>\n<\/p>\n<div>\n<div>\n<p class=\"g-artigo__data-hora\">\n                      18\/12\/2025 &#8211; 11:57 \u00a0\n                    <\/p>\n<div id=\"image-container-1234363\" class=\"image-container\" style=\"float: none; margin: 45px 0px; width: 100%;\" data-midia=\"1234363\">\n<p><em>Kayo Magalh\u00e3es \/ C\u00e2mara dos Deputados<\/em><\/p>\n<p>Sess\u00e3o conjunta do Congresso Nacional<\/p>\n<\/p><\/div>\n<p>Foi adiada para esta sexta-feira (19) a sess\u00e3o conjunta do Congresso Nacional para votar o Projeto de Lei Or\u00e7ament\u00e1ria Anual (<span id=\"4123\" class=\"termoGlossario\" title=\"Comumente denominada or\u00e7amento, \u00e9 a lei que cont\u00e9m a discrimina\u00e7\u00e3o da receita e da despesa p\u00fablica para o ano. \u00c9 elaborada pelo Executivo e votada pelo Congresso Nacional.\" contenteditable=\"false\" data-toggle=\"tooltip\" data-placement=\"top\">PLOA<\/span>) de 2026. A sess\u00e3o ocorrer\u00e1 no Plen\u00e1rio da C\u00e2mara dos Deputados, \u00e0s 12 horas.<\/p>\n<p>Al\u00e9m do Or\u00e7amento para o pr\u00f3ximo ano (PLN 15\/25), a pauta inclui outros 20 projetos de lei que abrem cr\u00e9ditos adicionais no Or\u00e7amento de 2025. Esses recursos s\u00e3o destinados a diversos minist\u00e9rios e \u00f3rg\u00e3os dos Poderes Judici\u00e1rio e Executivo.<\/p>\n<p><strong>Or\u00e7amento para 2026<\/strong><br \/>O projeto de Or\u00e7amento estima a receita e fixa a despesa da Uni\u00e3o para o pr\u00f3ximo ano. O texto define onde o governo federal aplicar\u00e1 os recursos, em \u00e1reas como sa\u00fade, educa\u00e7\u00e3o e infraestrutura.<\/p>\n<p>A aprova\u00e7\u00e3o do Or\u00e7amento \u00e9 necess\u00e1ria para garantir o funcionamento dos servi\u00e7os p\u00fablicos a partir de janeiro.<\/p>\n<p>Os parlamentares tamb\u00e9m devem analisar projetos que remanejam ou liberam novos recursos para o exerc\u00edcio atual (2025).<\/p>\n<p><strong>Tramita\u00e7\u00e3o<\/strong><br \/>Os projetos de lei do Congresso Nacional (PLNs) precisam de aprova\u00e7\u00e3o tanto de deputados quanto de senadores para seguirem para a san\u00e7\u00e3o presidencial.<\/p>\n<p style=\"font-size: 0.8rem; font-weight: 700;\">Da Reda\u00e7\u00e3o &#8211; GM<\/p>\n<\/p><\/div>\n<\/p><\/div>\n<p><br \/>\n<br \/><a href=\"https:\/\/www.camara.leg.br\/noticias\/1234362-congresso-adia-para-esta-sexta-feira-sessao-para-votar-orcamento-de-2026-e-creditos-suplementares\/\">postagem original <\/a><\/p>\n","protected":false},"excerpt":{"rendered":"<p>18\/12\/2025 &#8211; 11:57 \u00a0 Kayo Magalh\u00e3es \/ C\u00e2mara dos Deputados Sess\u00e3o conjunta do Congresso Nacional Foi adiada para esta sexta-feira [&hellip;]<\/p>\n","protected":false},"author":1,"featured_media":5621,"comment_status":"open","ping_status":"open","sticky":false,"template":"","format":"standard","meta":{"site-sidebar-layout":"default","site-content-layout":"","ast-site-content-layout":"default","site-content-style":"default","site-sidebar-style":"default","ast-global-header-display":"","ast-banner-title-visibility":"","ast-main-header-display":"","ast-hfb-above-header-display":"","ast-hfb-below-header-display":"","ast-hfb-mobile-header-display":"","site-post-title":"","ast-breadcrumbs-content":"","ast-featured-img":"","footer-sml-layout":"","theme-transparent-header-meta":"","adv-header-id-meta":"","stick-header-meta":"","header-above-stick-meta":"","header-main-stick-meta":"","header-below-stick-meta":"","astra-migrate-meta-layouts":"default","ast-page-background-enabled":"default","ast-page-background-meta":{"desktop":{"background-color":"var(--ast-global-color-5)","background-image":"","background-repeat":"repeat","background-position":"center center","background-size":"auto","background-attachment":"scroll","background-type":"","background-media":"","overlay-type":"","overlay-color":"","overlay-opacity":"","overlay-gradient":""},"tablet":{"background-color":"","background-image":"","background-repeat":"repeat","background-position":"center center","background-size":"auto","background-attachment":"scroll","background-type":"","background-media":"","overlay-type":"","overlay-color":"","overlay-opacity":"","overlay-gradient":""},"mobile":{"background-color":"","background-image":"","background-repeat":"repeat","background-position":"center center","background-size":"auto","background-attachment":"scroll","background-type":"","background-media":"","overlay-type":"","overlay-color":"","overlay-opacity":"","overlay-gradient":""}},"ast-content-background-meta":{"desktop":{"background-color":"var(--ast-global-color-4)","background-image":"","background-repeat":"repeat","background-position":"center center","background-size":"auto","background-attachment":"scroll","background-type":"","background-media":"","overlay-type":"","overlay-color":"","overlay-opacity":"","overlay-gradient":""},"tablet":{"background-color":"var(--ast-global-color-4)","background-image":"","background-repeat":"repeat","background-position":"center center","background-size":"auto","background-attachment":"scroll","background-type":"","background-media":"","overlay-type":"","overlay-color":"","overlay-opacity":"","overlay-gradient":""},"mobile":{"background-color":"var(--ast-global-color-4)","background-image":"","background-repeat":"repeat","background-position":"center center","background-size":"auto","background-attachment":"scroll","background-type":"","background-media":"","overlay-type":"","overlay-color":"","overlay-opacity":"","overlay-gradient":""}},"_joinchat":[],"footnotes":""},"categories":[34],"tags":[],"_links":{"self":[{"href":"https:\/\/radiosantaclara.sitetopfm.com.br\/site\/wp-json\/wp\/v2\/posts\/5650"}],"collection":[{"href":"https:\/\/radiosantaclara.sitetopfm.com.br\/site\/wp-json\/wp\/v2\/posts"}],"about":[{"href":"https:\/\/radiosantaclara.sitetopfm.com.br\/site\/wp-json\/wp\/v2\/types\/post"}],"author":[{"embeddable":true,"href":"https:\/\/radiosantaclara.sitetopfm.com.br\/site\/wp-json\/wp\/v2\/users\/1"}],"replies":[{"embeddable":true,"href":"https:\/\/radiosantaclara.sitetopfm.com.br\/site\/wp-json\/wp\/v2\/comments?post=5650"}],"version-history":[{"count":0,"href":"https:\/\/radiosantaclara.sitetopfm.com.br\/site\/wp-json\/wp\/v2\/posts\/5650\/revisions"}],"wp:featuredmedia":[{"embeddable":true,"href":"https:\/\/radiosantaclara.sitetopfm.com.br\/site\/wp-json\/wp\/v2\/media\/5621"}],"wp:attachment":[{"href":"https:\/\/radiosantaclara.sitetopfm.com.br\/site\/wp-json\/wp\/v2\/media?parent=5650"}],"wp:term":[{"taxonomy":"category","embeddable":true,"href":"https:\/\/radiosantaclara.sitetopfm.com.br\/site\/wp-json\/wp\/v2\/categories?post=5650"},{"taxonomy":"post_tag","embeddable":true,"href":"https:\/\/radiosantaclara.sitetopfm.com.br\/site\/wp-json\/wp\/v2\/tags?post=5650"}],"curies":[{"name":"wp","href":"https:\/\/api.w.org\/{rel}","templated":true}]}}