{"id":5632,"date":"2025-12-18T15:55:22","date_gmt":"2025-12-18T18:55:22","guid":{"rendered":"https:\/\/radiosantaclara.sitetopfm.com.br\/site\/comissao-aprova-meia-entrada-para-pessoas-com-doencas-cronicas-raras-ou-graves-noticias\/"},"modified":"2025-12-18T15:55:22","modified_gmt":"2025-12-18T18:55:22","slug":"comissao-aprova-meia-entrada-para-pessoas-com-doencas-cronicas-raras-ou-graves-noticias","status":"publish","type":"post","link":"https:\/\/radiosantaclara.sitetopfm.com.br\/site\/comissao-aprova-meia-entrada-para-pessoas-com-doencas-cronicas-raras-ou-graves-noticias\/","title":{"rendered":"Comiss\u00e3o aprova meia-entrada para pessoas com doen\u00e7as cr\u00f4nicas, raras ou graves &#8211; Not\u00edcias"},"content":{"rendered":"<p> <br \/>\n<\/p>\n<div>\n<div>\n<p class=\"g-artigo__data-hora\">\n                      18\/12\/2025 &#8211; 08:54 \u00a0\n                    <\/p>\n<div id=\"image-container-1234445\" class=\"image-container\" style=\"float: none; margin: 45px 0px; width: 100%;\" data-midia=\"1234445\">\n<p><em>Renato Ara\u00fajo \/ C\u00e2mara dos Deputados<\/em><\/p>\n<p>Laura Carneiro \u00e9 a relatora na CCJ<\/p>\n<\/p><\/div>\n<p>A Comiss\u00e3o de Constitui\u00e7\u00e3o e Justi\u00e7a da C\u00e2mara dos Deputados aprovou projeto que garante meia-entrada em eventos culturais e esportivos para pessoas com doen\u00e7as cr\u00f4nicas, raras ou graves. A defini\u00e7\u00e3o segue crit\u00e9rios da <a class=\"linkLegislacao\" href=\"https:\/\/www2.camara.gov.br\/legin\/fed\/lei\/1991\/lei-8213-24-julho-1991-363650-norma-pl.html\">Lei dos Planos de Benef\u00edcios da Previd\u00eancia Social<\/a>. O desconto poder\u00e1 ser estendido a um acompanhante, quando necess\u00e1rio.<\/p>\n<p>Como foi aprovada em <span id=\"4322\" class=\"termoGlossario\" title=\"Rito de tramita\u00e7\u00e3o pelo qual o projeto \u00e9 votado apenas pelas comiss\u00f5es designadas para analis\u00e1-lo, dispensada a delibera\u00e7\u00e3o do Plen\u00e1rio. O projeto perde o car\u00e1ter conclusivo se houver decis\u00e3o divergente entre as comiss\u00f5es ou se, independentemente de ser aprovado ou rejeitado, houver recurso assinado por 52 deputados para a aprecia\u00e7\u00e3o da mat\u00e9ria no Plen\u00e1rio.\" contenteditable=\"false\" data-toggle=\"tooltip\" data-placement=\"top\">car\u00e1ter conclusivo<\/span>, a proposta segue para an\u00e1lise do Senado, exceto se houver recurso para vota\u00e7\u00e3o pelo Plen\u00e1rio.<\/p>\n<p>A vers\u00e3o aprovada \u00e9 um <span id=\"4098\" class=\"termoGlossario\" title=\"Nome que se d\u00e1 ao texto que altera substancialmente o conte\u00fado original da proposta. O substitutivo \u00e9 apresentado pelo relator e tem prefer\u00eancia na vota\u00e7\u00e3o sobre o projeto original.\" contenteditable=\"false\" data-toggle=\"tooltip\" data-placement=\"top\">substitutivo<\/span> do relator da Comiss\u00e3o de Cultura e re\u00fane o <a class=\"linkProposicao\" href=\"https:\/\/www.camara.leg.br\/noticias\/508068-projeto-concede-meia-entrada-para-pessoas-com-doencas-cronicas-e-graves\">Projeto de Lei 5165\/16<\/a>, do deputado Paulo Azi (Uni\u00e3o-BA), com outra proposta <span id=\"4069\" class=\"termoGlossario\" title=\"Projeto que tramita em conjunto com outro que trate de mat\u00e9ria semelhante. O relator deve analisar todas as proposi\u00e7\u00f5es apensadas, que dever\u00e3o constar do seu parecer.\" contenteditable=\"false\" data-toggle=\"tooltip\" data-placement=\"top\">apensada<\/span>. A relatora na CCJ, deputada Laura Carneiro (PSD-RJ), recomendou a aprova\u00e7\u00e3o da mat\u00e9ria com ajustes de t\u00e9cnica legislativa e constitucionalidade.<\/p>\n<p class=\"mb-2 whitespace-pre-wrap\">Segundo Laura Carneiro, a medida n\u00e3o fere a Constitui\u00e7\u00e3o e representa um avan\u00e7o na inclus\u00e3o social, pois a Uni\u00e3o tem compet\u00eancia para legislar sobre prote\u00e7\u00e3o ao patrim\u00f4nio cultural e acesso \u00e0 cultura.<\/p>\n<p class=\"mb-2 whitespace-pre-wrap\">\u201cAo facilitar o acesso a eventos dessa natureza, a medida que ora propomos \u00e9 capaz de trazer in\u00fameros benef\u00edcios para equilibrar a vida social, psicol\u00f3gica e afetiva dos doentes mais jovens e seus familiares\u201d, destacou Laura Carneiro em seu parecer.<\/p>\n<p>A proposta altera a <a class=\"linkLegislacao\" href=\"https:\/\/www2.camara.gov.br\/legin\/fed\/lei\/2013\/lei-12933-26-dezembro-2013-777776-norma-pl.html\">Lei da Meia-Entrada<\/a>.<\/p>\n<p style=\"font-size: 0.8rem; font-weight: 700;\">Reportagem \u2013 Emanuelle Brasil<br \/>Edi\u00e7\u00e3o \u2013 Rachel Librelon<\/p>\n<\/p><\/div>\n<\/p><\/div>\n<p><br \/>\n<br \/><a href=\"https:\/\/www.camara.leg.br\/noticias\/1234272-comissao-aprova-meia-entrada-para-pessoas-com-doencas-cronicas-raras-ou-graves\/\">postagem original <\/a><\/p>\n","protected":false},"excerpt":{"rendered":"<p>18\/12\/2025 &#8211; 08:54 \u00a0 Renato Ara\u00fajo \/ C\u00e2mara dos Deputados Laura Carneiro \u00e9 a relatora na CCJ A Comiss\u00e3o de [&hellip;]<\/p>\n","protected":false},"author":1,"featured_media":5633,"comment_status":"open","ping_status":"open","sticky":false,"template":"","format":"standard","meta":{"site-sidebar-layout":"default","site-content-layout":"","ast-site-content-layout":"default","site-content-style":"default","site-sidebar-style":"default","ast-global-header-display":"","ast-banner-title-visibility":"","ast-main-header-display":"","ast-hfb-above-header-display":"","ast-hfb-below-header-display":"","ast-hfb-mobile-header-display":"","site-post-title":"","ast-breadcrumbs-content":"","ast-featured-img":"","footer-sml-layout":"","theme-transparent-header-meta":"","adv-header-id-meta":"","stick-header-meta":"","header-above-stick-meta":"","header-main-stick-meta":"","header-below-stick-meta":"","astra-migrate-meta-layouts":"default","ast-page-background-enabled":"default","ast-page-background-meta":{"desktop":{"background-color":"var(--ast-global-color-5)","background-image":"","background-repeat":"repeat","background-position":"center center","background-size":"auto","background-attachment":"scroll","background-type":"","background-media":"","overlay-type":"","overlay-color":"","overlay-opacity":"","overlay-gradient":""},"tablet":{"background-color":"","background-image":"","background-repeat":"repeat","background-position":"center center","background-size":"auto","background-attachment":"scroll","background-type":"","background-media":"","overlay-type":"","overlay-color":"","overlay-opacity":"","overlay-gradient":""},"mobile":{"background-color":"","background-image":"","background-repeat":"repeat","background-position":"center center","background-size":"auto","background-attachment":"scroll","background-type":"","background-media":"","overlay-type":"","overlay-color":"","overlay-opacity":"","overlay-gradient":""}},"ast-content-background-meta":{"desktop":{"background-color":"var(--ast-global-color-4)","background-image":"","background-repeat":"repeat","background-position":"center center","background-size":"auto","background-attachment":"scroll","background-type":"","background-media":"","overlay-type":"","overlay-color":"","overlay-opacity":"","overlay-gradient":""},"tablet":{"background-color":"var(--ast-global-color-4)","background-image":"","background-repeat":"repeat","background-position":"center center","background-size":"auto","background-attachment":"scroll","background-type":"","background-media":"","overlay-type":"","overlay-color":"","overlay-opacity":"","overlay-gradient":""},"mobile":{"background-color":"var(--ast-global-color-4)","background-image":"","background-repeat":"repeat","background-position":"center center","background-size":"auto","background-attachment":"scroll","background-type":"","background-media":"","overlay-type":"","overlay-color":"","overlay-opacity":"","overlay-gradient":""}},"_joinchat":[],"footnotes":""},"categories":[30],"tags":[],"_links":{"self":[{"href":"https:\/\/radiosantaclara.sitetopfm.com.br\/site\/wp-json\/wp\/v2\/posts\/5632"}],"collection":[{"href":"https:\/\/radiosantaclara.sitetopfm.com.br\/site\/wp-json\/wp\/v2\/posts"}],"about":[{"href":"https:\/\/radiosantaclara.sitetopfm.com.br\/site\/wp-json\/wp\/v2\/types\/post"}],"author":[{"embeddable":true,"href":"https:\/\/radiosantaclara.sitetopfm.com.br\/site\/wp-json\/wp\/v2\/users\/1"}],"replies":[{"embeddable":true,"href":"https:\/\/radiosantaclara.sitetopfm.com.br\/site\/wp-json\/wp\/v2\/comments?post=5632"}],"version-history":[{"count":0,"href":"https:\/\/radiosantaclara.sitetopfm.com.br\/site\/wp-json\/wp\/v2\/posts\/5632\/revisions"}],"wp:featuredmedia":[{"embeddable":true,"href":"https:\/\/radiosantaclara.sitetopfm.com.br\/site\/wp-json\/wp\/v2\/media\/5633"}],"wp:attachment":[{"href":"https:\/\/radiosantaclara.sitetopfm.com.br\/site\/wp-json\/wp\/v2\/media?parent=5632"}],"wp:term":[{"taxonomy":"category","embeddable":true,"href":"https:\/\/radiosantaclara.sitetopfm.com.br\/site\/wp-json\/wp\/v2\/categories?post=5632"},{"taxonomy":"post_tag","embeddable":true,"href":"https:\/\/radiosantaclara.sitetopfm.com.br\/site\/wp-json\/wp\/v2\/tags?post=5632"}],"curies":[{"name":"wp","href":"https:\/\/api.w.org\/{rel}","templated":true}]}}