{"id":5406,"date":"2025-12-11T16:04:08","date_gmt":"2025-12-11T19:04:08","guid":{"rendered":"https:\/\/radiosantaclara.sitetopfm.com.br\/site\/comissao-aprova-projeto-que-altera-regras-do-programa-nacional-de-microcredito-noticias-2\/"},"modified":"2025-12-11T16:04:08","modified_gmt":"2025-12-11T19:04:08","slug":"comissao-aprova-projeto-que-altera-regras-do-programa-nacional-de-microcredito-noticias-2","status":"publish","type":"post","link":"https:\/\/radiosantaclara.sitetopfm.com.br\/site\/comissao-aprova-projeto-que-altera-regras-do-programa-nacional-de-microcredito-noticias-2\/","title":{"rendered":"Comiss\u00e3o aprova projeto que altera regras do Programa Nacional de Microcr\u00e9dito &#8211; Not\u00edcias"},"content":{"rendered":"<p> <br \/>\n<\/p>\n<div>\n<div>\n<p class=\"g-artigo__data-hora\">\n                      11\/12\/2025 &#8211; 13:26 \u00a0\n                    <\/p>\n<div id=\"image-container-1232204\" class=\"image-container\" style=\"float: none; margin: 45px 0px; width: 100%;\" data-midia=\"1232204\">\n<p><em>Kayo Magalh\u00e3es \/ C\u00e2mara dos Deputados<\/em><\/p>\n<p>Julia Zanatta \u00e9 a relatora do projeto<\/p>\n<\/p><\/div>\n<p>A Comiss\u00e3o de Constitui\u00e7\u00e3o e Justi\u00e7a e de Cidadania (CCJ) da C\u00e2mara dos Deputados aprovou o <a class=\"linkProposicao\" href=\"https:\/\/www.camara.leg.br\/noticias\/1156066-proposta-altera-regras-do-programa-nacional-de-microcredito\">Projeto de Lei 3190\/23<\/a>, do Senado, que altera regras do Programa Nacional de Microcr\u00e9dito Produtivo Orientado (PNMPO) para incorporar novas modalidades.<\/p>\n<p>Pela proposta,\u00a0at\u00e9 20% dos recursos do programa poder\u00e3o ser destinados para o financiamento de a\u00e7\u00f5es em favor da cidadania do microempreendedor, como:<\/p>\n<ul>\n<li>melhoria da habita\u00e7\u00e3o ou aquisi\u00e7\u00e3o de moradia de baixo valor;<\/li>\n<li>compra de ve\u00edculos utilit\u00e1rios ou de outros bens e servi\u00e7os relacionados \u00e0 mobilidade familiar;<\/li>\n<li>forma\u00e7\u00e3o profissional;<\/li>\n<li>tratamento de sa\u00fade; e<\/li>\n<li>aquisi\u00e7\u00e3o de equipamentos especiais para locomo\u00e7\u00e3o de pessoas com defici\u00eancia.<\/li>\n<\/ul>\n<p>Atualmente, a <a class=\"linkLegislacao\" href=\"https:\/\/www2.camara.gov.br\/legin\/fed\/lei\/2018\/lei-13636-20-marco-2018-786333-norma-pl.html\">Lei 13.636\/18<\/a>, que trata do PNMPO, determina que o microcr\u00e9dito produtivo orientado destina-se apenas ao fomento e ao financiamento de atividades produtivas.<\/p>\n<p>Como tramita em <span id=\"4322\" class=\"termoGlossario\" title=\"Rito de tramita\u00e7\u00e3o pelo qual o projeto \u00e9 votado apenas pelas comiss\u00f5es designadas para analis\u00e1-lo, dispensada a delibera\u00e7\u00e3o do Plen\u00e1rio. O projeto perde o car\u00e1ter conclusivo se houver decis\u00e3o divergente entre as comiss\u00f5es ou se, independentemente de ser aprovado ou rejeitado, houver recurso assinado por 52 deputados para a aprecia\u00e7\u00e3o da mat\u00e9ria no Plen\u00e1rio.\" contenteditable=\"false\" data-toggle=\"tooltip\" data-placement=\"top\">car\u00e1ter conclusivo<\/span>, o texto dever\u00e1 seguir para san\u00e7\u00e3o presidencial, salvo se houver recurso para an\u00e1lise pelo Plen\u00e1rio da C\u00e2mara.<\/p>\n<p>A relatora na CCJ, deputada Julia Zanatta (PL-SC), recomendou a aprova\u00e7\u00e3o do projeto.<\/p>\n<p>O texto prev\u00ea que o Conselho Monet\u00e1rio Nacional (CMN) estabele\u00e7a limites diferenciados de taxas de juros conforme o custo de capta\u00e7\u00e3o dos bancos. Al\u00e9m disso, prev\u00ea condi\u00e7\u00f5es especiais de acesso a recursos do Fundo de Amparo ao Trabalhador (FAT) por Organiza\u00e7\u00f5es da Sociedade Civil de Interesse P\u00fablico (Oscip) que atuem como operadoras de microcr\u00e9dito.<\/p>\n<p style=\"font-size: 0.8rem; font-weight: 700;\">Da Reportagem\/RM<br \/>Edi\u00e7\u00e3o \u2013 Rachel Librelon<\/p>\n<\/p><\/div>\n<\/p><\/div>\n<p><br \/>\n<br \/><a href=\"https:\/\/www.camara.leg.br\/noticias\/1232109-comissao-aprova-projeto-que-altera-regras-do-programa-nacional-de-microcredito\/\">postagem original <\/a><\/p>\n","protected":false},"excerpt":{"rendered":"<p>11\/12\/2025 &#8211; 13:26 \u00a0 Kayo Magalh\u00e3es \/ C\u00e2mara dos Deputados Julia Zanatta \u00e9 a relatora do projeto A Comiss\u00e3o de [&hellip;]<\/p>\n","protected":false},"author":1,"featured_media":5407,"comment_status":"open","ping_status":"open","sticky":false,"template":"","format":"standard","meta":{"site-sidebar-layout":"default","site-content-layout":"","ast-site-content-layout":"default","site-content-style":"default","site-sidebar-style":"default","ast-global-header-display":"","ast-banner-title-visibility":"","ast-main-header-display":"","ast-hfb-above-header-display":"","ast-hfb-below-header-display":"","ast-hfb-mobile-header-display":"","site-post-title":"","ast-breadcrumbs-content":"","ast-featured-img":"","footer-sml-layout":"","theme-transparent-header-meta":"","adv-header-id-meta":"","stick-header-meta":"","header-above-stick-meta":"","header-main-stick-meta":"","header-below-stick-meta":"","astra-migrate-meta-layouts":"default","ast-page-background-enabled":"default","ast-page-background-meta":{"desktop":{"background-color":"var(--ast-global-color-5)","background-image":"","background-repeat":"repeat","background-position":"center center","background-size":"auto","background-attachment":"scroll","background-type":"","background-media":"","overlay-type":"","overlay-color":"","overlay-opacity":"","overlay-gradient":""},"tablet":{"background-color":"","background-image":"","background-repeat":"repeat","background-position":"center center","background-size":"auto","background-attachment":"scroll","background-type":"","background-media":"","overlay-type":"","overlay-color":"","overlay-opacity":"","overlay-gradient":""},"mobile":{"background-color":"","background-image":"","background-repeat":"repeat","background-position":"center center","background-size":"auto","background-attachment":"scroll","background-type":"","background-media":"","overlay-type":"","overlay-color":"","overlay-opacity":"","overlay-gradient":""}},"ast-content-background-meta":{"desktop":{"background-color":"var(--ast-global-color-4)","background-image":"","background-repeat":"repeat","background-position":"center center","background-size":"auto","background-attachment":"scroll","background-type":"","background-media":"","overlay-type":"","overlay-color":"","overlay-opacity":"","overlay-gradient":""},"tablet":{"background-color":"var(--ast-global-color-4)","background-image":"","background-repeat":"repeat","background-position":"center center","background-size":"auto","background-attachment":"scroll","background-type":"","background-media":"","overlay-type":"","overlay-color":"","overlay-opacity":"","overlay-gradient":""},"mobile":{"background-color":"var(--ast-global-color-4)","background-image":"","background-repeat":"repeat","background-position":"center center","background-size":"auto","background-attachment":"scroll","background-type":"","background-media":"","overlay-type":"","overlay-color":"","overlay-opacity":"","overlay-gradient":""}},"_joinchat":[],"footnotes":""},"categories":[34],"tags":[],"_links":{"self":[{"href":"https:\/\/radiosantaclara.sitetopfm.com.br\/site\/wp-json\/wp\/v2\/posts\/5406"}],"collection":[{"href":"https:\/\/radiosantaclara.sitetopfm.com.br\/site\/wp-json\/wp\/v2\/posts"}],"about":[{"href":"https:\/\/radiosantaclara.sitetopfm.com.br\/site\/wp-json\/wp\/v2\/types\/post"}],"author":[{"embeddable":true,"href":"https:\/\/radiosantaclara.sitetopfm.com.br\/site\/wp-json\/wp\/v2\/users\/1"}],"replies":[{"embeddable":true,"href":"https:\/\/radiosantaclara.sitetopfm.com.br\/site\/wp-json\/wp\/v2\/comments?post=5406"}],"version-history":[{"count":0,"href":"https:\/\/radiosantaclara.sitetopfm.com.br\/site\/wp-json\/wp\/v2\/posts\/5406\/revisions"}],"wp:featuredmedia":[{"embeddable":true,"href":"https:\/\/radiosantaclara.sitetopfm.com.br\/site\/wp-json\/wp\/v2\/media\/5407"}],"wp:attachment":[{"href":"https:\/\/radiosantaclara.sitetopfm.com.br\/site\/wp-json\/wp\/v2\/media?parent=5406"}],"wp:term":[{"taxonomy":"category","embeddable":true,"href":"https:\/\/radiosantaclara.sitetopfm.com.br\/site\/wp-json\/wp\/v2\/categories?post=5406"},{"taxonomy":"post_tag","embeddable":true,"href":"https:\/\/radiosantaclara.sitetopfm.com.br\/site\/wp-json\/wp\/v2\/tags?post=5406"}],"curies":[{"name":"wp","href":"https:\/\/api.w.org\/{rel}","templated":true}]}}