{"id":5170,"date":"2025-12-02T13:33:41","date_gmt":"2025-12-02T16:33:41","guid":{"rendered":"https:\/\/radiosantaclara.sitetopfm.com.br\/site\/comissao-de-saude-debate-reajuste-da-tabela-do-sus-para-dialise-noticias\/"},"modified":"2025-12-02T13:33:41","modified_gmt":"2025-12-02T16:33:41","slug":"comissao-de-saude-debate-reajuste-da-tabela-do-sus-para-dialise-noticias","status":"publish","type":"post","link":"https:\/\/radiosantaclara.sitetopfm.com.br\/site\/comissao-de-saude-debate-reajuste-da-tabela-do-sus-para-dialise-noticias\/","title":{"rendered":"Comiss\u00e3o de Sa\u00fade debate reajuste da tabela do SUS para di\u00e1lise &#8211; Not\u00edcias"},"content":{"rendered":"<p> <br \/>\n<\/p>\n<div>\n<div>\n<p class=\"g-artigo__data-hora\">\n                      02\/12\/2025 &#8211; 13:07 \u00a0\n                    <\/p>\n<div id=\"image-container-765370\" class=\"image-container\" style=\"float: none; margin: 45px 0px; width: 100%;\" data-midia=\"765370\">\n<p><em>Pedro Guerreiro\/Ag. Par\u00e1<\/em><\/p>\n<p>Setor de di\u00e1lise enfrenta crise financeira<\/p>\n<\/p><\/div>\n<p>A Comiss\u00e3o de Sa\u00fade da C\u00e2mara dos Deputados realiza, nesta quarta-feira (3), audi\u00eancia p\u00fablica sobre a urg\u00eancia de reajuste da Tabela do Sistema \u00danico de Sa\u00fade (SUS) nos procedimentos de di\u00e1lise. O objetivo \u00e9 discutir a garantia de assist\u00eancia adequada aos pacientes renais cr\u00f4nicos e assegurar a sustentabilidade das cl\u00ednicas que prestam o servi\u00e7o ao SUS.<\/p>\n<p>O debate foi solicitado pelo deputado Pedro Westphalen (PP-RS) e est\u00e1 marcado para as 17 horas, no plen\u00e1rio 7.<\/p>\n<p>Segundo o parlamentar, o setor de di\u00e1lise enfrenta crise financeira nos \u00faltimos anos, resultado da defasagem da tabela e do aumento cont\u00ednuo dos custos operacionais. &#8220;Essa situa\u00e7\u00e3o amea\u00e7a a continuidade dos atendimentos e compromete a qualidade dos servi\u00e7os prestados aos pacientes&#8221;, afirma o deputado.<\/p>\n<p style=\"font-size: 0.8rem; font-weight: 700;\">Da Reda\u00e7\u00e3o \u2013 RL<\/p>\n<\/p><\/div>\n<\/p><\/div>\n<p><br \/>\n<br \/><a href=\"https:\/\/www.camara.leg.br\/noticias\/1228304-comissao-de-saude-debate-reajuste-da-tabela-do-sus-para-dialise\/\">postagem original <\/a><\/p>\n","protected":false},"excerpt":{"rendered":"<p>02\/12\/2025 &#8211; 13:07 \u00a0 Pedro Guerreiro\/Ag. Par\u00e1 Setor de di\u00e1lise enfrenta crise financeira A Comiss\u00e3o de Sa\u00fade da C\u00e2mara dos [&hellip;]<\/p>\n","protected":false},"author":1,"featured_media":5171,"comment_status":"open","ping_status":"open","sticky":false,"template":"","format":"standard","meta":{"site-sidebar-layout":"default","site-content-layout":"","ast-site-content-layout":"default","site-content-style":"default","site-sidebar-style":"default","ast-global-header-display":"","ast-banner-title-visibility":"","ast-main-header-display":"","ast-hfb-above-header-display":"","ast-hfb-below-header-display":"","ast-hfb-mobile-header-display":"","site-post-title":"","ast-breadcrumbs-content":"","ast-featured-img":"","footer-sml-layout":"","theme-transparent-header-meta":"","adv-header-id-meta":"","stick-header-meta":"","header-above-stick-meta":"","header-main-stick-meta":"","header-below-stick-meta":"","astra-migrate-meta-layouts":"default","ast-page-background-enabled":"default","ast-page-background-meta":{"desktop":{"background-color":"var(--ast-global-color-5)","background-image":"","background-repeat":"repeat","background-position":"center center","background-size":"auto","background-attachment":"scroll","background-type":"","background-media":"","overlay-type":"","overlay-color":"","overlay-opacity":"","overlay-gradient":""},"tablet":{"background-color":"","background-image":"","background-repeat":"repeat","background-position":"center center","background-size":"auto","background-attachment":"scroll","background-type":"","background-media":"","overlay-type":"","overlay-color":"","overlay-opacity":"","overlay-gradient":""},"mobile":{"background-color":"","background-image":"","background-repeat":"repeat","background-position":"center center","background-size":"auto","background-attachment":"scroll","background-type":"","background-media":"","overlay-type":"","overlay-color":"","overlay-opacity":"","overlay-gradient":""}},"ast-content-background-meta":{"desktop":{"background-color":"var(--ast-global-color-4)","background-image":"","background-repeat":"repeat","background-position":"center center","background-size":"auto","background-attachment":"scroll","background-type":"","background-media":"","overlay-type":"","overlay-color":"","overlay-opacity":"","overlay-gradient":""},"tablet":{"background-color":"var(--ast-global-color-4)","background-image":"","background-repeat":"repeat","background-position":"center center","background-size":"auto","background-attachment":"scroll","background-type":"","background-media":"","overlay-type":"","overlay-color":"","overlay-opacity":"","overlay-gradient":""},"mobile":{"background-color":"var(--ast-global-color-4)","background-image":"","background-repeat":"repeat","background-position":"center center","background-size":"auto","background-attachment":"scroll","background-type":"","background-media":"","overlay-type":"","overlay-color":"","overlay-opacity":"","overlay-gradient":""}},"_joinchat":[],"footnotes":""},"categories":[36],"tags":[],"_links":{"self":[{"href":"https:\/\/radiosantaclara.sitetopfm.com.br\/site\/wp-json\/wp\/v2\/posts\/5170"}],"collection":[{"href":"https:\/\/radiosantaclara.sitetopfm.com.br\/site\/wp-json\/wp\/v2\/posts"}],"about":[{"href":"https:\/\/radiosantaclara.sitetopfm.com.br\/site\/wp-json\/wp\/v2\/types\/post"}],"author":[{"embeddable":true,"href":"https:\/\/radiosantaclara.sitetopfm.com.br\/site\/wp-json\/wp\/v2\/users\/1"}],"replies":[{"embeddable":true,"href":"https:\/\/radiosantaclara.sitetopfm.com.br\/site\/wp-json\/wp\/v2\/comments?post=5170"}],"version-history":[{"count":0,"href":"https:\/\/radiosantaclara.sitetopfm.com.br\/site\/wp-json\/wp\/v2\/posts\/5170\/revisions"}],"wp:featuredmedia":[{"embeddable":true,"href":"https:\/\/radiosantaclara.sitetopfm.com.br\/site\/wp-json\/wp\/v2\/media\/5171"}],"wp:attachment":[{"href":"https:\/\/radiosantaclara.sitetopfm.com.br\/site\/wp-json\/wp\/v2\/media?parent=5170"}],"wp:term":[{"taxonomy":"category","embeddable":true,"href":"https:\/\/radiosantaclara.sitetopfm.com.br\/site\/wp-json\/wp\/v2\/categories?post=5170"},{"taxonomy":"post_tag","embeddable":true,"href":"https:\/\/radiosantaclara.sitetopfm.com.br\/site\/wp-json\/wp\/v2\/tags?post=5170"}],"curies":[{"name":"wp","href":"https:\/\/api.w.org\/{rel}","templated":true}]}}