{"id":5164,"date":"2025-12-02T12:26:44","date_gmt":"2025-12-02T15:26:44","guid":{"rendered":"https:\/\/radiosantaclara.sitetopfm.com.br\/site\/comissao-debate-desenvolvimento-turistico-sustentavel-da-cordilheira-do-espinhaco-em-minas-gerais-noticias\/"},"modified":"2025-12-02T12:26:44","modified_gmt":"2025-12-02T15:26:44","slug":"comissao-debate-desenvolvimento-turistico-sustentavel-da-cordilheira-do-espinhaco-em-minas-gerais-noticias","status":"publish","type":"post","link":"https:\/\/radiosantaclara.sitetopfm.com.br\/site\/comissao-debate-desenvolvimento-turistico-sustentavel-da-cordilheira-do-espinhaco-em-minas-gerais-noticias\/","title":{"rendered":"Comiss\u00e3o debate desenvolvimento tur\u00edstico sustent\u00e1vel da Cordilheira do Espinha\u00e7o, em Minas Gerais &#8211; Not\u00edcias"},"content":{"rendered":"<p> <br \/>\n<\/p>\n<div>\n<div>\n<p class=\"g-artigo__data-hora\">\n                      02\/12\/2025 &#8211; 11:04 \u00a0\n                    <\/p>\n<div id=\"image-container-1228720\" class=\"image-container\" style=\"float: none; margin: 45px 0px; width: 100%;\" data-midia=\"1228720\">\n<p><em>Evandro Rodney \/ Secom MG<\/em><\/p>\n<p>Parque Estadual de Gr\u00e3o Mogol integra o conjunto de montanhas<\/p>\n<\/p><\/div>\n<p data-start=\"88\" data-end=\"331\">A Comiss\u00e3o de Turismo da C\u00e2mara dos Deputados promove audi\u00eancia p\u00fablica nesta quarta-feira (3) para discutir o desenvolvimento tur\u00edstico integrado e sustent\u00e1vel da Cordilheira do Espinha\u00e7o, em Minas Gerais.<\/p>\n<p data-start=\"88\" data-end=\"331\">O debate atende a pedido do presidente da comiss\u00e3o, deputado Marcelo \u00c1lvaro Ant\u00f4nio (PL-MG), e est\u00e1 marcado para as 14 horas, no plen\u00e1rio 5.<\/p>\n<p data-start=\"385\" data-end=\"891\">Segundo o deputado, o objetivo \u00e9 debater o projeto que busca fortalecer o turismo na regi\u00e3o, promovendo os atrativos dos munic\u00edpios mineiros situados ao redor da cordilheira, considerada o segundo maior conjunto de montanhas da Am\u00e9rica Latina.<\/p>\n<p data-start=\"371\" data-end=\"612\">Marcelo \u00c1lvaro Ant\u00f4nio destaca que a iniciativa \u00e9 fruto da parceria entre as prefeituras de Botumirim, Crist\u00e1lia, Gr\u00e3o Mogol, Itacambira e Turmalina, Governo de Minas Gerais, Sebrae Minas, entidades do setor tur\u00edstico e Comit\u00ea Gestor da Reserva da Biosfera da Unesco. E explica que o projeto envolve a\u00e7\u00f5es de promo\u00e7\u00e3o, capacita\u00e7\u00e3o e estrutura\u00e7\u00e3o voltadas \u00e0 qualifica\u00e7\u00e3o dos servi\u00e7os tur\u00edsticos e \u00e0 valoriza\u00e7\u00e3o do patrim\u00f4nio natural e cultural local.<\/p>\n<p data-start=\"371\" data-end=\"612\">O parlamentar informa ainda que a Cordilheira do Espinha\u00e7o, com cerca de 1.000 km de extens\u00e3o e abrangendo 170 munic\u00edpios mineiros, foi reconhecida pela Unesco, em 2005, como Reserva Mundial da Biosfera. A regi\u00e3o re\u00fane parques nacionais e estaduais, al\u00e9m de cidades com potencial para o ecoturismo, o turismo de aventura e o turismo hist\u00f3rico.<\/p>\n<p data-start=\"371\" data-end=\"612\">&#8220;A audi\u00eancia p\u00fablica proposta busca fomentar o debate t\u00e9cnico e institucional necess\u00e1rio para consolidar a Cordilheira do Espinha\u00e7o como refer\u00eancia nacional em turismo sustent\u00e1vel e integra\u00e7\u00e3o regional&#8221;, diz.<\/p>\n<p>\u00a0<\/p>\n<p style=\"font-size: 0.8rem; font-weight: 700;\">Da Reda\u00e7\u00e3o &#8211; MB<\/p>\n<\/p><\/div>\n<\/p><\/div>\n<p><br \/>\n<br \/><a href=\"https:\/\/www.camara.leg.br\/noticias\/1227833-comissao-debate-desenvolvimento-turistico-sustentavel-da-cordilheira-do-espinhaco-em-minas-gerais\/\">postagem original <\/a><\/p>\n","protected":false},"excerpt":{"rendered":"<p>02\/12\/2025 &#8211; 11:04 \u00a0 Evandro Rodney \/ Secom MG Parque Estadual de Gr\u00e3o Mogol integra o conjunto de montanhas A [&hellip;]<\/p>\n","protected":false},"author":1,"featured_media":5165,"comment_status":"open","ping_status":"open","sticky":false,"template":"","format":"standard","meta":{"site-sidebar-layout":"default","site-content-layout":"","ast-site-content-layout":"default","site-content-style":"default","site-sidebar-style":"default","ast-global-header-display":"","ast-banner-title-visibility":"","ast-main-header-display":"","ast-hfb-above-header-display":"","ast-hfb-below-header-display":"","ast-hfb-mobile-header-display":"","site-post-title":"","ast-breadcrumbs-content":"","ast-featured-img":"","footer-sml-layout":"","theme-transparent-header-meta":"","adv-header-id-meta":"","stick-header-meta":"","header-above-stick-meta":"","header-main-stick-meta":"","header-below-stick-meta":"","astra-migrate-meta-layouts":"default","ast-page-background-enabled":"default","ast-page-background-meta":{"desktop":{"background-color":"var(--ast-global-color-5)","background-image":"","background-repeat":"repeat","background-position":"center center","background-size":"auto","background-attachment":"scroll","background-type":"","background-media":"","overlay-type":"","overlay-color":"","overlay-opacity":"","overlay-gradient":""},"tablet":{"background-color":"","background-image":"","background-repeat":"repeat","background-position":"center center","background-size":"auto","background-attachment":"scroll","background-type":"","background-media":"","overlay-type":"","overlay-color":"","overlay-opacity":"","overlay-gradient":""},"mobile":{"background-color":"","background-image":"","background-repeat":"repeat","background-position":"center center","background-size":"auto","background-attachment":"scroll","background-type":"","background-media":"","overlay-type":"","overlay-color":"","overlay-opacity":"","overlay-gradient":""}},"ast-content-background-meta":{"desktop":{"background-color":"var(--ast-global-color-4)","background-image":"","background-repeat":"repeat","background-position":"center center","background-size":"auto","background-attachment":"scroll","background-type":"","background-media":"","overlay-type":"","overlay-color":"","overlay-opacity":"","overlay-gradient":""},"tablet":{"background-color":"var(--ast-global-color-4)","background-image":"","background-repeat":"repeat","background-position":"center center","background-size":"auto","background-attachment":"scroll","background-type":"","background-media":"","overlay-type":"","overlay-color":"","overlay-opacity":"","overlay-gradient":""},"mobile":{"background-color":"var(--ast-global-color-4)","background-image":"","background-repeat":"repeat","background-position":"center center","background-size":"auto","background-attachment":"scroll","background-type":"","background-media":"","overlay-type":"","overlay-color":"","overlay-opacity":"","overlay-gradient":""}},"_joinchat":[],"footnotes":""},"categories":[28],"tags":[],"_links":{"self":[{"href":"https:\/\/radiosantaclara.sitetopfm.com.br\/site\/wp-json\/wp\/v2\/posts\/5164"}],"collection":[{"href":"https:\/\/radiosantaclara.sitetopfm.com.br\/site\/wp-json\/wp\/v2\/posts"}],"about":[{"href":"https:\/\/radiosantaclara.sitetopfm.com.br\/site\/wp-json\/wp\/v2\/types\/post"}],"author":[{"embeddable":true,"href":"https:\/\/radiosantaclara.sitetopfm.com.br\/site\/wp-json\/wp\/v2\/users\/1"}],"replies":[{"embeddable":true,"href":"https:\/\/radiosantaclara.sitetopfm.com.br\/site\/wp-json\/wp\/v2\/comments?post=5164"}],"version-history":[{"count":0,"href":"https:\/\/radiosantaclara.sitetopfm.com.br\/site\/wp-json\/wp\/v2\/posts\/5164\/revisions"}],"wp:featuredmedia":[{"embeddable":true,"href":"https:\/\/radiosantaclara.sitetopfm.com.br\/site\/wp-json\/wp\/v2\/media\/5165"}],"wp:attachment":[{"href":"https:\/\/radiosantaclara.sitetopfm.com.br\/site\/wp-json\/wp\/v2\/media?parent=5164"}],"wp:term":[{"taxonomy":"category","embeddable":true,"href":"https:\/\/radiosantaclara.sitetopfm.com.br\/site\/wp-json\/wp\/v2\/categories?post=5164"},{"taxonomy":"post_tag","embeddable":true,"href":"https:\/\/radiosantaclara.sitetopfm.com.br\/site\/wp-json\/wp\/v2\/tags?post=5164"}],"curies":[{"name":"wp","href":"https:\/\/api.w.org\/{rel}","templated":true}]}}