{"id":5123,"date":"2025-12-01T17:48:07","date_gmt":"2025-12-01T20:48:07","guid":{"rendered":"https:\/\/radiosantaclara.sitetopfm.com.br\/site\/nova-lei-diz-que-poder-publico-deve-garantir-agua-potavel-e-saneamento-basico-nas-escolas-noticias\/"},"modified":"2025-12-01T17:48:07","modified_gmt":"2025-12-01T20:48:07","slug":"nova-lei-diz-que-poder-publico-deve-garantir-agua-potavel-e-saneamento-basico-nas-escolas-noticias","status":"publish","type":"post","link":"https:\/\/radiosantaclara.sitetopfm.com.br\/site\/nova-lei-diz-que-poder-publico-deve-garantir-agua-potavel-e-saneamento-basico-nas-escolas-noticias\/","title":{"rendered":"Nova lei diz que poder p\u00fablico deve garantir \u00e1gua pot\u00e1vel e saneamento b\u00e1sico nas escolas &#8211; Not\u00edcias"},"content":{"rendered":"<p> <br \/>\n<\/p>\n<div>\n<div>\n<p class=\"g-artigo__data-hora\">\n                      01\/12\/2025 &#8211; 16:51 \u00a0\n                    <\/p>\n<div id=\"image-container-1228514\" class=\"image-container\" style=\"float: none; margin: 45px 0px; width: 100%;\" data-midia=\"1228514\">\n<p><em>Kayo Magalh\u00e3es \/ C\u00e2mara dos Deputados<\/em><\/p>\n<p>Duda Salabert, autora da proposta que deu origem \u00e0 nova lei<\/p>\n<\/p><\/div>\n<p>O Estado deve garantir acesso \u00e0 \u00e1gua pot\u00e1vel nas institui\u00e7\u00f5es de ensino p\u00fablicas.\u00a0\u00c9 o que determina a <a href=\"https:\/\/www2.camara.leg.br\/legin\/fed\/lei\/2025\/lei-15276-28-novembro-2025-798367-norma-pl.html\">Lei 15.276\/25<\/a>, sancionada na \u00faltima sexta-feira (28) pelo presidente Lula. A\u00a0norma, publicada\u00a0no\u00a0Di\u00e1rio Oficial da Uni\u00e3o (DOU)\u00a0desta segunda-feira (1\u00ba), tamb\u00e9m\u00a0garante\u00a0infraestrutura sanit\u00e1ria e saneamento b\u00e1sico nas escolas.<\/p>\n<p>A nova lei \u00e9 origin\u00e1ria de projeto (PL 5696\/23) de autoria da deputada Duda Salabert (PDT-MG), e outros <a href=\"https:\/\/www.camara.leg.br\/proposicoesWeb\/prop_autores?idProposicao=2406521\">seis deputados<\/a>. &#8220;H\u00e1 que se destacar que as adequadas condi\u00e7\u00f5es de infraestrutura sanit\u00e1ria nas escolas propiciam meios para a educa\u00e7\u00e3o dos cuidados higi\u00eanicos imprescind\u00edveis \u00e0 sa\u00fade das crian\u00e7as, e destas como agentes de multiplica\u00e7\u00e3o de h\u00e1bitos essenciais \u00e0 sa\u00fade das respectivas fam\u00edlias e comunidades&#8221;, argumentou a autora.<\/p>\n<p>A proposta altera a <a href=\"https:\/\/www2.camara.leg.br\/legin\/fed\/lei\/1996\/lei-9394-20-dezembro-1996-362578-norma-pl.html\">Lei de Diretrizes e Bases da Educa\u00e7\u00e3o (LDB)<\/a> e a <a href=\"https:\/\/www2.camara.leg.br\/legin\/fed\/lei\/2009\/lei-11947-16-junho-2009-588910-norma-pl.html\">Lei da Alimenta\u00e7\u00e3o Escolar<\/a> para incluir entre as obriga\u00e7\u00f5es do poder p\u00fablico a garantia de acesso a \u00e1gua pot\u00e1vel e saneamento b\u00e1sico nas escolas p\u00fablicas. Para isso, governo federal, estados, munic\u00edpios e Distrito Federal ficam encarregados de executar as a\u00e7\u00f5es de infraestrutura necess\u00e1rias nas institui\u00e7\u00f5es de ensino sob sua responsabilidade.<\/p>\n<p><strong>Fiscaliza\u00e7\u00e3o\u00a0e\u00a0sustentabilidade<br \/><\/strong>O texto determina que os Conselhos de Alimenta\u00e7\u00e3o Escolar, que j\u00e1 fiscalizam o uso do dinheiro da merenda, tamb\u00e9m dever\u00e3o acompanhar os recursos destinados ao abastecimento de \u00e1gua.<\/p>\n<p>A nova lei\u00a0ainda estabelece que o poder p\u00fablico dever\u00e1 incentivar as institui\u00e7\u00f5es\u00a0a\u00a0adotar sistemas de aproveitamento de\u00a0\u00e1gua de chuva sempre que poss\u00edvel e promover apoio t\u00e9cnico de especialistas em recursos h\u00eddricos para a implementa\u00e7\u00e3o das medidas. Al\u00e9m disso, deve promover a conscientiza\u00e7\u00e3o sobre a import\u00e2ncia do aproveitamento de \u00e1gua para\u00a0a sustentabilidade ambiental.<\/p>\n<p>\u00a0<\/p>\n<p style=\"font-size: 0.8rem; font-weight: 700;\">Da Reda\u00e7\u00e3o &#8211; GM<br \/>Com informa\u00e7\u00f5es da Ag\u00eancia Senado<\/p>\n<\/p><\/div>\n<\/p><\/div>\n<p><br \/>\n<br \/><a href=\"https:\/\/www.camara.leg.br\/noticias\/1228262-nova-lei-diz-que-poder-publico-deve-garantir-agua-potavel-e-saneamento-basico-nas-escolas\/\">postagem original <\/a><\/p>\n","protected":false},"excerpt":{"rendered":"<p>01\/12\/2025 &#8211; 16:51 \u00a0 Kayo Magalh\u00e3es \/ C\u00e2mara dos Deputados Duda Salabert, autora da proposta que deu origem \u00e0 nova [&hellip;]<\/p>\n","protected":false},"author":1,"featured_media":5124,"comment_status":"open","ping_status":"open","sticky":false,"template":"","format":"standard","meta":{"site-sidebar-layout":"default","site-content-layout":"","ast-site-content-layout":"default","site-content-style":"default","site-sidebar-style":"default","ast-global-header-display":"","ast-banner-title-visibility":"","ast-main-header-display":"","ast-hfb-above-header-display":"","ast-hfb-below-header-display":"","ast-hfb-mobile-header-display":"","site-post-title":"","ast-breadcrumbs-content":"","ast-featured-img":"","footer-sml-layout":"","theme-transparent-header-meta":"","adv-header-id-meta":"","stick-header-meta":"","header-above-stick-meta":"","header-main-stick-meta":"","header-below-stick-meta":"","astra-migrate-meta-layouts":"default","ast-page-background-enabled":"default","ast-page-background-meta":{"desktop":{"background-color":"var(--ast-global-color-5)","background-image":"","background-repeat":"repeat","background-position":"center center","background-size":"auto","background-attachment":"scroll","background-type":"","background-media":"","overlay-type":"","overlay-color":"","overlay-opacity":"","overlay-gradient":""},"tablet":{"background-color":"","background-image":"","background-repeat":"repeat","background-position":"center center","background-size":"auto","background-attachment":"scroll","background-type":"","background-media":"","overlay-type":"","overlay-color":"","overlay-opacity":"","overlay-gradient":""},"mobile":{"background-color":"","background-image":"","background-repeat":"repeat","background-position":"center center","background-size":"auto","background-attachment":"scroll","background-type":"","background-media":"","overlay-type":"","overlay-color":"","overlay-opacity":"","overlay-gradient":""}},"ast-content-background-meta":{"desktop":{"background-color":"var(--ast-global-color-4)","background-image":"","background-repeat":"repeat","background-position":"center center","background-size":"auto","background-attachment":"scroll","background-type":"","background-media":"","overlay-type":"","overlay-color":"","overlay-opacity":"","overlay-gradient":""},"tablet":{"background-color":"var(--ast-global-color-4)","background-image":"","background-repeat":"repeat","background-position":"center center","background-size":"auto","background-attachment":"scroll","background-type":"","background-media":"","overlay-type":"","overlay-color":"","overlay-opacity":"","overlay-gradient":""},"mobile":{"background-color":"var(--ast-global-color-4)","background-image":"","background-repeat":"repeat","background-position":"center center","background-size":"auto","background-attachment":"scroll","background-type":"","background-media":"","overlay-type":"","overlay-color":"","overlay-opacity":"","overlay-gradient":""}},"_joinchat":[],"footnotes":""},"categories":[26],"tags":[],"_links":{"self":[{"href":"https:\/\/radiosantaclara.sitetopfm.com.br\/site\/wp-json\/wp\/v2\/posts\/5123"}],"collection":[{"href":"https:\/\/radiosantaclara.sitetopfm.com.br\/site\/wp-json\/wp\/v2\/posts"}],"about":[{"href":"https:\/\/radiosantaclara.sitetopfm.com.br\/site\/wp-json\/wp\/v2\/types\/post"}],"author":[{"embeddable":true,"href":"https:\/\/radiosantaclara.sitetopfm.com.br\/site\/wp-json\/wp\/v2\/users\/1"}],"replies":[{"embeddable":true,"href":"https:\/\/radiosantaclara.sitetopfm.com.br\/site\/wp-json\/wp\/v2\/comments?post=5123"}],"version-history":[{"count":0,"href":"https:\/\/radiosantaclara.sitetopfm.com.br\/site\/wp-json\/wp\/v2\/posts\/5123\/revisions"}],"wp:featuredmedia":[{"embeddable":true,"href":"https:\/\/radiosantaclara.sitetopfm.com.br\/site\/wp-json\/wp\/v2\/media\/5124"}],"wp:attachment":[{"href":"https:\/\/radiosantaclara.sitetopfm.com.br\/site\/wp-json\/wp\/v2\/media?parent=5123"}],"wp:term":[{"taxonomy":"category","embeddable":true,"href":"https:\/\/radiosantaclara.sitetopfm.com.br\/site\/wp-json\/wp\/v2\/categories?post=5123"},{"taxonomy":"post_tag","embeddable":true,"href":"https:\/\/radiosantaclara.sitetopfm.com.br\/site\/wp-json\/wp\/v2\/tags?post=5123"}],"curies":[{"name":"wp","href":"https:\/\/api.w.org\/{rel}","templated":true}]}}