{"id":4849,"date":"2025-11-16T20:44:32","date_gmt":"2025-11-16T23:44:32","guid":{"rendered":"https:\/\/radiosantaclara.sitetopfm.com.br\/site\/comissao-aprova-projeto-que-obriga-governo-a-custear-assistencia-a-saude-de-servidores-que-tiveram-contato-com-ddt-noticias\/"},"modified":"2025-11-16T20:44:32","modified_gmt":"2025-11-16T23:44:32","slug":"comissao-aprova-projeto-que-obriga-governo-a-custear-assistencia-a-saude-de-servidores-que-tiveram-contato-com-ddt-noticias","status":"publish","type":"post","link":"https:\/\/radiosantaclara.sitetopfm.com.br\/site\/comissao-aprova-projeto-que-obriga-governo-a-custear-assistencia-a-saude-de-servidores-que-tiveram-contato-com-ddt-noticias\/","title":{"rendered":"Comiss\u00e3o aprova projeto que obriga governo a custear assist\u00eancia \u00e0 sa\u00fade de servidores que tiveram contato com DDT &#8211; Not\u00edcias"},"content":{"rendered":"<p> <br \/>\n<\/p>\n<div>\n<p class=\"g-artigo__data-hora\">\n                      14\/11\/2025 &#8211; 08:53 \u00a0\n                    <\/p>\n<div id=\"image-container-1223389\" class=\"image-container\" style=\"float: none; margin: 45px 0px; width: 100%;\" data-midia=\"1223389\">\n<p><em>Kayo Magalh\u00e3es \/ C\u00e2mara dos Deputados<\/em><\/p>\n<p>Paulo Guedes recomendou a aprova\u00e7\u00e3o da proposta<\/p>\n<\/p><\/div>\n<p>A Comiss\u00e3o de Finan\u00e7as e Tributa\u00e7\u00e3o da C\u00e2mara dos Deputados aprovou o <a class=\"linkProposicao\" href=\"https:\/\/www.camara.leg.br\/noticias\/1070340-proposta-obriga-o-governo-federal-a-custear-a-assistencia-a-saude-para-agentes-de-combate-a-endemias\">Projeto de Lei 5489\/23<\/a>, que obriga o governo a pagar os custos da assist\u00eancia \u00e0 sa\u00fade para servidores que, no trabalho, tiveram contato com inseticidas carcinog\u00eanicos.<\/p>\n<p>Pela proposta, ser\u00e3o beneficiados os servidores da extinta Superintend\u00eancia de Campanhas de Sa\u00fade P\u00fablica (Sucam) e da Funda\u00e7\u00e3o Nacional de Sa\u00fade (Funasa) admitidos at\u00e9 31 de dezembro de 1994, bem como os dependentes naturais.<\/p>\n<p><strong>Parecer favor\u00e1vel<\/strong><br \/>O relator, deputado Paulo Guedes (PT-MG), recomendou a aprova\u00e7\u00e3o do texto ap\u00f3s ajuste para vincular a medida \u00e0 exist\u00eancia de disponibilidade or\u00e7ament\u00e1ria. \u201cEsses profissionais estiveram constantemente expostos a riscos\u201d, afirmou.<\/p>\n<p><strong>DDT<\/strong><br \/>Antigamente, servidores daqueles \u00f3rg\u00e3os utilizavam, no exerc\u00edcio das atividades, produtos como DDT (dicloro-difenil-tricloroetano) e Malathion em a\u00e7\u00f5es contra mosquitos transmissores da mal\u00e1ria, da febre amarela e de outras doen\u00e7as.<\/p>\n<p>O DDT deixou de ser empregado no combate \u00e0s endemias em 1998, devido \u00e0 alta toxicidade. A fabrica\u00e7\u00e3o, a importa\u00e7\u00e3o, a exporta\u00e7\u00e3o, a manuten\u00e7\u00e3o em estoque, a comercializa\u00e7\u00e3o e o uso de DDT foram proibidos no Brasil pela <a href=\"https:\/\/www2.camara.gov.br\/legin\/fed\/lei\/2009\/lei-11936-14-maio-2009-588179-norma-pl.html\">Lei 11.936\/09<\/a>.<\/p>\n<p><strong>Produto cancer\u00edgeno<\/strong><br \/>\u201cOs servidores de combate a endemias que se dedicaram \u00e0 prote\u00e7\u00e3o de toda sociedade foram expostos a inseticidas que retiraram anos de suas vidas e das suas fam\u00edlias\u201d, disse o autor da proposta, deputado Lindbergh Farias (PT-RJ).<\/p>\n<p>\u201cDiversos estudos relacionam a contamina\u00e7\u00e3o por DDT com a maior incid\u00eancia de diversos tipos de c\u00e2ncer, sobretudo de p\u00e2ncreas, de mama e de pr\u00f3stata, al\u00e9m de efeitos que potencializam tumores preexistentes\u201d, explicou o parlamentar.<\/p>\n<p><strong>Pr\u00f3ximos passos<\/strong><br \/>O projeto tramita em <span id=\"4322\" class=\"termoGlossario\" title=\"Rito de tramita\u00e7\u00e3o pelo qual o projeto \u00e9 votado apenas pelas comiss\u00f5es designadas para analis\u00e1-lo, dispensada a delibera\u00e7\u00e3o do Plen\u00e1rio. O projeto perde o car\u00e1ter conclusivo se houver decis\u00e3o divergente entre as comiss\u00f5es ou se, independentemente de ser aprovado ou rejeitado, houver recurso assinado por 52 deputados para a aprecia\u00e7\u00e3o da mat\u00e9ria no Plen\u00e1rio.\" contenteditable=\"false\" data-toggle=\"tooltip\" data-placement=\"top\">car\u00e1ter conclusivo<\/span> e ainda ser\u00e1 analisado pela Comiss\u00e3o de Constitui\u00e7\u00e3o e Justi\u00e7a e de Cidadania.<\/p>\n<p>Para virar lei, ter\u00e1 de ser aprovado pela C\u00e2mara e pelo Senado.<\/p>\n<p style=\"font-size: 0.8rem; font-weight: 700;\">Da Reportagem\/RM<br \/>Edi\u00e7\u00e3o \u2013 Natalia Doederlein<\/p>\n<\/p><\/div>\n<p><br \/>\n<br \/><a href=\"https:\/\/www.camara.leg.br\/noticias\/1223048-comissao-aprova-projeto-que-obriga-governo-a-custear-assistencia-a-saude-de-servidores-que-tiveram-contato-com-ddt\/\">postagem original <\/a><\/p>\n","protected":false},"excerpt":{"rendered":"<p>14\/11\/2025 &#8211; 08:53 \u00a0 Kayo Magalh\u00e3es \/ C\u00e2mara dos Deputados Paulo Guedes recomendou a aprova\u00e7\u00e3o da proposta A Comiss\u00e3o de [&hellip;]<\/p>\n","protected":false},"author":1,"featured_media":4850,"comment_status":"open","ping_status":"open","sticky":false,"template":"","format":"standard","meta":{"site-sidebar-layout":"default","site-content-layout":"","ast-site-content-layout":"default","site-content-style":"default","site-sidebar-style":"default","ast-global-header-display":"","ast-banner-title-visibility":"","ast-main-header-display":"","ast-hfb-above-header-display":"","ast-hfb-below-header-display":"","ast-hfb-mobile-header-display":"","site-post-title":"","ast-breadcrumbs-content":"","ast-featured-img":"","footer-sml-layout":"","theme-transparent-header-meta":"","adv-header-id-meta":"","stick-header-meta":"","header-above-stick-meta":"","header-main-stick-meta":"","header-below-stick-meta":"","astra-migrate-meta-layouts":"default","ast-page-background-enabled":"default","ast-page-background-meta":{"desktop":{"background-color":"var(--ast-global-color-5)","background-image":"","background-repeat":"repeat","background-position":"center center","background-size":"auto","background-attachment":"scroll","background-type":"","background-media":"","overlay-type":"","overlay-color":"","overlay-opacity":"","overlay-gradient":""},"tablet":{"background-color":"","background-image":"","background-repeat":"repeat","background-position":"center center","background-size":"auto","background-attachment":"scroll","background-type":"","background-media":"","overlay-type":"","overlay-color":"","overlay-opacity":"","overlay-gradient":""},"mobile":{"background-color":"","background-image":"","background-repeat":"repeat","background-position":"center center","background-size":"auto","background-attachment":"scroll","background-type":"","background-media":"","overlay-type":"","overlay-color":"","overlay-opacity":"","overlay-gradient":""}},"ast-content-background-meta":{"desktop":{"background-color":"var(--ast-global-color-4)","background-image":"","background-repeat":"repeat","background-position":"center center","background-size":"auto","background-attachment":"scroll","background-type":"","background-media":"","overlay-type":"","overlay-color":"","overlay-opacity":"","overlay-gradient":""},"tablet":{"background-color":"var(--ast-global-color-4)","background-image":"","background-repeat":"repeat","background-position":"center center","background-size":"auto","background-attachment":"scroll","background-type":"","background-media":"","overlay-type":"","overlay-color":"","overlay-opacity":"","overlay-gradient":""},"mobile":{"background-color":"var(--ast-global-color-4)","background-image":"","background-repeat":"repeat","background-position":"center center","background-size":"auto","background-attachment":"scroll","background-type":"","background-media":"","overlay-type":"","overlay-color":"","overlay-opacity":"","overlay-gradient":""}},"_joinchat":[],"footnotes":""},"categories":[26],"tags":[],"_links":{"self":[{"href":"https:\/\/radiosantaclara.sitetopfm.com.br\/site\/wp-json\/wp\/v2\/posts\/4849"}],"collection":[{"href":"https:\/\/radiosantaclara.sitetopfm.com.br\/site\/wp-json\/wp\/v2\/posts"}],"about":[{"href":"https:\/\/radiosantaclara.sitetopfm.com.br\/site\/wp-json\/wp\/v2\/types\/post"}],"author":[{"embeddable":true,"href":"https:\/\/radiosantaclara.sitetopfm.com.br\/site\/wp-json\/wp\/v2\/users\/1"}],"replies":[{"embeddable":true,"href":"https:\/\/radiosantaclara.sitetopfm.com.br\/site\/wp-json\/wp\/v2\/comments?post=4849"}],"version-history":[{"count":0,"href":"https:\/\/radiosantaclara.sitetopfm.com.br\/site\/wp-json\/wp\/v2\/posts\/4849\/revisions"}],"wp:featuredmedia":[{"embeddable":true,"href":"https:\/\/radiosantaclara.sitetopfm.com.br\/site\/wp-json\/wp\/v2\/media\/4850"}],"wp:attachment":[{"href":"https:\/\/radiosantaclara.sitetopfm.com.br\/site\/wp-json\/wp\/v2\/media?parent=4849"}],"wp:term":[{"taxonomy":"category","embeddable":true,"href":"https:\/\/radiosantaclara.sitetopfm.com.br\/site\/wp-json\/wp\/v2\/categories?post=4849"},{"taxonomy":"post_tag","embeddable":true,"href":"https:\/\/radiosantaclara.sitetopfm.com.br\/site\/wp-json\/wp\/v2\/tags?post=4849"}],"curies":[{"name":"wp","href":"https:\/\/api.w.org\/{rel}","templated":true}]}}