{"id":4793,"date":"2025-11-14T21:14:53","date_gmt":"2025-11-15T00:14:53","guid":{"rendered":"https:\/\/radiosantaclara.sitetopfm.com.br\/site\/motta-debate-sobre-o-marco-legal-de-combate-ao-crime-organizado-tomou-conta-do-brasil-noticias\/"},"modified":"2025-11-14T21:14:53","modified_gmt":"2025-11-15T00:14:53","slug":"motta-debate-sobre-o-marco-legal-de-combate-ao-crime-organizado-tomou-conta-do-brasil-noticias","status":"publish","type":"post","link":"https:\/\/radiosantaclara.sitetopfm.com.br\/site\/motta-debate-sobre-o-marco-legal-de-combate-ao-crime-organizado-tomou-conta-do-brasil-noticias\/","title":{"rendered":"Motta: debate sobre o Marco Legal de Combate ao Crime Organizado tomou conta do Brasil &#8211; Not\u00edcias"},"content":{"rendered":"<p> <br \/>\n<\/p>\n<div>\n<div>\n<p class=\"g-artigo__data-hora\">\n                      14\/11\/2025 &#8211; 18:00 \u00a0\n                    <\/p>\n<div id=\"image-container-1223748\" class=\"image-container\" style=\"float: none; margin: 45px 0px; width: 100%;\" data-midia=\"1223748\">\n<p><em>Marina Ramos\/C\u00e2mara dos Deputados<\/em><\/p>\n<p>Motta: proposta responde \u00e0 sociedade que quer\u00a0de viver em paz e com seguran\u00e7a<\/p>\n<\/p><\/div>\n<p>O presidente da C\u00e2mara, Hugo Motta (Republicanos-PB), afirmou que o debate sobre o Marco Legal de Combate ao Crime Organizado (<a class=\"linkProposicao\" href=\"https:\/\/www.camara.leg.br\/noticias\/1218568-projeto-endurece-penas-promove-investigacao-e-combate-poder-economico-de-faccoes-criminosas\">PL 5582\/25<\/a>) tomou conta do Pa\u00eds e est\u00e1 presente nas rodas de conversa, nas redes e na imprensa.<\/p>\n<p>&#8220;\u00c9 o sinal de uma democracia viva!&#8221;, destacou o presidente da C\u00e2mara por meio de suas redes sociais.<\/p>\n<p>A vota\u00e7\u00e3o da proposta foi marcada para a pr\u00f3xima ter\u00e7a-feira (18).<\/p>\n<p>Para ele, os partidos podem brigar por narrativas, a direita ou a esquerda podem dizer que venceram a disputa das redes, mas a politiza\u00e7\u00e3o do tema n\u00e3o \u00e9 o mais importante.<\/p>\n<p>&#8220;Endurecer penas, enfrentar a impunidade e responder ao pedido mais leg\u00edtimo da sociedade: o direito de viver em paz e com seguran\u00e7a&#8221; s\u00e3o as prioridades, segundo o presidente da C\u00e2mara.<\/p>\n<p style=\"font-size: 0.8rem; font-weight: 700;\">Reportagem &#8211; Luiz Gustavo Xavier<br \/>Edi\u00e7\u00e3o &#8211; Ge\u00f3rgia Moraes<\/p>\n<\/p><\/div>\n<\/p><\/div>\n<p><br \/>\n<br \/><a href=\"https:\/\/www.camara.leg.br\/noticias\/1223745-motta-debate-sobre-o-marco-legal-de-combate-ao-crime-organizado-tomou-conta-do-brasil\/\">postagem original <\/a><\/p>\n","protected":false},"excerpt":{"rendered":"<p>14\/11\/2025 &#8211; 18:00 \u00a0 Marina Ramos\/C\u00e2mara dos Deputados Motta: proposta responde \u00e0 sociedade que quer\u00a0de viver em paz e com [&hellip;]<\/p>\n","protected":false},"author":1,"featured_media":4794,"comment_status":"open","ping_status":"open","sticky":false,"template":"","format":"standard","meta":{"site-sidebar-layout":"default","site-content-layout":"","ast-site-content-layout":"default","site-content-style":"default","site-sidebar-style":"default","ast-global-header-display":"","ast-banner-title-visibility":"","ast-main-header-display":"","ast-hfb-above-header-display":"","ast-hfb-below-header-display":"","ast-hfb-mobile-header-display":"","site-post-title":"","ast-breadcrumbs-content":"","ast-featured-img":"","footer-sml-layout":"","theme-transparent-header-meta":"","adv-header-id-meta":"","stick-header-meta":"","header-above-stick-meta":"","header-main-stick-meta":"","header-below-stick-meta":"","astra-migrate-meta-layouts":"default","ast-page-background-enabled":"default","ast-page-background-meta":{"desktop":{"background-color":"var(--ast-global-color-5)","background-image":"","background-repeat":"repeat","background-position":"center center","background-size":"auto","background-attachment":"scroll","background-type":"","background-media":"","overlay-type":"","overlay-color":"","overlay-opacity":"","overlay-gradient":""},"tablet":{"background-color":"","background-image":"","background-repeat":"repeat","background-position":"center center","background-size":"auto","background-attachment":"scroll","background-type":"","background-media":"","overlay-type":"","overlay-color":"","overlay-opacity":"","overlay-gradient":""},"mobile":{"background-color":"","background-image":"","background-repeat":"repeat","background-position":"center center","background-size":"auto","background-attachment":"scroll","background-type":"","background-media":"","overlay-type":"","overlay-color":"","overlay-opacity":"","overlay-gradient":""}},"ast-content-background-meta":{"desktop":{"background-color":"var(--ast-global-color-4)","background-image":"","background-repeat":"repeat","background-position":"center center","background-size":"auto","background-attachment":"scroll","background-type":"","background-media":"","overlay-type":"","overlay-color":"","overlay-opacity":"","overlay-gradient":""},"tablet":{"background-color":"var(--ast-global-color-4)","background-image":"","background-repeat":"repeat","background-position":"center center","background-size":"auto","background-attachment":"scroll","background-type":"","background-media":"","overlay-type":"","overlay-color":"","overlay-opacity":"","overlay-gradient":""},"mobile":{"background-color":"var(--ast-global-color-4)","background-image":"","background-repeat":"repeat","background-position":"center center","background-size":"auto","background-attachment":"scroll","background-type":"","background-media":"","overlay-type":"","overlay-color":"","overlay-opacity":"","overlay-gradient":""}},"_joinchat":[],"footnotes":""},"categories":[29],"tags":[],"_links":{"self":[{"href":"https:\/\/radiosantaclara.sitetopfm.com.br\/site\/wp-json\/wp\/v2\/posts\/4793"}],"collection":[{"href":"https:\/\/radiosantaclara.sitetopfm.com.br\/site\/wp-json\/wp\/v2\/posts"}],"about":[{"href":"https:\/\/radiosantaclara.sitetopfm.com.br\/site\/wp-json\/wp\/v2\/types\/post"}],"author":[{"embeddable":true,"href":"https:\/\/radiosantaclara.sitetopfm.com.br\/site\/wp-json\/wp\/v2\/users\/1"}],"replies":[{"embeddable":true,"href":"https:\/\/radiosantaclara.sitetopfm.com.br\/site\/wp-json\/wp\/v2\/comments?post=4793"}],"version-history":[{"count":0,"href":"https:\/\/radiosantaclara.sitetopfm.com.br\/site\/wp-json\/wp\/v2\/posts\/4793\/revisions"}],"wp:featuredmedia":[{"embeddable":true,"href":"https:\/\/radiosantaclara.sitetopfm.com.br\/site\/wp-json\/wp\/v2\/media\/4794"}],"wp:attachment":[{"href":"https:\/\/radiosantaclara.sitetopfm.com.br\/site\/wp-json\/wp\/v2\/media?parent=4793"}],"wp:term":[{"taxonomy":"category","embeddable":true,"href":"https:\/\/radiosantaclara.sitetopfm.com.br\/site\/wp-json\/wp\/v2\/categories?post=4793"},{"taxonomy":"post_tag","embeddable":true,"href":"https:\/\/radiosantaclara.sitetopfm.com.br\/site\/wp-json\/wp\/v2\/tags?post=4793"}],"curies":[{"name":"wp","href":"https:\/\/api.w.org\/{rel}","templated":true}]}}