{"id":4708,"date":"2025-11-10T12:43:19","date_gmt":"2025-11-10T15:43:19","guid":{"rendered":"https:\/\/radiosantaclara.sitetopfm.com.br\/site\/comissao-aprova-uso-de-tecnologias-da-informacao-contra-transtornos-cognitivos-em-pessoas-idosas-noticias\/"},"modified":"2025-11-10T12:43:19","modified_gmt":"2025-11-10T15:43:19","slug":"comissao-aprova-uso-de-tecnologias-da-informacao-contra-transtornos-cognitivos-em-pessoas-idosas-noticias","status":"publish","type":"post","link":"https:\/\/radiosantaclara.sitetopfm.com.br\/site\/comissao-aprova-uso-de-tecnologias-da-informacao-contra-transtornos-cognitivos-em-pessoas-idosas-noticias\/","title":{"rendered":"Comiss\u00e3o aprova uso de tecnologias da informa\u00e7\u00e3o contra transtornos cognitivos em pessoas idosas &#8211; Not\u00edcias"},"content":{"rendered":"<p> <br \/>\n<\/p>\n<div>\n<div>\n<p class=\"g-artigo__data-hora\">\n                      10\/11\/2025 &#8211; 10:22 \u00a0\n                    <\/p>\n<div id=\"image-container-1221118\" class=\"image-container\" style=\"float: none; margin: 45px 0px; width: 100%;\" data-midia=\"1221118\">\n<p><em>Pablo Valadares \/ C\u00e2mara dos Deputados<\/em><\/p>\n<p>Laura Carneiro recomendou a aprova\u00e7\u00e3o<\/p>\n<\/p><\/div>\n<p>A Comiss\u00e3o de Constitui\u00e7\u00e3o e Justi\u00e7a e de Cidadania (CCJ) da C\u00e2mara dos Deputados aprovou o <a class=\"linkProposicao\" href=\"https:\/\/www.camara.leg.br\/noticias\/762744-proposta-preve-uso-de-tecnologias-da-informacao-para-combater-transtornos-mentais-em-idosos\">Projeto de Lei 1257\/21<\/a>, que determina que a preserva\u00e7\u00e3o da sa\u00fade mental das pessoas idosas, prevista no <a href=\"https:\/\/www2.camara.leg.br\/legin\/fed\/lei\/2003\/lei-10741-1-outubro-2003-497511-norma-pl.html\">Estatuto da Pessoa Idosa<\/a>, compreender\u00e1 medidas que facilitem o acesso e a capacita\u00e7\u00e3o no uso de tecnologias de informa\u00e7\u00e3o e comunica\u00e7\u00e3o (TIC) para atenuar transtornos mentais e cognitivos.<\/p>\n<p>A relatora, deputada Laura Carneiro (PSD-RJ), recomendou a aprova\u00e7\u00e3o da proposta da ex-deputada federal Paula Belmonte (DF).<\/p>\n<p>\u201cA autora afirmou n\u00e3o ter d\u00favida de que garantir \u00e0 popula\u00e7\u00e3o idosa sua perman\u00eancia integrada \u00e0 sociedade, \u00e0 fam\u00edlia e \u00e0s pessoas queridas com o aux\u00edlio das tecnologias \u00e9 uma forma de evitar o desenvolvimento de doen\u00e7as mentais, em especial a depress\u00e3o\u201d, observou Laura Carneiro.<\/p>\n<p>Tamb\u00e9m j\u00e1 aprovado <a href=\"https:\/\/www.camara.leg.br\/noticias\/791394-COMISSAO-APROVA-USO-DE-TECNOLOGIAS-DA-INFORMACAO-CONTRA-TRANSTORNOS-COGNITIVOS-EM-IDOSOS\">pela Comiss\u00e3o de Defesa dos Direitos da Pessoa Idosa<\/a>, o projeto, que tramita em <span id=\"4322\" class=\"termoGlossario\" title=\"Rito de tramita\u00e7\u00e3o pelo qual o projeto \u00e9 votado apenas pelas comiss\u00f5es designadas para analis\u00e1-lo, dispensada a delibera\u00e7\u00e3o do Plen\u00e1rio. O projeto perde o car\u00e1ter conclusivo se houver decis\u00e3o divergente entre as comiss\u00f5es ou se, independentemente de ser aprovado ou rejeitado, houver recurso assinado por 52 deputados para a aprecia\u00e7\u00e3o da mat\u00e9ria no Plen\u00e1rio.\" contenteditable=\"false\" data-toggle=\"tooltip\" data-placement=\"top\">car\u00e1ter conclusivo<\/span>, seguir\u00e1 para an\u00e1lise dos senadores, a menos que haja pedido para que seja votado pelo Plen\u00e1rio da C\u00e2mara.<\/p>\n<p>Se tamb\u00e9m for aprovada no Senado, a proposta seguir\u00e1 para san\u00e7\u00e3o presidencial.<\/p>\n<p>\u00a0<\/p>\n<p style=\"font-size: 0.8rem; font-weight: 700;\">Reportagem &#8211; No\u00e9li Nobre<br \/>Edi\u00e7\u00e3o &#8211; Marcia Becker<\/p>\n<\/p><\/div>\n<\/p><\/div>\n<p><br \/>\n<br \/><a href=\"https:\/\/www.camara.leg.br\/noticias\/1221088-comissao-aprova-uso-de-tecnologias-da-informacao-contra-transtornos-cognitivos-em-pessoas-idosas\/\">postagem original <\/a><\/p>\n","protected":false},"excerpt":{"rendered":"<p>10\/11\/2025 &#8211; 10:22 \u00a0 Pablo Valadares \/ C\u00e2mara dos Deputados Laura Carneiro recomendou a aprova\u00e7\u00e3o A Comiss\u00e3o de Constitui\u00e7\u00e3o e [&hellip;]<\/p>\n","protected":false},"author":1,"featured_media":4709,"comment_status":"open","ping_status":"open","sticky":false,"template":"","format":"standard","meta":{"site-sidebar-layout":"default","site-content-layout":"","ast-site-content-layout":"default","site-content-style":"default","site-sidebar-style":"default","ast-global-header-display":"","ast-banner-title-visibility":"","ast-main-header-display":"","ast-hfb-above-header-display":"","ast-hfb-below-header-display":"","ast-hfb-mobile-header-display":"","site-post-title":"","ast-breadcrumbs-content":"","ast-featured-img":"","footer-sml-layout":"","theme-transparent-header-meta":"","adv-header-id-meta":"","stick-header-meta":"","header-above-stick-meta":"","header-main-stick-meta":"","header-below-stick-meta":"","astra-migrate-meta-layouts":"default","ast-page-background-enabled":"default","ast-page-background-meta":{"desktop":{"background-color":"var(--ast-global-color-5)","background-image":"","background-repeat":"repeat","background-position":"center center","background-size":"auto","background-attachment":"scroll","background-type":"","background-media":"","overlay-type":"","overlay-color":"","overlay-opacity":"","overlay-gradient":""},"tablet":{"background-color":"","background-image":"","background-repeat":"repeat","background-position":"center center","background-size":"auto","background-attachment":"scroll","background-type":"","background-media":"","overlay-type":"","overlay-color":"","overlay-opacity":"","overlay-gradient":""},"mobile":{"background-color":"","background-image":"","background-repeat":"repeat","background-position":"center center","background-size":"auto","background-attachment":"scroll","background-type":"","background-media":"","overlay-type":"","overlay-color":"","overlay-opacity":"","overlay-gradient":""}},"ast-content-background-meta":{"desktop":{"background-color":"var(--ast-global-color-4)","background-image":"","background-repeat":"repeat","background-position":"center center","background-size":"auto","background-attachment":"scroll","background-type":"","background-media":"","overlay-type":"","overlay-color":"","overlay-opacity":"","overlay-gradient":""},"tablet":{"background-color":"var(--ast-global-color-4)","background-image":"","background-repeat":"repeat","background-position":"center center","background-size":"auto","background-attachment":"scroll","background-type":"","background-media":"","overlay-type":"","overlay-color":"","overlay-opacity":"","overlay-gradient":""},"mobile":{"background-color":"var(--ast-global-color-4)","background-image":"","background-repeat":"repeat","background-position":"center center","background-size":"auto","background-attachment":"scroll","background-type":"","background-media":"","overlay-type":"","overlay-color":"","overlay-opacity":"","overlay-gradient":""}},"_joinchat":[],"footnotes":""},"categories":[26],"tags":[],"_links":{"self":[{"href":"https:\/\/radiosantaclara.sitetopfm.com.br\/site\/wp-json\/wp\/v2\/posts\/4708"}],"collection":[{"href":"https:\/\/radiosantaclara.sitetopfm.com.br\/site\/wp-json\/wp\/v2\/posts"}],"about":[{"href":"https:\/\/radiosantaclara.sitetopfm.com.br\/site\/wp-json\/wp\/v2\/types\/post"}],"author":[{"embeddable":true,"href":"https:\/\/radiosantaclara.sitetopfm.com.br\/site\/wp-json\/wp\/v2\/users\/1"}],"replies":[{"embeddable":true,"href":"https:\/\/radiosantaclara.sitetopfm.com.br\/site\/wp-json\/wp\/v2\/comments?post=4708"}],"version-history":[{"count":0,"href":"https:\/\/radiosantaclara.sitetopfm.com.br\/site\/wp-json\/wp\/v2\/posts\/4708\/revisions"}],"wp:featuredmedia":[{"embeddable":true,"href":"https:\/\/radiosantaclara.sitetopfm.com.br\/site\/wp-json\/wp\/v2\/media\/4709"}],"wp:attachment":[{"href":"https:\/\/radiosantaclara.sitetopfm.com.br\/site\/wp-json\/wp\/v2\/media?parent=4708"}],"wp:term":[{"taxonomy":"category","embeddable":true,"href":"https:\/\/radiosantaclara.sitetopfm.com.br\/site\/wp-json\/wp\/v2\/categories?post=4708"},{"taxonomy":"post_tag","embeddable":true,"href":"https:\/\/radiosantaclara.sitetopfm.com.br\/site\/wp-json\/wp\/v2\/tags?post=4708"}],"curies":[{"name":"wp","href":"https:\/\/api.w.org\/{rel}","templated":true}]}}