{"id":4697,"date":"2025-11-09T22:11:55","date_gmt":"2025-11-10T01:11:55","guid":{"rendered":"https:\/\/radiosantaclara.sitetopfm.com.br\/site\/comissao-aprova-atendimento-acessivel-a-mulheres-com-deficiencia-vitimas-de-violencia-domestica-noticias\/"},"modified":"2025-11-09T22:11:55","modified_gmt":"2025-11-10T01:11:55","slug":"comissao-aprova-atendimento-acessivel-a-mulheres-com-deficiencia-vitimas-de-violencia-domestica-noticias","status":"publish","type":"post","link":"https:\/\/radiosantaclara.sitetopfm.com.br\/site\/comissao-aprova-atendimento-acessivel-a-mulheres-com-deficiencia-vitimas-de-violencia-domestica-noticias\/","title":{"rendered":"Comiss\u00e3o aprova atendimento acess\u00edvel a mulheres com defici\u00eancia v\u00edtimas de viol\u00eancia dom\u00e9stica &#8211; Not\u00edcias"},"content":{"rendered":"<p> <br \/>\n<\/p>\n<div>\n<div>\n<p class=\"g-artigo__data-hora\">\n                      06\/11\/2025 &#8211; 13:08 \u00a0\n                    <\/p>\n<div id=\"image-container-1220260\" class=\"image-container\" style=\"float: none; margin: 45px 0px; width: 100%;\" data-midia=\"1220260\">\n<p><em>Renato Ara\u00fajo\/C\u00e2mara dos Deputados<\/em><\/p>\n<p>Laura Carneiro defendeu a aprova\u00e7\u00e3o da proposta<\/p>\n<\/p><\/div>\n<p>A Comiss\u00e3o de Defesa dos Direitos da Mulher da C\u00e2mara dos Deputados aprovou o <a class=\"linkProposicao\" href=\"https:\/\/www.camara.leg.br\/noticias\/1087253-projeto-garante-atendimento-acessivel-a-mulher-com-deficiencia-vitima-de-violencia-domestica\">Projeto de Lei 3728\/21<\/a>, que altera a <a href=\"https:\/\/www2.camara.gov.br\/legin\/fed\/lei\/2006\/lei-11340-7-agosto-2006-545133-norma-pl.html\">Lei Maria da Penha<\/a> para garantir atendimento acess\u00edvel a mulheres com defici\u00eancia v\u00edtimas de viol\u00eancia dom\u00e9stica e familiar.<\/p>\n<p>Os parlamentares acolheram o parecer da relatora, deputada Laura Carneiro (PSD-RJ), pela aprova\u00e7\u00e3o da proposta, de autoria da senadora Leila Barros (PDT-DF).<\/p>\n<p>\u201cTrata-se de uma iniciativa essencial e urgente, que aborda as din\u00e2micas de g\u00eanero e defici\u00eancia\u201d, afirmou Laura Carneiro.<\/p>\n<p>O texto aprovado define como acess\u00edvel o atendimento inclusivo, seja presencial ou remoto. O projeto prev\u00ea o uso da comunica\u00e7\u00e3o por l\u00edngua brasileira de sinais (Libras), braile ou qualquer outra tecnologia assistiva.<\/p>\n<p>A proposi\u00e7\u00e3o garante ainda atendimento policial, judicial e pericial acess\u00edvel \u2013 medida que se estender\u00e1 aos servi\u00e7os de Defensoria P\u00fablica ou de Assist\u00eancia Judici\u00e1ria Gratuita.<\/p>\n<p><strong>Pr\u00f3ximos passos<\/strong><br \/>A proposta tramita em <span id=\"4322\" class=\"termoGlossario\" title=\"Rito de tramita\u00e7\u00e3o pelo qual o projeto \u00e9 votado apenas pelas comiss\u00f5es designadas para analis\u00e1-lo, dispensada a delibera\u00e7\u00e3o do Plen\u00e1rio. O projeto perde o car\u00e1ter conclusivo se houver decis\u00e3o divergente entre as comiss\u00f5es ou se, independentemente de ser aprovado ou rejeitado, houver recurso assinado por 52 deputados para a aprecia\u00e7\u00e3o da mat\u00e9ria no Plen\u00e1rio.\" contenteditable=\"false\" data-toggle=\"tooltip\" data-placement=\"top\">car\u00e1ter conclusivo<\/span> e ainda ser\u00e1 analisada pelas comiss\u00f5es de Finan\u00e7as e Tributa\u00e7\u00e3o; e de Constitui\u00e7\u00e3o e Justi\u00e7a e de Cidadania.<\/p>\n<p>Se for aprovada pela C\u00e2mara sem altera\u00e7\u00f5es, a proposta seguir\u00e1 para san\u00e7\u00e3o do presidente da Rep\u00fablica.<\/p>\n<p>\u00a0<\/p>\n<p>        <iframe class=\"infografico-container\" style=\"width: 100%; height: 100%;\" src=\"https:\/\/www.camara.leg.br\/internet\/agencia\/infograficos-html5\/violencia-contra-a-mulher-no-brasil-em-2024\/index.html\" frameborder=\"0\" data-mce-fragment=\"1\"><\/iframe><\/p>\n<p>\u00a0<\/p>\n<p style=\"font-size: 0.8rem; font-weight: 700;\">Da Reportagem\/RM<br \/>Edi\u00e7\u00e3o \u2013 Marcelo Oliveira<\/p>\n<\/p><\/div>\n<\/p><\/div>\n<p><br \/>\n<br \/><a href=\"https:\/\/www.camara.leg.br\/noticias\/1220116-comissao-aprova-atendimento-acessivel-a-mulheres-com-deficiencia-vitimas-de-violencia-domestica\/\">postagem original <\/a><\/p>\n","protected":false},"excerpt":{"rendered":"<p>06\/11\/2025 &#8211; 13:08 \u00a0 Renato Ara\u00fajo\/C\u00e2mara dos Deputados Laura Carneiro defendeu a aprova\u00e7\u00e3o da proposta A Comiss\u00e3o de Defesa dos [&hellip;]<\/p>\n","protected":false},"author":1,"featured_media":4698,"comment_status":"open","ping_status":"open","sticky":false,"template":"","format":"standard","meta":{"site-sidebar-layout":"default","site-content-layout":"","ast-site-content-layout":"default","site-content-style":"default","site-sidebar-style":"default","ast-global-header-display":"","ast-banner-title-visibility":"","ast-main-header-display":"","ast-hfb-above-header-display":"","ast-hfb-below-header-display":"","ast-hfb-mobile-header-display":"","site-post-title":"","ast-breadcrumbs-content":"","ast-featured-img":"","footer-sml-layout":"","theme-transparent-header-meta":"","adv-header-id-meta":"","stick-header-meta":"","header-above-stick-meta":"","header-main-stick-meta":"","header-below-stick-meta":"","astra-migrate-meta-layouts":"default","ast-page-background-enabled":"default","ast-page-background-meta":{"desktop":{"background-color":"var(--ast-global-color-5)","background-image":"","background-repeat":"repeat","background-position":"center center","background-size":"auto","background-attachment":"scroll","background-type":"","background-media":"","overlay-type":"","overlay-color":"","overlay-opacity":"","overlay-gradient":""},"tablet":{"background-color":"","background-image":"","background-repeat":"repeat","background-position":"center center","background-size":"auto","background-attachment":"scroll","background-type":"","background-media":"","overlay-type":"","overlay-color":"","overlay-opacity":"","overlay-gradient":""},"mobile":{"background-color":"","background-image":"","background-repeat":"repeat","background-position":"center center","background-size":"auto","background-attachment":"scroll","background-type":"","background-media":"","overlay-type":"","overlay-color":"","overlay-opacity":"","overlay-gradient":""}},"ast-content-background-meta":{"desktop":{"background-color":"var(--ast-global-color-4)","background-image":"","background-repeat":"repeat","background-position":"center center","background-size":"auto","background-attachment":"scroll","background-type":"","background-media":"","overlay-type":"","overlay-color":"","overlay-opacity":"","overlay-gradient":""},"tablet":{"background-color":"var(--ast-global-color-4)","background-image":"","background-repeat":"repeat","background-position":"center center","background-size":"auto","background-attachment":"scroll","background-type":"","background-media":"","overlay-type":"","overlay-color":"","overlay-opacity":"","overlay-gradient":""},"mobile":{"background-color":"var(--ast-global-color-4)","background-image":"","background-repeat":"repeat","background-position":"center center","background-size":"auto","background-attachment":"scroll","background-type":"","background-media":"","overlay-type":"","overlay-color":"","overlay-opacity":"","overlay-gradient":""}},"_joinchat":[],"footnotes":""},"categories":[31],"tags":[],"_links":{"self":[{"href":"https:\/\/radiosantaclara.sitetopfm.com.br\/site\/wp-json\/wp\/v2\/posts\/4697"}],"collection":[{"href":"https:\/\/radiosantaclara.sitetopfm.com.br\/site\/wp-json\/wp\/v2\/posts"}],"about":[{"href":"https:\/\/radiosantaclara.sitetopfm.com.br\/site\/wp-json\/wp\/v2\/types\/post"}],"author":[{"embeddable":true,"href":"https:\/\/radiosantaclara.sitetopfm.com.br\/site\/wp-json\/wp\/v2\/users\/1"}],"replies":[{"embeddable":true,"href":"https:\/\/radiosantaclara.sitetopfm.com.br\/site\/wp-json\/wp\/v2\/comments?post=4697"}],"version-history":[{"count":0,"href":"https:\/\/radiosantaclara.sitetopfm.com.br\/site\/wp-json\/wp\/v2\/posts\/4697\/revisions"}],"wp:featuredmedia":[{"embeddable":true,"href":"https:\/\/radiosantaclara.sitetopfm.com.br\/site\/wp-json\/wp\/v2\/media\/4698"}],"wp:attachment":[{"href":"https:\/\/radiosantaclara.sitetopfm.com.br\/site\/wp-json\/wp\/v2\/media?parent=4697"}],"wp:term":[{"taxonomy":"category","embeddable":true,"href":"https:\/\/radiosantaclara.sitetopfm.com.br\/site\/wp-json\/wp\/v2\/categories?post=4697"},{"taxonomy":"post_tag","embeddable":true,"href":"https:\/\/radiosantaclara.sitetopfm.com.br\/site\/wp-json\/wp\/v2\/tags?post=4697"}],"curies":[{"name":"wp","href":"https:\/\/api.w.org\/{rel}","templated":true}]}}