{"id":4597,"date":"2025-11-05T06:38:58","date_gmt":"2025-11-05T09:38:58","guid":{"rendered":"https:\/\/radiosantaclara.sitetopfm.com.br\/site\/comissao-aprova-concurso-obrigatorio-na-pf-e-policias-civis-quando-vagas-superarem-5-do-efetivo-noticias\/"},"modified":"2025-11-05T06:38:58","modified_gmt":"2025-11-05T09:38:58","slug":"comissao-aprova-concurso-obrigatorio-na-pf-e-policias-civis-quando-vagas-superarem-5-do-efetivo-noticias","status":"publish","type":"post","link":"https:\/\/radiosantaclara.sitetopfm.com.br\/site\/comissao-aprova-concurso-obrigatorio-na-pf-e-policias-civis-quando-vagas-superarem-5-do-efetivo-noticias\/","title":{"rendered":"Comiss\u00e3o aprova concurso obrigat\u00f3rio na PF e Pol\u00edcias Civis quando vagas superarem 5% do efetivo &#8211; Not\u00edcias"},"content":{"rendered":"<p> <br \/>\n<\/p>\n<div>\n<div>\n<p class=\"g-artigo__data-hora\">\n                      04\/11\/2025 &#8211; 20:38 \u00a0\n                    <\/p>\n<div id=\"image-container-1219204\" class=\"image-container\" style=\"float: none; margin: 45px 0px; width: 100%;\" data-midia=\"1219204\">\n<p><em>Pablo Valadares \/ C\u00e2mara dos Deputados<\/em><\/p>\n<p>Paulo Bilynskyj estendeu \u00e0 Pol\u00edcia Civil o limite de vagas<\/p>\n<\/p><\/div>\n<p>A Comiss\u00e3o de Seguran\u00e7a P\u00fablica da C\u00e2mara dos Deputados aprovou projeto de lei que obriga a realiza\u00e7\u00e3o de concursos p\u00fablicos para as carreiras da Policia Federal (PF) e das Policias Civis sempre que os cargos vagos excederem a 5% do total de cargos efetivos.<\/p>\n<p>Foi aprovado o <span id=\"4098\" class=\"termoGlossario\" title=\"Nome que se d\u00e1 ao texto que altera substancialmente o conte\u00fado original da proposta. O substitutivo \u00e9 apresentado pelo relator e tem prefer\u00eancia na vota\u00e7\u00e3o sobre o projeto original.\" contenteditable=\"false\" data-toggle=\"tooltip\" data-placement=\"top\">substitutivo<\/span> do relator, deputado Delegado Paulo Bilynskyj (PL-SP), ao Projeto de Lei 607\/25, do Senado Federal. O parecer mant\u00e9m o projeto original, mas estende o<span class=\"ng-star-inserted\" data-start-index=\"1414\">\u00a0<\/span>limite de vac\u00e2ncia obrigat\u00f3rio<span class=\"ng-star-inserted\" data-start-index=\"1513\"> para a abertura de novos <\/span> concursos \u00e0 Pol\u00edcia Civil.<\/p>\n<p><span class=\"ng-star-inserted\" data-start-index=\"1089\">Bilynskyj <\/span><span class=\"ng-star-inserted\" data-start-index=\"1151\">destacou que a falta de efetivo na PF impacta a capacidade de combate ao crime organizado, \u00e0 corrup\u00e7\u00e3o, \u00e0 lavagem de dinheiro e aos crimes cibern\u00e9ticos. Segundo ele, os mesmos problemas s\u00e3o enfrentados pelas Pol\u00edcias Civis dos estados e do Distrito Federal. <\/span><\/p>\n<p><span class=\"ng-star-inserted\" data-start-index=\"1151\">&#8220;Essas institui\u00e7\u00f5es, que atuam como pol\u00edcia judici\u00e1ria na esfera estadual, enfrentam historicamente os mesmos problemas de defasagem de efetivos e falta de previsibilidade na abertura de concursos, o que fragiliza a resposta estatal \u00e0 criminalidade&#8221;, disse.<\/span><\/p>\n<p>O texto aprovado altera a <a class=\"linkLegislacao\" href=\"https:\/\/www2.camara.gov.br\/legin\/fed\/lei\/1996\/lei-9266-15-marco-1996-367796-norma-pl.html\">Lei 9.266\/96<\/a> e a <a class=\"linkLegislacao\" href=\"https:\/\/www2.camara.gov.br\/legin\/fed\/lei\/2003\/lei-10682-28-maio-2003-485573-norma-pl.html\">Lei 10.682\/03<\/a>, que tratam da Carreira Policial Federal e do Plano Especial de Cargos do Departamento de Pol\u00edcia Federal, respectivamente. Al\u00e9m da <a class=\"linkLegislacao\" href=\"https:\/\/www2.camara.gov.br\/legin\/fed\/lei\/2023\/lei-14735-23-novembro-2023-794983-norma-pl.html\">Lei 14.735\/23<\/a>, que institui a Lei Org\u00e2nica Nacional das Pol\u00edcias Civis.<\/p>\n<p><strong>Pr\u00f3ximos passos<br \/><\/strong>A proposta, que tramita de forma <span id=\"4322\" class=\"termoGlossario\" title=\"Rito de tramita\u00e7\u00e3o pelo qual o projeto \u00e9 votado apenas pelas comiss\u00f5es designadas para analis\u00e1-lo, dispensada a delibera\u00e7\u00e3o do Plen\u00e1rio. O projeto perde o car\u00e1ter conclusivo se houver decis\u00e3o divergente entre as comiss\u00f5es ou se, independentemente de ser aprovado ou rejeitado, houver recurso assinado por 52 deputados para a aprecia\u00e7\u00e3o da mat\u00e9ria no Plen\u00e1rio.\" contenteditable=\"false\" data-toggle=\"tooltip\" data-placement=\"top\">conclusiva<\/span>, ainda ser\u00e1 analisada pela Comiss\u00e3o de Constitui\u00e7\u00e3o e Justi\u00e7a e de Cidadania. Para virar lei, o texto precisa ser aprovado pela C\u00e2mara e pelo Senado.<\/p>\n<p><a href=\"https:\/\/www.camara.leg.br\/noticias\/573454-SAIBA-MAIS-SOBRE-A-TRAMITACAO-DE-PROJETOS-DE-LEI\">Saiba mais sobre a tramita\u00e7\u00e3o de projetos de lei<\/a><\/p>\n<p style=\"font-size: 0.8rem; font-weight: 700;\">Reportagem &#8211; Emanuelle Brasil<br \/>Edi\u00e7\u00e3o &#8211; Ge\u00f3rgia Moraes<\/p>\n<\/p><\/div>\n<\/p><\/div>\n<p><br \/>\n<br \/><a href=\"https:\/\/www.camara.leg.br\/noticias\/1219044-comissao-aprova-concurso-obrigatorio-na-pf-e-policias-civis-quando-vagas-superarem-5-do-efetivo\/\">postagem original <\/a><\/p>\n","protected":false},"excerpt":{"rendered":"<p>04\/11\/2025 &#8211; 20:38 \u00a0 Pablo Valadares \/ C\u00e2mara dos Deputados Paulo Bilynskyj estendeu \u00e0 Pol\u00edcia Civil o limite de vagas [&hellip;]<\/p>\n","protected":false},"author":1,"featured_media":4598,"comment_status":"open","ping_status":"open","sticky":false,"template":"","format":"standard","meta":{"site-sidebar-layout":"default","site-content-layout":"","ast-site-content-layout":"default","site-content-style":"default","site-sidebar-style":"default","ast-global-header-display":"","ast-banner-title-visibility":"","ast-main-header-display":"","ast-hfb-above-header-display":"","ast-hfb-below-header-display":"","ast-hfb-mobile-header-display":"","site-post-title":"","ast-breadcrumbs-content":"","ast-featured-img":"","footer-sml-layout":"","theme-transparent-header-meta":"","adv-header-id-meta":"","stick-header-meta":"","header-above-stick-meta":"","header-main-stick-meta":"","header-below-stick-meta":"","astra-migrate-meta-layouts":"default","ast-page-background-enabled":"default","ast-page-background-meta":{"desktop":{"background-color":"var(--ast-global-color-5)","background-image":"","background-repeat":"repeat","background-position":"center center","background-size":"auto","background-attachment":"scroll","background-type":"","background-media":"","overlay-type":"","overlay-color":"","overlay-opacity":"","overlay-gradient":""},"tablet":{"background-color":"","background-image":"","background-repeat":"repeat","background-position":"center center","background-size":"auto","background-attachment":"scroll","background-type":"","background-media":"","overlay-type":"","overlay-color":"","overlay-opacity":"","overlay-gradient":""},"mobile":{"background-color":"","background-image":"","background-repeat":"repeat","background-position":"center center","background-size":"auto","background-attachment":"scroll","background-type":"","background-media":"","overlay-type":"","overlay-color":"","overlay-opacity":"","overlay-gradient":""}},"ast-content-background-meta":{"desktop":{"background-color":"var(--ast-global-color-4)","background-image":"","background-repeat":"repeat","background-position":"center center","background-size":"auto","background-attachment":"scroll","background-type":"","background-media":"","overlay-type":"","overlay-color":"","overlay-opacity":"","overlay-gradient":""},"tablet":{"background-color":"var(--ast-global-color-4)","background-image":"","background-repeat":"repeat","background-position":"center center","background-size":"auto","background-attachment":"scroll","background-type":"","background-media":"","overlay-type":"","overlay-color":"","overlay-opacity":"","overlay-gradient":""},"mobile":{"background-color":"var(--ast-global-color-4)","background-image":"","background-repeat":"repeat","background-position":"center center","background-size":"auto","background-attachment":"scroll","background-type":"","background-media":"","overlay-type":"","overlay-color":"","overlay-opacity":"","overlay-gradient":""}},"_joinchat":[],"footnotes":""},"categories":[29],"tags":[],"_links":{"self":[{"href":"https:\/\/radiosantaclara.sitetopfm.com.br\/site\/wp-json\/wp\/v2\/posts\/4597"}],"collection":[{"href":"https:\/\/radiosantaclara.sitetopfm.com.br\/site\/wp-json\/wp\/v2\/posts"}],"about":[{"href":"https:\/\/radiosantaclara.sitetopfm.com.br\/site\/wp-json\/wp\/v2\/types\/post"}],"author":[{"embeddable":true,"href":"https:\/\/radiosantaclara.sitetopfm.com.br\/site\/wp-json\/wp\/v2\/users\/1"}],"replies":[{"embeddable":true,"href":"https:\/\/radiosantaclara.sitetopfm.com.br\/site\/wp-json\/wp\/v2\/comments?post=4597"}],"version-history":[{"count":0,"href":"https:\/\/radiosantaclara.sitetopfm.com.br\/site\/wp-json\/wp\/v2\/posts\/4597\/revisions"}],"wp:featuredmedia":[{"embeddable":true,"href":"https:\/\/radiosantaclara.sitetopfm.com.br\/site\/wp-json\/wp\/v2\/media\/4598"}],"wp:attachment":[{"href":"https:\/\/radiosantaclara.sitetopfm.com.br\/site\/wp-json\/wp\/v2\/media?parent=4597"}],"wp:term":[{"taxonomy":"category","embeddable":true,"href":"https:\/\/radiosantaclara.sitetopfm.com.br\/site\/wp-json\/wp\/v2\/categories?post=4597"},{"taxonomy":"post_tag","embeddable":true,"href":"https:\/\/radiosantaclara.sitetopfm.com.br\/site\/wp-json\/wp\/v2\/tags?post=4597"}],"curies":[{"name":"wp","href":"https:\/\/api.w.org\/{rel}","templated":true}]}}