{"id":4512,"date":"2025-11-01T15:09:11","date_gmt":"2025-11-01T18:09:11","guid":{"rendered":"https:\/\/radiosantaclara.sitetopfm.com.br\/site\/comissoes-discutem-atualizacao-da-politica-nacional-de-atencao-a-saude-auditiva-noticias\/"},"modified":"2025-11-01T15:09:11","modified_gmt":"2025-11-01T18:09:11","slug":"comissoes-discutem-atualizacao-da-politica-nacional-de-atencao-a-saude-auditiva-noticias","status":"publish","type":"post","link":"https:\/\/radiosantaclara.sitetopfm.com.br\/site\/comissoes-discutem-atualizacao-da-politica-nacional-de-atencao-a-saude-auditiva-noticias\/","title":{"rendered":"Comiss\u00f5es discutem atualiza\u00e7\u00e3o da Pol\u00edtica Nacional de Aten\u00e7\u00e3o \u00e0 Sa\u00fade Auditiva &#8211; Not\u00edcias"},"content":{"rendered":"<p> <br \/>\n<\/p>\n<div>\n<div>\n<p class=\"g-artigo__data-hora\">\n                      30\/10\/2025 &#8211; 14:52 \u00a0\n                    <\/p>\n<div id=\"image-container-1217804\" class=\"image-container\" style=\"float: none; margin: 45px 0px; width: 100%;\" data-midia=\"1217804\">\n<p><em>Kayo Magalh\u00e3es \/ C\u00e2mara dos Deputados<\/em><\/p>\n<p>Silvia Cristina diz que h\u00e1 sinais de defasagem na implementa\u00e7\u00e3o da pol\u00edtica<\/p>\n<\/p><\/div>\n<p data-start=\"85\" data-end=\"383\">As comiss\u00f5es de Defesa dos Direitos das Pessoas com Defici\u00eancia; e de Sa\u00fade da C\u00e2mara dos Deputados realizam audi\u00eancia p\u00fablica na ter\u00e7a-feira (4) para discutir a Pol\u00edtica Nacional de Aten\u00e7\u00e3o \u00e0 Sa\u00fade Auditiva (PNASA).<\/p>\n<p data-start=\"85\" data-end=\"383\">O debate foi proposto pela deputada Silvia Cristina (PP-RO) e est\u00e1 marcado para as 13 horas, no plen\u00e1rio 13.<\/p>\n<p data-start=\"542\" data-end=\"848\">A deputada explica que o objetivo \u00e9 avaliar a efetividade da pol\u00edtica e propor atualiza\u00e7\u00f5es que garantam o acesso da popula\u00e7\u00e3o a servi\u00e7os de diagn\u00f3stico, reabilita\u00e7\u00e3o e promo\u00e7\u00e3o da sa\u00fade auditiva no \u00e2mbito do Sistema \u00danico de Sa\u00fade (SUS).<\/p>\n<p data-start=\"850\" data-end=\"1033\">Silvia Cristina diz que h\u00e1 sinais de defasagem na implementa\u00e7\u00e3o da PNASA, o que compromete a assist\u00eancia integral e multiprofissional prevista na pol\u00edtica e torna urgente sua atualiza\u00e7\u00e3o.<\/p>\n<p data-start=\"850\" data-end=\"1033\">&#8220;A perda da audi\u00e7\u00e3o pode atingir pessoas de qualquer idade e levar a dificuldades de comunica\u00e7\u00e3o, transtornos cognitivos e impactos psicossociais, como isolamento, depress\u00e3o e ansiedade.<\/p>\n<p data-start=\"1035\" data-end=\"1358\" data-is-last-node=\"\" data-is-only-node=\"\">&#8220;Pensar em protocolos cl\u00ednicos e diretrizes terap\u00eauticas (PCDT), revisar a Tabela SUS ou a l\u00f3gica de financiamento dos procedimentos e das tecnologias voltadas \u00e0 sa\u00fade auditiva, divulgar a pol\u00edtica junto \u00e0 popula\u00e7\u00e3o e identificar demandas s\u00e3o tarefas urgentes e necess\u00e1rias&#8221;, defende a deputada.<\/p>\n<p style=\"font-size: 0.8rem; font-weight: 700;\">Da Reda\u00e7\u00e3o &#8211; MB<\/p>\n<\/p><\/div>\n<\/p><\/div>\n<p><br \/>\n<br \/><a href=\"https:\/\/www.camara.leg.br\/noticias\/1217188-comissoes-discutem-atualizacao-da-politica-nacional-de-atencao-a-saude-auditiva\/\">postagem original <\/a><\/p>\n","protected":false},"excerpt":{"rendered":"<p>30\/10\/2025 &#8211; 14:52 \u00a0 Kayo Magalh\u00e3es \/ C\u00e2mara dos Deputados Silvia Cristina diz que h\u00e1 sinais de defasagem na implementa\u00e7\u00e3o [&hellip;]<\/p>\n","protected":false},"author":1,"featured_media":4513,"comment_status":"open","ping_status":"open","sticky":false,"template":"","format":"standard","meta":{"site-sidebar-layout":"default","site-content-layout":"","ast-site-content-layout":"default","site-content-style":"default","site-sidebar-style":"default","ast-global-header-display":"","ast-banner-title-visibility":"","ast-main-header-display":"","ast-hfb-above-header-display":"","ast-hfb-below-header-display":"","ast-hfb-mobile-header-display":"","site-post-title":"","ast-breadcrumbs-content":"","ast-featured-img":"","footer-sml-layout":"","theme-transparent-header-meta":"","adv-header-id-meta":"","stick-header-meta":"","header-above-stick-meta":"","header-main-stick-meta":"","header-below-stick-meta":"","astra-migrate-meta-layouts":"default","ast-page-background-enabled":"default","ast-page-background-meta":{"desktop":{"background-color":"var(--ast-global-color-5)","background-image":"","background-repeat":"repeat","background-position":"center center","background-size":"auto","background-attachment":"scroll","background-type":"","background-media":"","overlay-type":"","overlay-color":"","overlay-opacity":"","overlay-gradient":""},"tablet":{"background-color":"","background-image":"","background-repeat":"repeat","background-position":"center center","background-size":"auto","background-attachment":"scroll","background-type":"","background-media":"","overlay-type":"","overlay-color":"","overlay-opacity":"","overlay-gradient":""},"mobile":{"background-color":"","background-image":"","background-repeat":"repeat","background-position":"center center","background-size":"auto","background-attachment":"scroll","background-type":"","background-media":"","overlay-type":"","overlay-color":"","overlay-opacity":"","overlay-gradient":""}},"ast-content-background-meta":{"desktop":{"background-color":"var(--ast-global-color-4)","background-image":"","background-repeat":"repeat","background-position":"center center","background-size":"auto","background-attachment":"scroll","background-type":"","background-media":"","overlay-type":"","overlay-color":"","overlay-opacity":"","overlay-gradient":""},"tablet":{"background-color":"var(--ast-global-color-4)","background-image":"","background-repeat":"repeat","background-position":"center center","background-size":"auto","background-attachment":"scroll","background-type":"","background-media":"","overlay-type":"","overlay-color":"","overlay-opacity":"","overlay-gradient":""},"mobile":{"background-color":"var(--ast-global-color-4)","background-image":"","background-repeat":"repeat","background-position":"center center","background-size":"auto","background-attachment":"scroll","background-type":"","background-media":"","overlay-type":"","overlay-color":"","overlay-opacity":"","overlay-gradient":""}},"_joinchat":[],"footnotes":""},"categories":[26],"tags":[],"_links":{"self":[{"href":"https:\/\/radiosantaclara.sitetopfm.com.br\/site\/wp-json\/wp\/v2\/posts\/4512"}],"collection":[{"href":"https:\/\/radiosantaclara.sitetopfm.com.br\/site\/wp-json\/wp\/v2\/posts"}],"about":[{"href":"https:\/\/radiosantaclara.sitetopfm.com.br\/site\/wp-json\/wp\/v2\/types\/post"}],"author":[{"embeddable":true,"href":"https:\/\/radiosantaclara.sitetopfm.com.br\/site\/wp-json\/wp\/v2\/users\/1"}],"replies":[{"embeddable":true,"href":"https:\/\/radiosantaclara.sitetopfm.com.br\/site\/wp-json\/wp\/v2\/comments?post=4512"}],"version-history":[{"count":0,"href":"https:\/\/radiosantaclara.sitetopfm.com.br\/site\/wp-json\/wp\/v2\/posts\/4512\/revisions"}],"wp:featuredmedia":[{"embeddable":true,"href":"https:\/\/radiosantaclara.sitetopfm.com.br\/site\/wp-json\/wp\/v2\/media\/4513"}],"wp:attachment":[{"href":"https:\/\/radiosantaclara.sitetopfm.com.br\/site\/wp-json\/wp\/v2\/media?parent=4512"}],"wp:term":[{"taxonomy":"category","embeddable":true,"href":"https:\/\/radiosantaclara.sitetopfm.com.br\/site\/wp-json\/wp\/v2\/categories?post=4512"},{"taxonomy":"post_tag","embeddable":true,"href":"https:\/\/radiosantaclara.sitetopfm.com.br\/site\/wp-json\/wp\/v2\/tags?post=4512"}],"curies":[{"name":"wp","href":"https:\/\/api.w.org\/{rel}","templated":true}]}}