{"id":4506,"date":"2025-11-01T10:43:57","date_gmt":"2025-11-01T13:43:57","guid":{"rendered":"https:\/\/radiosantaclara.sitetopfm.com.br\/site\/comissao-debate-impactos-financeiros-da-proposta-que-fixa-a-jornada-de-enfermeiros-em-30-horas-semanais-noticias\/"},"modified":"2025-11-01T10:43:57","modified_gmt":"2025-11-01T13:43:57","slug":"comissao-debate-impactos-financeiros-da-proposta-que-fixa-a-jornada-de-enfermeiros-em-30-horas-semanais-noticias","status":"publish","type":"post","link":"https:\/\/radiosantaclara.sitetopfm.com.br\/site\/comissao-debate-impactos-financeiros-da-proposta-que-fixa-a-jornada-de-enfermeiros-em-30-horas-semanais-noticias\/","title":{"rendered":"Comiss\u00e3o debate impactos financeiros da proposta que fixa a jornada de enfermeiros em 30 horas semanais &#8211; Not\u00edcias"},"content":{"rendered":"<p> <br \/>\n<\/p>\n<div>\n<div>\n<p class=\"g-artigo__data-hora\">\n                      30\/10\/2025 &#8211; 14:54 \u00a0\n                    <\/p>\n<div id=\"image-container-1217837\" class=\"image-container\" style=\"float: none; margin: 45px 0px; width: 100%;\" data-midia=\"1217837\">\n<p><em>Depositphotos<\/em><\/p>\n<p>Jornada de 30 horas valoriza categoria, mas imp\u00f5e desafios fiscais<\/p>\n<\/p><\/div>\n<p data-start=\"243\" data-end=\"494\">A Comiss\u00e3o de Sa\u00fade da C\u00e2mara dos Deputados discutir\u00e1, na pr\u00f3xima ter\u00e7a-feira (4), os impactos financeiros da proposta que\u00a0estabelece a jornada da categoria em 30 horas semanais.<\/p>\n<p data-start=\"243\" data-end=\"494\">A Proposta de Emenda \u00e0 Constitui\u00e7\u00e3o (PEC) 19\/24, que est\u00e1\u00a0em an\u00e1lise no Senado, determina que o piso salarial dos enfermeiros, t\u00e9cnicos de enfermagem, auxiliares de enfermagem e das parteiras refere-se a uma jornada m\u00e1xima de trabalho de 30 horas semanais.<\/p>\n<p data-start=\"243\" data-end=\"494\">O debate ser\u00e1 realizado \u00e0s 17 horas, no plen\u00e1rio 7, a pedido do deputado Bruno Farias (Avante-MG).<\/p>\n<p data-start=\"986\" data-end=\"1297\"><strong>Valoriza\u00e7\u00e3o e desafio<\/strong><br \/>Bruno Farias destaca que a medida representa um avan\u00e7o na valoriza\u00e7\u00e3o da categoria, mas imp\u00f5e desafios fiscais \u00e0s tr\u00eas esferas de governo e aos prestadores de servi\u00e7os de sa\u00fade.<\/p>\n<p data-start=\"986\" data-end=\"1297\">\u201c\u00c9 fundamental avaliar a sustentabilidade financeira e or\u00e7ament\u00e1ria da proposta, com base em dados e proje\u00e7\u00f5es confi\u00e1veis\u201d, afirma.<\/p>\n<p>\u00a0<\/p>\n<p>        <iframe class=\"infografico-container\" style=\"width: 100%; height: 100%;\" src=\"https:\/\/www.camara.leg.br\/internet\/agencia\/infograficos-html5\/numeros-enfermagem-brasil\/index.html\" frameborder=\"0\" data-mce-fragment=\"1\"><\/iframe><\/p>\n<p>\u00a0<\/p>\n<p style=\"font-size: 0.8rem; font-weight: 700;\">Da Reda\u00e7\u00e3o &#8211; ND<\/p>\n<\/p><\/div>\n<\/p><\/div>\n<p><br \/>\n<br \/><a href=\"https:\/\/www.camara.leg.br\/noticias\/1217483-comissao-debate-impactos-financeiros-da-proposta-que-fixa-a-jornada-de-enfermeiros-em-30-horas-semanais\/\">postagem original <\/a><\/p>\n","protected":false},"excerpt":{"rendered":"<p>30\/10\/2025 &#8211; 14:54 \u00a0 Depositphotos Jornada de 30 horas valoriza categoria, mas imp\u00f5e desafios fiscais A Comiss\u00e3o de Sa\u00fade da [&hellip;]<\/p>\n","protected":false},"author":1,"featured_media":4507,"comment_status":"open","ping_status":"open","sticky":false,"template":"","format":"standard","meta":{"site-sidebar-layout":"default","site-content-layout":"","ast-site-content-layout":"default","site-content-style":"default","site-sidebar-style":"default","ast-global-header-display":"","ast-banner-title-visibility":"","ast-main-header-display":"","ast-hfb-above-header-display":"","ast-hfb-below-header-display":"","ast-hfb-mobile-header-display":"","site-post-title":"","ast-breadcrumbs-content":"","ast-featured-img":"","footer-sml-layout":"","theme-transparent-header-meta":"","adv-header-id-meta":"","stick-header-meta":"","header-above-stick-meta":"","header-main-stick-meta":"","header-below-stick-meta":"","astra-migrate-meta-layouts":"default","ast-page-background-enabled":"default","ast-page-background-meta":{"desktop":{"background-color":"var(--ast-global-color-5)","background-image":"","background-repeat":"repeat","background-position":"center center","background-size":"auto","background-attachment":"scroll","background-type":"","background-media":"","overlay-type":"","overlay-color":"","overlay-opacity":"","overlay-gradient":""},"tablet":{"background-color":"","background-image":"","background-repeat":"repeat","background-position":"center center","background-size":"auto","background-attachment":"scroll","background-type":"","background-media":"","overlay-type":"","overlay-color":"","overlay-opacity":"","overlay-gradient":""},"mobile":{"background-color":"","background-image":"","background-repeat":"repeat","background-position":"center center","background-size":"auto","background-attachment":"scroll","background-type":"","background-media":"","overlay-type":"","overlay-color":"","overlay-opacity":"","overlay-gradient":""}},"ast-content-background-meta":{"desktop":{"background-color":"var(--ast-global-color-4)","background-image":"","background-repeat":"repeat","background-position":"center center","background-size":"auto","background-attachment":"scroll","background-type":"","background-media":"","overlay-type":"","overlay-color":"","overlay-opacity":"","overlay-gradient":""},"tablet":{"background-color":"var(--ast-global-color-4)","background-image":"","background-repeat":"repeat","background-position":"center center","background-size":"auto","background-attachment":"scroll","background-type":"","background-media":"","overlay-type":"","overlay-color":"","overlay-opacity":"","overlay-gradient":""},"mobile":{"background-color":"var(--ast-global-color-4)","background-image":"","background-repeat":"repeat","background-position":"center center","background-size":"auto","background-attachment":"scroll","background-type":"","background-media":"","overlay-type":"","overlay-color":"","overlay-opacity":"","overlay-gradient":""}},"_joinchat":[],"footnotes":""},"categories":[26],"tags":[],"_links":{"self":[{"href":"https:\/\/radiosantaclara.sitetopfm.com.br\/site\/wp-json\/wp\/v2\/posts\/4506"}],"collection":[{"href":"https:\/\/radiosantaclara.sitetopfm.com.br\/site\/wp-json\/wp\/v2\/posts"}],"about":[{"href":"https:\/\/radiosantaclara.sitetopfm.com.br\/site\/wp-json\/wp\/v2\/types\/post"}],"author":[{"embeddable":true,"href":"https:\/\/radiosantaclara.sitetopfm.com.br\/site\/wp-json\/wp\/v2\/users\/1"}],"replies":[{"embeddable":true,"href":"https:\/\/radiosantaclara.sitetopfm.com.br\/site\/wp-json\/wp\/v2\/comments?post=4506"}],"version-history":[{"count":0,"href":"https:\/\/radiosantaclara.sitetopfm.com.br\/site\/wp-json\/wp\/v2\/posts\/4506\/revisions"}],"wp:featuredmedia":[{"embeddable":true,"href":"https:\/\/radiosantaclara.sitetopfm.com.br\/site\/wp-json\/wp\/v2\/media\/4507"}],"wp:attachment":[{"href":"https:\/\/radiosantaclara.sitetopfm.com.br\/site\/wp-json\/wp\/v2\/media?parent=4506"}],"wp:term":[{"taxonomy":"category","embeddable":true,"href":"https:\/\/radiosantaclara.sitetopfm.com.br\/site\/wp-json\/wp\/v2\/categories?post=4506"},{"taxonomy":"post_tag","embeddable":true,"href":"https:\/\/radiosantaclara.sitetopfm.com.br\/site\/wp-json\/wp\/v2\/tags?post=4506"}],"curies":[{"name":"wp","href":"https:\/\/api.w.org\/{rel}","templated":true}]}}