{"id":4450,"date":"2025-10-30T11:52:56","date_gmt":"2025-10-30T14:52:56","guid":{"rendered":"https:\/\/radiosantaclara.sitetopfm.com.br\/site\/comissao-debate-dispensa-de-registro-no-conselho-profissional-para-professor-de-educacao-fisica-noticias\/"},"modified":"2025-10-30T11:52:56","modified_gmt":"2025-10-30T14:52:56","slug":"comissao-debate-dispensa-de-registro-no-conselho-profissional-para-professor-de-educacao-fisica-noticias","status":"publish","type":"post","link":"https:\/\/radiosantaclara.sitetopfm.com.br\/site\/comissao-debate-dispensa-de-registro-no-conselho-profissional-para-professor-de-educacao-fisica-noticias\/","title":{"rendered":"Comiss\u00e3o debate dispensa de registro no conselho profissional para professor de educa\u00e7\u00e3o f\u00edsica &#8211; Not\u00edcias"},"content":{"rendered":"<p> <br \/>\n<\/p>\n<div>\n<div>\n<p class=\"g-artigo__data-hora\">\n                      30\/10\/2025 &#8211; 11:48 \u00a0\n                    <\/p>\n<div id=\"image-container-1217677\" class=\"image-container\" style=\"float: none; margin: 45px 0px; width: 100%;\" data-midia=\"1217677\">\n<p><em>Depositphotos<\/em><\/p>\n<p>Hoje professores precisam se registrar no Conselho de Educa\u00e7\u00e3o F\u00edsica para dar aula<\/p>\n<\/p><\/div>\n<p data-start=\"74\" data-end=\"357\">A Comiss\u00e3o do Esporte da C\u00e2mara dos Deputados realizar\u00e1, na pr\u00f3xima ter\u00e7a-feira (5), audi\u00eancia p\u00fablica sobre a dispensa de registro em conselhos profissionais para o exerc\u00edcio da doc\u00eancia em Educa\u00e7\u00e3o F\u00edsica.<\/p>\n<p data-start=\"74\" data-end=\"357\">O debate ser\u00e1 realizado \u00e0s 14 horas, no plen\u00e1rio 4, e ser\u00e1 interativo.<\/p>\n<p data-start=\"507\" data-end=\"1052\">A reuni\u00e3o foi solicitada pela deputada Laura Carneiro (PSD-RJ). Ela quer aprofundar a an\u00e1lise do <a href=\"https:\/\/www.camara.leg.br\/noticias\/995710-projeto-dispensa-professor-de-registro-em-conselho-regional-para-exercicio-da-docencia\/\">Projeto de Lei 2062\/23<\/a>, que pro\u00edbe a exig\u00eancia de registro para o exerc\u00edcio da doc\u00eancia pelos profissionais em Educa\u00e7\u00e3o F\u00edsica.<\/p>\n<p>Atualmente, a lei que regulamenta a profiss\u00e3o exige o pagamento da anuidade ao conselho regional como requisito para o exerc\u00edcio da atividade. A mesma regra n\u00e3o existe na LDB para os profissionais da educa\u00e7\u00e3o.<\/p>\n<p data-start=\"507\" data-end=\"1052\">Laura Carneiro afirma que a audi\u00eancia vai ajudar a entender como a proposta afeta as redes de ensino. Tamb\u00e9m vai apontar poss\u00edveis riscos e formas de proteger a qualidade da educa\u00e7\u00e3o, sem aumentar responsabilidades para professores e escolas nem reduzir os padr\u00f5es de forma\u00e7\u00e3o.<\/p>\n<p style=\"font-size: 0.8rem; font-weight: 700;\">Da Reeda\u00e7\u00e3o &#8211; ND<\/p>\n<\/p><\/div>\n<\/p><\/div>\n<p><br \/>\n<br \/><a href=\"https:\/\/www.camara.leg.br\/noticias\/1217655-comissao-debate-dispensa-de-registro-no-conselho-profissional-para-professor-de-educacao-fisica\/\">postagem original <\/a><\/p>\n","protected":false},"excerpt":{"rendered":"<p>30\/10\/2025 &#8211; 11:48 \u00a0 Depositphotos Hoje professores precisam se registrar no Conselho de Educa\u00e7\u00e3o F\u00edsica para dar aula A Comiss\u00e3o [&hellip;]<\/p>\n","protected":false},"author":1,"featured_media":4451,"comment_status":"open","ping_status":"open","sticky":false,"template":"","format":"standard","meta":{"site-sidebar-layout":"default","site-content-layout":"","ast-site-content-layout":"default","site-content-style":"default","site-sidebar-style":"default","ast-global-header-display":"","ast-banner-title-visibility":"","ast-main-header-display":"","ast-hfb-above-header-display":"","ast-hfb-below-header-display":"","ast-hfb-mobile-header-display":"","site-post-title":"","ast-breadcrumbs-content":"","ast-featured-img":"","footer-sml-layout":"","theme-transparent-header-meta":"","adv-header-id-meta":"","stick-header-meta":"","header-above-stick-meta":"","header-main-stick-meta":"","header-below-stick-meta":"","astra-migrate-meta-layouts":"default","ast-page-background-enabled":"default","ast-page-background-meta":{"desktop":{"background-color":"var(--ast-global-color-5)","background-image":"","background-repeat":"repeat","background-position":"center center","background-size":"auto","background-attachment":"scroll","background-type":"","background-media":"","overlay-type":"","overlay-color":"","overlay-opacity":"","overlay-gradient":""},"tablet":{"background-color":"","background-image":"","background-repeat":"repeat","background-position":"center center","background-size":"auto","background-attachment":"scroll","background-type":"","background-media":"","overlay-type":"","overlay-color":"","overlay-opacity":"","overlay-gradient":""},"mobile":{"background-color":"","background-image":"","background-repeat":"repeat","background-position":"center center","background-size":"auto","background-attachment":"scroll","background-type":"","background-media":"","overlay-type":"","overlay-color":"","overlay-opacity":"","overlay-gradient":""}},"ast-content-background-meta":{"desktop":{"background-color":"var(--ast-global-color-4)","background-image":"","background-repeat":"repeat","background-position":"center center","background-size":"auto","background-attachment":"scroll","background-type":"","background-media":"","overlay-type":"","overlay-color":"","overlay-opacity":"","overlay-gradient":""},"tablet":{"background-color":"var(--ast-global-color-4)","background-image":"","background-repeat":"repeat","background-position":"center center","background-size":"auto","background-attachment":"scroll","background-type":"","background-media":"","overlay-type":"","overlay-color":"","overlay-opacity":"","overlay-gradient":""},"mobile":{"background-color":"var(--ast-global-color-4)","background-image":"","background-repeat":"repeat","background-position":"center center","background-size":"auto","background-attachment":"scroll","background-type":"","background-media":"","overlay-type":"","overlay-color":"","overlay-opacity":"","overlay-gradient":""}},"_joinchat":[],"footnotes":""},"categories":[30],"tags":[],"_links":{"self":[{"href":"https:\/\/radiosantaclara.sitetopfm.com.br\/site\/wp-json\/wp\/v2\/posts\/4450"}],"collection":[{"href":"https:\/\/radiosantaclara.sitetopfm.com.br\/site\/wp-json\/wp\/v2\/posts"}],"about":[{"href":"https:\/\/radiosantaclara.sitetopfm.com.br\/site\/wp-json\/wp\/v2\/types\/post"}],"author":[{"embeddable":true,"href":"https:\/\/radiosantaclara.sitetopfm.com.br\/site\/wp-json\/wp\/v2\/users\/1"}],"replies":[{"embeddable":true,"href":"https:\/\/radiosantaclara.sitetopfm.com.br\/site\/wp-json\/wp\/v2\/comments?post=4450"}],"version-history":[{"count":0,"href":"https:\/\/radiosantaclara.sitetopfm.com.br\/site\/wp-json\/wp\/v2\/posts\/4450\/revisions"}],"wp:featuredmedia":[{"embeddable":true,"href":"https:\/\/radiosantaclara.sitetopfm.com.br\/site\/wp-json\/wp\/v2\/media\/4451"}],"wp:attachment":[{"href":"https:\/\/radiosantaclara.sitetopfm.com.br\/site\/wp-json\/wp\/v2\/media?parent=4450"}],"wp:term":[{"taxonomy":"category","embeddable":true,"href":"https:\/\/radiosantaclara.sitetopfm.com.br\/site\/wp-json\/wp\/v2\/categories?post=4450"},{"taxonomy":"post_tag","embeddable":true,"href":"https:\/\/radiosantaclara.sitetopfm.com.br\/site\/wp-json\/wp\/v2\/tags?post=4450"}],"curies":[{"name":"wp","href":"https:\/\/api.w.org\/{rel}","templated":true}]}}