{"id":4444,"date":"2025-10-30T10:30:16","date_gmt":"2025-10-30T13:30:16","guid":{"rendered":"https:\/\/radiosantaclara.sitetopfm.com.br\/site\/seminario-discute-acoes-para-reduzir-mortes-evitaveis-por-cancer-de-mama-noticias\/"},"modified":"2025-10-30T10:30:16","modified_gmt":"2025-10-30T13:30:16","slug":"seminario-discute-acoes-para-reduzir-mortes-evitaveis-por-cancer-de-mama-noticias","status":"publish","type":"post","link":"https:\/\/radiosantaclara.sitetopfm.com.br\/site\/seminario-discute-acoes-para-reduzir-mortes-evitaveis-por-cancer-de-mama-noticias\/","title":{"rendered":"Semin\u00e1rio discute a\u00e7\u00f5es para reduzir mortes evit\u00e1veis por c\u00e2ncer de mama &#8211; Not\u00edcias"},"content":{"rendered":"<p> <br \/>\n<\/p>\n<div>\n<div>\n<p class=\"g-artigo__data-hora\">\n                      29\/10\/2025 &#8211; 08:22 \u00a0\n                    <\/p>\n<div id=\"image-container-1051535\" class=\"image-container\" style=\"float: none; margin: 45px 0px; width: 100%;\" data-midia=\"1051535\">\n<p><em>L\u00facio Bernardo Jr. \/ Ag\u00eancia Bras\u00edlia<\/em><\/p>\n<p>Debate abordar\u00e1 o enfrentamento de desigualdades no acesso \u00e0 sa\u00fade<\/p>\n<\/p><\/div>\n<p>A Comiss\u00e3o de Defesa dos Direitos da Mulher da C\u00e2mara dos Deputados promove, nesta quarta-feira (29), o semin\u00e1rio &#8220;Rumo a Zero Mortes Evit\u00e1veis por C\u00e2ncer de Mama: Acesso, Desafios e o Papel dos Tr\u00eas Poderes e da Sociedade Civil&#8221;.<\/p>\n<p>O evento ser\u00e1 realizado \u00e0s 15h30, no plen\u00e1rio 14, em parceria com a Secretaria da Mulher da C\u00e2mara dos Deputados, a Procuradoria da Mulher no Senado Federal e a Bancada Feminina no Senado.<\/p>\n<p>O semin\u00e1rio atende a requerimento da deputada C\u00e9lia Xakriab\u00e1 (Psol-MG) e ser\u00e1 dividido em dois pain\u00e9is.<\/p>\n<p>O primeiro discutir\u00e1 barreiras enfrentadas por pacientes com c\u00e2ncer de mama. O foco ser\u00e1 o rastreamento, diagn\u00f3stico precoce, tratamento e reabilita\u00e7\u00e3o, com \u00eanfase nas desigualdades regionais e sociais.<\/p>\n<p>O segundo painel tratar\u00e1 da atua\u00e7\u00e3o conjunta dos Tr\u00eas Poderes e da sociedade civil para ampliar o acesso, fortalecer pol\u00edticas p\u00fablicas e promover a equidade.<\/p>\n<p>\u00a0<\/p>\n<p>\u00a0<\/p>\n<p>        <iframe class=\"infografico-container\" style=\"width: 100%; height: 100%;\" src=\"https:\/\/www.camara.leg.br\/internet\/agencia\/infograficos-html5\/cancer-mama-brasil-numeros\/index.html\" frameborder=\"0\" data-mce-fragment=\"1\"><\/iframe><\/p>\n<p>\u00a0<\/p>\n<p>\u00a0<\/p>\n<p style=\"font-size: 0.8rem; font-weight: 700;\">Da Reda\u00e7\u00e3o \u2013 RL<\/p>\n<\/p><\/div>\n<\/p><\/div>\n<p><br \/>\n<br \/><a href=\"https:\/\/www.camara.leg.br\/noticias\/1216371-seminario-discute-acoes-para-reduzir-mortes-evitaveis-por-cancer-de-mama\/\">postagem original <\/a><\/p>\n","protected":false},"excerpt":{"rendered":"<p>29\/10\/2025 &#8211; 08:22 \u00a0 L\u00facio Bernardo Jr. \/ Ag\u00eancia Bras\u00edlia Debate abordar\u00e1 o enfrentamento de desigualdades no acesso \u00e0 sa\u00fade [&hellip;]<\/p>\n","protected":false},"author":1,"featured_media":4445,"comment_status":"open","ping_status":"open","sticky":false,"template":"","format":"standard","meta":{"site-sidebar-layout":"default","site-content-layout":"","ast-site-content-layout":"default","site-content-style":"default","site-sidebar-style":"default","ast-global-header-display":"","ast-banner-title-visibility":"","ast-main-header-display":"","ast-hfb-above-header-display":"","ast-hfb-below-header-display":"","ast-hfb-mobile-header-display":"","site-post-title":"","ast-breadcrumbs-content":"","ast-featured-img":"","footer-sml-layout":"","theme-transparent-header-meta":"","adv-header-id-meta":"","stick-header-meta":"","header-above-stick-meta":"","header-main-stick-meta":"","header-below-stick-meta":"","astra-migrate-meta-layouts":"default","ast-page-background-enabled":"default","ast-page-background-meta":{"desktop":{"background-color":"var(--ast-global-color-5)","background-image":"","background-repeat":"repeat","background-position":"center center","background-size":"auto","background-attachment":"scroll","background-type":"","background-media":"","overlay-type":"","overlay-color":"","overlay-opacity":"","overlay-gradient":""},"tablet":{"background-color":"","background-image":"","background-repeat":"repeat","background-position":"center center","background-size":"auto","background-attachment":"scroll","background-type":"","background-media":"","overlay-type":"","overlay-color":"","overlay-opacity":"","overlay-gradient":""},"mobile":{"background-color":"","background-image":"","background-repeat":"repeat","background-position":"center center","background-size":"auto","background-attachment":"scroll","background-type":"","background-media":"","overlay-type":"","overlay-color":"","overlay-opacity":"","overlay-gradient":""}},"ast-content-background-meta":{"desktop":{"background-color":"var(--ast-global-color-4)","background-image":"","background-repeat":"repeat","background-position":"center center","background-size":"auto","background-attachment":"scroll","background-type":"","background-media":"","overlay-type":"","overlay-color":"","overlay-opacity":"","overlay-gradient":""},"tablet":{"background-color":"var(--ast-global-color-4)","background-image":"","background-repeat":"repeat","background-position":"center center","background-size":"auto","background-attachment":"scroll","background-type":"","background-media":"","overlay-type":"","overlay-color":"","overlay-opacity":"","overlay-gradient":""},"mobile":{"background-color":"var(--ast-global-color-4)","background-image":"","background-repeat":"repeat","background-position":"center center","background-size":"auto","background-attachment":"scroll","background-type":"","background-media":"","overlay-type":"","overlay-color":"","overlay-opacity":"","overlay-gradient":""}},"_joinchat":[],"footnotes":""},"categories":[26],"tags":[],"_links":{"self":[{"href":"https:\/\/radiosantaclara.sitetopfm.com.br\/site\/wp-json\/wp\/v2\/posts\/4444"}],"collection":[{"href":"https:\/\/radiosantaclara.sitetopfm.com.br\/site\/wp-json\/wp\/v2\/posts"}],"about":[{"href":"https:\/\/radiosantaclara.sitetopfm.com.br\/site\/wp-json\/wp\/v2\/types\/post"}],"author":[{"embeddable":true,"href":"https:\/\/radiosantaclara.sitetopfm.com.br\/site\/wp-json\/wp\/v2\/users\/1"}],"replies":[{"embeddable":true,"href":"https:\/\/radiosantaclara.sitetopfm.com.br\/site\/wp-json\/wp\/v2\/comments?post=4444"}],"version-history":[{"count":0,"href":"https:\/\/radiosantaclara.sitetopfm.com.br\/site\/wp-json\/wp\/v2\/posts\/4444\/revisions"}],"wp:featuredmedia":[{"embeddable":true,"href":"https:\/\/radiosantaclara.sitetopfm.com.br\/site\/wp-json\/wp\/v2\/media\/4445"}],"wp:attachment":[{"href":"https:\/\/radiosantaclara.sitetopfm.com.br\/site\/wp-json\/wp\/v2\/media?parent=4444"}],"wp:term":[{"taxonomy":"category","embeddable":true,"href":"https:\/\/radiosantaclara.sitetopfm.com.br\/site\/wp-json\/wp\/v2\/categories?post=4444"},{"taxonomy":"post_tag","embeddable":true,"href":"https:\/\/radiosantaclara.sitetopfm.com.br\/site\/wp-json\/wp\/v2\/tags?post=4444"}],"curies":[{"name":"wp","href":"https:\/\/api.w.org\/{rel}","templated":true}]}}