{"id":4385,"date":"2025-10-27T22:53:41","date_gmt":"2025-10-28T01:53:41","guid":{"rendered":"https:\/\/radiosantaclara.sitetopfm.com.br\/site\/comissao-aprova-garantia-de-atendimento-acessivel-as-pessoas-surdas-na-administracao-publica-noticias\/"},"modified":"2025-10-27T22:53:41","modified_gmt":"2025-10-28T01:53:41","slug":"comissao-aprova-garantia-de-atendimento-acessivel-as-pessoas-surdas-na-administracao-publica-noticias","status":"publish","type":"post","link":"https:\/\/radiosantaclara.sitetopfm.com.br\/site\/comissao-aprova-garantia-de-atendimento-acessivel-as-pessoas-surdas-na-administracao-publica-noticias\/","title":{"rendered":"Comiss\u00e3o aprova garantia de atendimento acess\u00edvel \u00e0s pessoas surdas na administra\u00e7\u00e3o p\u00fablica &#8211; Not\u00edcias"},"content":{"rendered":"<p> <br \/>\n<\/p>\n<div>\n<p class=\"g-artigo__data-hora\">\n                      27\/10\/2025 &#8211; 17:03 \u00a0\n                    <\/p>\n<div id=\"image-container-1216191\" class=\"image-container\" style=\"float: none; margin: 45px 0px; width: 100%;\" data-midia=\"1216191\">\n<p><em>Pablo Valadares\/C\u00e2mara dos Deputados<\/em><\/p>\n<p>Deputado Dr. Francisco, relator do projeto de lei<\/p>\n<\/p><\/div>\n<p>A Comiss\u00e3o de Defesa dos Direitos das Pessoas com Defici\u00eancia da C\u00e2mara dos Deputados aprovou proposta que garante atendimento acess\u00edvel, por meio da L\u00edngua Brasileira de Sinais (Libras) e an\u00e1logos,\u00a0na administra\u00e7\u00e3o p\u00fablica e nos servi\u00e7os privados abertos ao p\u00fablico \u00e0s pessoas surdas, com defici\u00eancia auditiva e surdocegas.<\/p>\n<p>A proposta altera a <a href=\"https:\/\/www2.camara.gov.br\/legin\/fed\/lei\/2002\/lei-10436-24-abril-2002-405330-norma-pl.html\">Lei da Libras<\/a>. A legisla\u00e7\u00e3o atual se limita a prever que as institui\u00e7\u00f5es p\u00fablicas e concession\u00e1rias de assist\u00eancia \u00e0 sa\u00fade dever\u00e3o garantir atendimento adequado a pessoas com defici\u00eancia auditiva.<\/p>\n<p>O texto aprovado amplia esse direito garantindo atendimento e tratamento acess\u00edvel em todas as esferas da administra\u00e7\u00e3o p\u00fablica (direta, indireta e delegat\u00e1rios), nos \u00e2mbitos federal, estadual, municipal e distrital, incluindo entidades privadas sob controle do poder p\u00fablico e delegat\u00e1rios de servi\u00e7os p\u00fablicos.<\/p>\n<p><strong>Sistema Nacional<br \/><\/strong>A proposta tamb\u00e9m cria o<span class=\"ng-star-inserted\" data-start-index=\"117\"> Sistema Nacional de Centrais de Interpreta\u00e7\u00e3o da L\u00edngua Brasileira de Sinais (Sinacil), controlado pelo governo federal. O objetivo \u00e9 fortalecer e coordenar as pol\u00edticas de acessibilidade em Libras que j\u00e1 se mostram bem-sucedidas. Nesse sentido, o sistema dever\u00e1 ampliar o cadastro de centrais de interpreta\u00e7\u00e3o de Libras que hoje \u00e9 mantido pelo Minist\u00e9rio de Direitos Humanos.<\/span><\/p>\n<p>A Comiss\u00e3o de Defesa dos Direitos das Pessoas com Defici\u00eancia aprovou o <span id=\"4098\" class=\"termoGlossario\" title=\"Nome que se d\u00e1 ao texto que altera substancialmente o conte\u00fado original da proposta. O substitutivo \u00e9 apresentado pelo relator e tem prefer\u00eancia na vota\u00e7\u00e3o sobre o projeto original.\" contenteditable=\"false\" data-toggle=\"tooltip\" data-placement=\"top\">substitutivo<\/span> do relator, deputado Dr. Francisco (PT-PI), ao <a class=\"linkProposicao\" href=\"https:\/\/www.camara.leg.br\/noticias\/630492-projeto-exige-traducao-em-libras-na-administracao-publica\">Projeto de Lei 5995\/19<\/a>, j\u00e1 aprovado pelo Senado, e mais de 20 projetos <span id=\"4069\" class=\"termoGlossario\" title=\"\" contenteditable=\"false\" data-toggle=\"tooltip\" data-placement=\"top\" data-original-title=\"Projeto que tramita em conjunto com outro que trate de mat\u00e9ria semelhante. O relator deve analisar todas as proposi\u00e7\u00f5es apensadas, que dever\u00e3o constar do seu parecer.\">apensados<\/span>. O colegiado rejeitou o substitutivo adotado pela Comiss\u00e3o de Administra\u00e7\u00e3o e Servi\u00e7o P\u00fablico.<\/p>\n<p><strong>Atendimento acess\u00edvel<br \/><\/strong>O parecer aprovado busca <span class=\"ng-star-inserted\" data-start-index=\"3771\">abrir caminho para outras modalidades de atendimento acess\u00edvel e inclusivo, n\u00e3o restringindo a acessibilidade apenas \u00e0 Libras, como previsto no projeto original e no substitutivo da CASP.<\/span><\/p>\n<p><span class=\"ng-star-inserted\" data-start-index=\"3771\"> &#8220;Isso n\u00e3o significa, \u00e9 claro, excluir esse recurso, mas abrir, no curso da regulamenta\u00e7\u00e3o, a outras modalidades de atendimento acess\u00edvel e inclusivo que consigam contemplar a totalidade das necessidades envolvidas, incluindo a L\u00edngua Brasileira de Sinais, mas n\u00e3o restringindo a acessibilidade a ela&#8221;, justificou Dr. Francisco.<\/span><\/p>\n<p><span class=\"ng-star-inserted\" data-start-index=\"3449\">Entre as mudan\u00e7as, o relator optou por retirar a obrigatoriedade de int\u00e9rpretes de Libras em todas as empresas ou no com\u00e9rcio, prevista no substitutivo anterior.<\/span><span class=\"ng-star-inserted\" data-start-index=\"3603\">\u00a0A justificativa \u00e9 que <\/span>o conhecimento dessa l\u00edngua n\u00e3o \u00e9 universal<span class=\"ng-star-inserted\" data-start-index=\"3667\"> entre pessoas surdas ou com defici\u00eancia auditiva no pa\u00eds.\u00a0<\/span><\/p>\n<p><strong>Viol\u00eancia dom\u00e9stica<\/strong><br \/>O texto aprovado tamb\u00e9m altera a <a href=\"https:\/\/www2.camara.gov.br\/legin\/fed\/lei\/2006\/lei-11340-7-agosto-2006-545133-norma-pl.html\">Lei Maria da Penha<\/a> para assegurar o atendimento policial e pericial acess\u00edvel (incluindo Libras ou servi\u00e7os an\u00e1logos) para mulheres com defici\u00eancia auditiva em situa\u00e7\u00e3o de viol\u00eancia dom\u00e9stica.<\/p>\n<p><strong>Pr\u00f3ximos passos<\/strong><br \/>O texto ainda ser\u00e1 analisado pelas comiss\u00f5es de Finan\u00e7as e Tributa\u00e7\u00e3o; e de Constitui\u00e7\u00e3o e Justi\u00e7a e de Cidadania. A proposta tramitava em <span id=\"4322\" class=\"termoGlossario\" title=\"Rito de tramita\u00e7\u00e3o pelo qual o projeto \u00e9 votado apenas pelas comiss\u00f5es designadas para analis\u00e1-lo, dispensada a delibera\u00e7\u00e3o do Plen\u00e1rio. O projeto perde o car\u00e1ter conclusivo se houver decis\u00e3o divergente entre as comiss\u00f5es ou se, independentemente de ser aprovado ou rejeitado, houver recurso assinado por 52 deputados para a aprecia\u00e7\u00e3o da mat\u00e9ria no Plen\u00e1rio.\" contenteditable=\"false\" data-toggle=\"tooltip\" data-placement=\"top\">car\u00e1ter conclusivo<\/span>, mas, como recebeu pareceres divergentes de duas comiss\u00f5es de m\u00e9rito, dever\u00e1 ser enviada ao Plen\u00e1rio. Para virar lei, a proposta precisa ser aprovada pela C\u00e2mara e pelo Senado.<\/p>\n<p style=\"font-size: 0.8rem; font-weight: 700;\">Reportagem \u2013 Emanuelle Brasil<br \/>Edi\u00e7\u00e3o \u2013 Roberto Seabra<\/p>\n<\/p><\/div>\n<p><br \/>\n<br \/><a href=\"https:\/\/www.camara.leg.br\/noticias\/1216142-comissao-aprova-garantia-de-atendimento-acessivel-as-pessoas-surdas-na-administracao-publica\/\">postagem original <\/a><\/p>\n","protected":false},"excerpt":{"rendered":"<p>27\/10\/2025 &#8211; 17:03 \u00a0 Pablo Valadares\/C\u00e2mara dos Deputados Deputado Dr. Francisco, relator do projeto de lei A Comiss\u00e3o de Defesa [&hellip;]<\/p>\n","protected":false},"author":1,"featured_media":4386,"comment_status":"open","ping_status":"open","sticky":false,"template":"","format":"standard","meta":{"site-sidebar-layout":"default","site-content-layout":"","ast-site-content-layout":"default","site-content-style":"default","site-sidebar-style":"default","ast-global-header-display":"","ast-banner-title-visibility":"","ast-main-header-display":"","ast-hfb-above-header-display":"","ast-hfb-below-header-display":"","ast-hfb-mobile-header-display":"","site-post-title":"","ast-breadcrumbs-content":"","ast-featured-img":"","footer-sml-layout":"","theme-transparent-header-meta":"","adv-header-id-meta":"","stick-header-meta":"","header-above-stick-meta":"","header-main-stick-meta":"","header-below-stick-meta":"","astra-migrate-meta-layouts":"default","ast-page-background-enabled":"default","ast-page-background-meta":{"desktop":{"background-color":"var(--ast-global-color-5)","background-image":"","background-repeat":"repeat","background-position":"center center","background-size":"auto","background-attachment":"scroll","background-type":"","background-media":"","overlay-type":"","overlay-color":"","overlay-opacity":"","overlay-gradient":""},"tablet":{"background-color":"","background-image":"","background-repeat":"repeat","background-position":"center center","background-size":"auto","background-attachment":"scroll","background-type":"","background-media":"","overlay-type":"","overlay-color":"","overlay-opacity":"","overlay-gradient":""},"mobile":{"background-color":"","background-image":"","background-repeat":"repeat","background-position":"center center","background-size":"auto","background-attachment":"scroll","background-type":"","background-media":"","overlay-type":"","overlay-color":"","overlay-opacity":"","overlay-gradient":""}},"ast-content-background-meta":{"desktop":{"background-color":"var(--ast-global-color-4)","background-image":"","background-repeat":"repeat","background-position":"center center","background-size":"auto","background-attachment":"scroll","background-type":"","background-media":"","overlay-type":"","overlay-color":"","overlay-opacity":"","overlay-gradient":""},"tablet":{"background-color":"var(--ast-global-color-4)","background-image":"","background-repeat":"repeat","background-position":"center center","background-size":"auto","background-attachment":"scroll","background-type":"","background-media":"","overlay-type":"","overlay-color":"","overlay-opacity":"","overlay-gradient":""},"mobile":{"background-color":"var(--ast-global-color-4)","background-image":"","background-repeat":"repeat","background-position":"center center","background-size":"auto","background-attachment":"scroll","background-type":"","background-media":"","overlay-type":"","overlay-color":"","overlay-opacity":"","overlay-gradient":""}},"_joinchat":[],"footnotes":""},"categories":[31],"tags":[],"_links":{"self":[{"href":"https:\/\/radiosantaclara.sitetopfm.com.br\/site\/wp-json\/wp\/v2\/posts\/4385"}],"collection":[{"href":"https:\/\/radiosantaclara.sitetopfm.com.br\/site\/wp-json\/wp\/v2\/posts"}],"about":[{"href":"https:\/\/radiosantaclara.sitetopfm.com.br\/site\/wp-json\/wp\/v2\/types\/post"}],"author":[{"embeddable":true,"href":"https:\/\/radiosantaclara.sitetopfm.com.br\/site\/wp-json\/wp\/v2\/users\/1"}],"replies":[{"embeddable":true,"href":"https:\/\/radiosantaclara.sitetopfm.com.br\/site\/wp-json\/wp\/v2\/comments?post=4385"}],"version-history":[{"count":0,"href":"https:\/\/radiosantaclara.sitetopfm.com.br\/site\/wp-json\/wp\/v2\/posts\/4385\/revisions"}],"wp:featuredmedia":[{"embeddable":true,"href":"https:\/\/radiosantaclara.sitetopfm.com.br\/site\/wp-json\/wp\/v2\/media\/4386"}],"wp:attachment":[{"href":"https:\/\/radiosantaclara.sitetopfm.com.br\/site\/wp-json\/wp\/v2\/media?parent=4385"}],"wp:term":[{"taxonomy":"category","embeddable":true,"href":"https:\/\/radiosantaclara.sitetopfm.com.br\/site\/wp-json\/wp\/v2\/categories?post=4385"},{"taxonomy":"post_tag","embeddable":true,"href":"https:\/\/radiosantaclara.sitetopfm.com.br\/site\/wp-json\/wp\/v2\/tags?post=4385"}],"curies":[{"name":"wp","href":"https:\/\/api.w.org\/{rel}","templated":true}]}}