{"id":4377,"date":"2025-10-27T13:52:33","date_gmt":"2025-10-27T16:52:33","guid":{"rendered":"https:\/\/radiosantaclara.sitetopfm.com.br\/site\/comissao-debate-acesso-de-comunidades-indigenas-a-justica-noticias\/"},"modified":"2025-10-27T13:52:33","modified_gmt":"2025-10-27T16:52:33","slug":"comissao-debate-acesso-de-comunidades-indigenas-a-justica-noticias","status":"publish","type":"post","link":"https:\/\/radiosantaclara.sitetopfm.com.br\/site\/comissao-debate-acesso-de-comunidades-indigenas-a-justica-noticias\/","title":{"rendered":"Comiss\u00e3o debate acesso de comunidades ind\u00edgenas \u00e0 justi\u00e7a &#8211; Not\u00edcias"},"content":{"rendered":"<p> <br \/>\n<\/p>\n<div>\n<div>\n<p class=\"g-artigo__data-hora\">\n                      27\/10\/2025 &#8211; 10:28 \u00a0\n                    <\/p>\n<div id=\"image-container-1202581\" class=\"image-container\" style=\"float: none; margin: 45px 0px; width: 100%;\" data-midia=\"1202581\">\n<p><em>Marcelo Camargo\/Ag\u00eancia Brasil<\/em><\/p>\n<p>Acesso \u00e0 justi\u00e7a busca garantir a efetiva\u00e7\u00e3o de direitos humanos<\/p>\n<\/p><\/div>\n<p data-start=\"80\" data-end=\"378\">A Comiss\u00e3o da Amaz\u00f4nia e dos Povos Origin\u00e1rios e Tradicionais da C\u00e2mara dos Deputados realiza, nesta ter\u00e7a-feira (28), audi\u00eancia p\u00fablica sobre o acesso da comunidade Guarani Tekoh\u00e1 Dje\u2019y \u00e0 justi\u00e7a. Essa comunidade fica no estado do Rio de Janeiro.<\/p>\n<p data-start=\"80\" data-end=\"378\">O debate ser\u00e1 realizado \u00e0s 16 horas, no plen\u00e1rio 12.<\/p>\n<p data-start=\"528\" data-end=\"820\">A reuni\u00e3o foi solicitada pela deputada C\u00e9lia Xakriab\u00e1 (Psol-MG).<\/p>\n<p data-start=\"528\" data-end=\"820\">Segundo ela, a situa\u00e7\u00e3o do povo Guarani do Tekoh\u00e1 Dje\u2019y mostra a exclus\u00e3o hist\u00f3rica vivida por comunidades ind\u00edgenas no Rio de Janeiro. Essa exclus\u00e3o aparece na falta de seguran\u00e7a jur\u00eddica, na demora para demarcar terras e na dificuldade de acesso a servi\u00e7os p\u00fablicos essenciais.<\/p>\n<p data-start=\"1094\" data-end=\"1347\">\u201cO acesso \u00e0 justi\u00e7a \u00e9 fundamental para garantir os direitos humanos e fortalecer a democracia, especialmente no caso dos povos e comunidades ind\u00edgenas\u201d, afirma a deputada.<\/p>\n<p style=\"font-size: 0.8rem; font-weight: 700;\">Da Reda\u00e7\u00e3o &#8211; ND<\/p>\n<\/p><\/div>\n<\/p><\/div>\n<p><br \/>\n<br \/><a href=\"https:\/\/www.camara.leg.br\/noticias\/1215431-comissao-debate-acesso-de-comunidades-indigenas-a-justica\/\">postagem original <\/a><\/p>\n","protected":false},"excerpt":{"rendered":"<p>27\/10\/2025 &#8211; 10:28 \u00a0 Marcelo Camargo\/Ag\u00eancia Brasil Acesso \u00e0 justi\u00e7a busca garantir a efetiva\u00e7\u00e3o de direitos humanos A Comiss\u00e3o da [&hellip;]<\/p>\n","protected":false},"author":1,"featured_media":4378,"comment_status":"open","ping_status":"open","sticky":false,"template":"","format":"standard","meta":{"site-sidebar-layout":"default","site-content-layout":"","ast-site-content-layout":"default","site-content-style":"default","site-sidebar-style":"default","ast-global-header-display":"","ast-banner-title-visibility":"","ast-main-header-display":"","ast-hfb-above-header-display":"","ast-hfb-below-header-display":"","ast-hfb-mobile-header-display":"","site-post-title":"","ast-breadcrumbs-content":"","ast-featured-img":"","footer-sml-layout":"","theme-transparent-header-meta":"","adv-header-id-meta":"","stick-header-meta":"","header-above-stick-meta":"","header-main-stick-meta":"","header-below-stick-meta":"","astra-migrate-meta-layouts":"default","ast-page-background-enabled":"default","ast-page-background-meta":{"desktop":{"background-color":"var(--ast-global-color-5)","background-image":"","background-repeat":"repeat","background-position":"center center","background-size":"auto","background-attachment":"scroll","background-type":"","background-media":"","overlay-type":"","overlay-color":"","overlay-opacity":"","overlay-gradient":""},"tablet":{"background-color":"","background-image":"","background-repeat":"repeat","background-position":"center center","background-size":"auto","background-attachment":"scroll","background-type":"","background-media":"","overlay-type":"","overlay-color":"","overlay-opacity":"","overlay-gradient":""},"mobile":{"background-color":"","background-image":"","background-repeat":"repeat","background-position":"center center","background-size":"auto","background-attachment":"scroll","background-type":"","background-media":"","overlay-type":"","overlay-color":"","overlay-opacity":"","overlay-gradient":""}},"ast-content-background-meta":{"desktop":{"background-color":"var(--ast-global-color-4)","background-image":"","background-repeat":"repeat","background-position":"center center","background-size":"auto","background-attachment":"scroll","background-type":"","background-media":"","overlay-type":"","overlay-color":"","overlay-opacity":"","overlay-gradient":""},"tablet":{"background-color":"var(--ast-global-color-4)","background-image":"","background-repeat":"repeat","background-position":"center center","background-size":"auto","background-attachment":"scroll","background-type":"","background-media":"","overlay-type":"","overlay-color":"","overlay-opacity":"","overlay-gradient":""},"mobile":{"background-color":"var(--ast-global-color-4)","background-image":"","background-repeat":"repeat","background-position":"center center","background-size":"auto","background-attachment":"scroll","background-type":"","background-media":"","overlay-type":"","overlay-color":"","overlay-opacity":"","overlay-gradient":""}},"_joinchat":[],"footnotes":""},"categories":[31],"tags":[],"_links":{"self":[{"href":"https:\/\/radiosantaclara.sitetopfm.com.br\/site\/wp-json\/wp\/v2\/posts\/4377"}],"collection":[{"href":"https:\/\/radiosantaclara.sitetopfm.com.br\/site\/wp-json\/wp\/v2\/posts"}],"about":[{"href":"https:\/\/radiosantaclara.sitetopfm.com.br\/site\/wp-json\/wp\/v2\/types\/post"}],"author":[{"embeddable":true,"href":"https:\/\/radiosantaclara.sitetopfm.com.br\/site\/wp-json\/wp\/v2\/users\/1"}],"replies":[{"embeddable":true,"href":"https:\/\/radiosantaclara.sitetopfm.com.br\/site\/wp-json\/wp\/v2\/comments?post=4377"}],"version-history":[{"count":0,"href":"https:\/\/radiosantaclara.sitetopfm.com.br\/site\/wp-json\/wp\/v2\/posts\/4377\/revisions"}],"wp:featuredmedia":[{"embeddable":true,"href":"https:\/\/radiosantaclara.sitetopfm.com.br\/site\/wp-json\/wp\/v2\/media\/4378"}],"wp:attachment":[{"href":"https:\/\/radiosantaclara.sitetopfm.com.br\/site\/wp-json\/wp\/v2\/media?parent=4377"}],"wp:term":[{"taxonomy":"category","embeddable":true,"href":"https:\/\/radiosantaclara.sitetopfm.com.br\/site\/wp-json\/wp\/v2\/categories?post=4377"},{"taxonomy":"post_tag","embeddable":true,"href":"https:\/\/radiosantaclara.sitetopfm.com.br\/site\/wp-json\/wp\/v2\/tags?post=4377"}],"curies":[{"name":"wp","href":"https:\/\/api.w.org\/{rel}","templated":true}]}}