{"id":4368,"date":"2025-10-25T02:52:19","date_gmt":"2025-10-25T05:52:19","guid":{"rendered":"https:\/\/radiosantaclara.sitetopfm.com.br\/site\/comissao-de-seguranca-aprova-cadastro-nacional-de-torcedores-violentos-noticias\/"},"modified":"2025-10-25T02:52:19","modified_gmt":"2025-10-25T05:52:19","slug":"comissao-de-seguranca-aprova-cadastro-nacional-de-torcedores-violentos-noticias","status":"publish","type":"post","link":"https:\/\/radiosantaclara.sitetopfm.com.br\/site\/comissao-de-seguranca-aprova-cadastro-nacional-de-torcedores-violentos-noticias\/","title":{"rendered":"Comiss\u00e3o de Seguran\u00e7a aprova cadastro nacional de torcedores violentos &#8211; Not\u00edcias"},"content":{"rendered":"<p> <br \/>\n<\/p>\n<div>\n<div>\n<p class=\"g-artigo__data-hora\">\n                      24\/10\/2025 &#8211; 10:19 \u00a0\n                    <\/p>\n<div id=\"image-container-1215520\" class=\"image-container\" style=\"float: none; margin: 45px 0px; width: 100%;\" data-midia=\"1215520\">\n<p><em>Kayo Magalh\u00e3es \/ C\u00e2mara dos Deputados<\/em><\/p>\n<p>Allan Garc\u00eas recomendou a aprova\u00e7\u00e3o da proposta<\/p>\n<\/p><\/div>\n<p>A Comiss\u00e3o de Seguran\u00e7a P\u00fablica da C\u00e2mara dos Deputados aprovou o Projeto de Lei 4068\/25, que cria um cadastro nacional de torcedores violentos e estabelece normas para restringir o acesso desses torcedores a eventos esportivos.<\/p>\n<p>A proposta, do deputado Sargento Gon\u00e7alves (PL-RN), foi aprovada por recomenda\u00e7\u00e3o do relator, deputado Allan Garc\u00eas (PP-MA).<\/p>\n<p>O objetivo \u00e9 combater a viol\u00eancia nos est\u00e1dios e arredores. Sargento Gon\u00e7alves aponta que confrontos entre torcidas organizadas e outros torcedores infratores t\u00eam gerado brigas generalizadas, feridos e at\u00e9 mortes.<\/p>\n<p>Allan Garc\u00eas considerou que a proposta aprimora a seguran\u00e7a nos est\u00e1dios e em eventos esportivos. \u201cA proposi\u00e7\u00e3o fortalecer\u00e1 o compromisso do Estado com os direitos da popula\u00e7\u00e3o que frequenta os est\u00e1dios\u201d, afirmou.<\/p>\n<p><strong>O cadastro<\/strong><br \/>O torcedor ser\u00e1 inclu\u00eddo no cadastro se for condenado, em decis\u00e3o judicial final, por crimes cometidos em eventos esportivos ou nas suas imedia\u00e7\u00f5es. A lista de crimes inclui viol\u00eancia, racismo, agress\u00e3o a autoridades e vandalismo.<\/p>\n<p>Outras condi\u00e7\u00f5es para inclus\u00e3o no cadastro s\u00e3o:<\/p>\n<ul>\n<li>ter sido punido, em processo administrativo, com a san\u00e7\u00e3o de proibi\u00e7\u00e3o de acesso a eventos esportivos, conforme a <a href=\"https:\/\/www2.camara.leg.br\/legin\/fed\/lei\/2023\/lei-14597-14-junho-2023-794299-norma-pl.html\">Lei Geral do Esporte<\/a>;<\/li>\n<li>integrar grupos ou associa\u00e7\u00f5es de torcida envolvidos em atos il\u00edcitos praticados em eventos esportivos; e<\/li>\n<li>estar cumprindo ordem judicial ou administrativa de afastamento de est\u00e1dios ou arenas esportivas.<\/li>\n<\/ul>\n<p>Os prazos de perman\u00eancia no cadastro ser\u00e3o definidos de acordo com a gravidade da infra\u00e7\u00e3o: at\u00e9 dois anos para infra\u00e7\u00f5es leves, podendo chegar a dez anos em caso de reincid\u00eancia.<\/p>\n<p><strong>Pr\u00f3ximos passos<\/strong><br \/>O PL 4068\/25 ainda ser\u00e1 analisado pelas comiss\u00f5es do Esporte; e de Constitui\u00e7\u00e3o e Justi\u00e7a e de Cidadania, em car\u00e1ter <span id=\"4322\" class=\"termoGlossario\" title=\"Rito de tramita\u00e7\u00e3o pelo qual o projeto \u00e9 votado apenas pelas comiss\u00f5es designadas para analis\u00e1-lo, dispensada a delibera\u00e7\u00e3o do Plen\u00e1rio. O projeto perde o car\u00e1ter conclusivo se houver decis\u00e3o divergente entre as comiss\u00f5es ou se, independentemente de ser aprovado ou rejeitado, houver recurso assinado por 52 deputados para a aprecia\u00e7\u00e3o da mat\u00e9ria no Plen\u00e1rio.\" contenteditable=\"false\" data-toggle=\"tooltip\" data-placement=\"top\">conclusivo<\/span>.<\/p>\n<p>Para virar lei, precisa ser aprovado pelos deputados e pelos senadores.<\/p>\n<p style=\"font-size: 0.8rem; font-weight: 700;\">Reportagem &#8211; No\u00e9li Nobre<br \/>Edi\u00e7\u00e3o &#8211; Marcia Becker<\/p>\n<\/p><\/div>\n<\/p><\/div>\n<p><br \/>\n<br \/><a href=\"https:\/\/www.camara.leg.br\/noticias\/1215497-comissao-de-seguranca-aprova-cadastro-nacional-de-torcedores-violentos\/\">postagem original <\/a><\/p>\n","protected":false},"excerpt":{"rendered":"<p>24\/10\/2025 &#8211; 10:19 \u00a0 Kayo Magalh\u00e3es \/ C\u00e2mara dos Deputados Allan Garc\u00eas recomendou a aprova\u00e7\u00e3o da proposta A Comiss\u00e3o de [&hellip;]<\/p>\n","protected":false},"author":1,"featured_media":4369,"comment_status":"open","ping_status":"open","sticky":false,"template":"","format":"standard","meta":{"site-sidebar-layout":"default","site-content-layout":"","ast-site-content-layout":"default","site-content-style":"default","site-sidebar-style":"default","ast-global-header-display":"","ast-banner-title-visibility":"","ast-main-header-display":"","ast-hfb-above-header-display":"","ast-hfb-below-header-display":"","ast-hfb-mobile-header-display":"","site-post-title":"","ast-breadcrumbs-content":"","ast-featured-img":"","footer-sml-layout":"","theme-transparent-header-meta":"","adv-header-id-meta":"","stick-header-meta":"","header-above-stick-meta":"","header-main-stick-meta":"","header-below-stick-meta":"","astra-migrate-meta-layouts":"default","ast-page-background-enabled":"default","ast-page-background-meta":{"desktop":{"background-color":"var(--ast-global-color-5)","background-image":"","background-repeat":"repeat","background-position":"center center","background-size":"auto","background-attachment":"scroll","background-type":"","background-media":"","overlay-type":"","overlay-color":"","overlay-opacity":"","overlay-gradient":""},"tablet":{"background-color":"","background-image":"","background-repeat":"repeat","background-position":"center center","background-size":"auto","background-attachment":"scroll","background-type":"","background-media":"","overlay-type":"","overlay-color":"","overlay-opacity":"","overlay-gradient":""},"mobile":{"background-color":"","background-image":"","background-repeat":"repeat","background-position":"center center","background-size":"auto","background-attachment":"scroll","background-type":"","background-media":"","overlay-type":"","overlay-color":"","overlay-opacity":"","overlay-gradient":""}},"ast-content-background-meta":{"desktop":{"background-color":"var(--ast-global-color-4)","background-image":"","background-repeat":"repeat","background-position":"center center","background-size":"auto","background-attachment":"scroll","background-type":"","background-media":"","overlay-type":"","overlay-color":"","overlay-opacity":"","overlay-gradient":""},"tablet":{"background-color":"var(--ast-global-color-4)","background-image":"","background-repeat":"repeat","background-position":"center center","background-size":"auto","background-attachment":"scroll","background-type":"","background-media":"","overlay-type":"","overlay-color":"","overlay-opacity":"","overlay-gradient":""},"mobile":{"background-color":"var(--ast-global-color-4)","background-image":"","background-repeat":"repeat","background-position":"center center","background-size":"auto","background-attachment":"scroll","background-type":"","background-media":"","overlay-type":"","overlay-color":"","overlay-opacity":"","overlay-gradient":""}},"_joinchat":[],"footnotes":""},"categories":[29],"tags":[],"_links":{"self":[{"href":"https:\/\/radiosantaclara.sitetopfm.com.br\/site\/wp-json\/wp\/v2\/posts\/4368"}],"collection":[{"href":"https:\/\/radiosantaclara.sitetopfm.com.br\/site\/wp-json\/wp\/v2\/posts"}],"about":[{"href":"https:\/\/radiosantaclara.sitetopfm.com.br\/site\/wp-json\/wp\/v2\/types\/post"}],"author":[{"embeddable":true,"href":"https:\/\/radiosantaclara.sitetopfm.com.br\/site\/wp-json\/wp\/v2\/users\/1"}],"replies":[{"embeddable":true,"href":"https:\/\/radiosantaclara.sitetopfm.com.br\/site\/wp-json\/wp\/v2\/comments?post=4368"}],"version-history":[{"count":0,"href":"https:\/\/radiosantaclara.sitetopfm.com.br\/site\/wp-json\/wp\/v2\/posts\/4368\/revisions"}],"wp:featuredmedia":[{"embeddable":true,"href":"https:\/\/radiosantaclara.sitetopfm.com.br\/site\/wp-json\/wp\/v2\/media\/4369"}],"wp:attachment":[{"href":"https:\/\/radiosantaclara.sitetopfm.com.br\/site\/wp-json\/wp\/v2\/media?parent=4368"}],"wp:term":[{"taxonomy":"category","embeddable":true,"href":"https:\/\/radiosantaclara.sitetopfm.com.br\/site\/wp-json\/wp\/v2\/categories?post=4368"},{"taxonomy":"post_tag","embeddable":true,"href":"https:\/\/radiosantaclara.sitetopfm.com.br\/site\/wp-json\/wp\/v2\/tags?post=4368"}],"curies":[{"name":"wp","href":"https:\/\/api.w.org\/{rel}","templated":true}]}}