{"id":4358,"date":"2025-10-24T21:22:15","date_gmt":"2025-10-25T00:22:15","guid":{"rendered":"https:\/\/radiosantaclara.sitetopfm.com.br\/site\/comissao-de-seguranca-publica-debate-penas-para-lideres-e-membros-de-faccoes-criminosas-noticias\/"},"modified":"2025-10-24T21:22:15","modified_gmt":"2025-10-25T00:22:15","slug":"comissao-de-seguranca-publica-debate-penas-para-lideres-e-membros-de-faccoes-criminosas-noticias","status":"publish","type":"post","link":"https:\/\/radiosantaclara.sitetopfm.com.br\/site\/comissao-de-seguranca-publica-debate-penas-para-lideres-e-membros-de-faccoes-criminosas-noticias\/","title":{"rendered":"Comiss\u00e3o de Seguran\u00e7a P\u00fablica debate penas para l\u00edderes e membros de fac\u00e7\u00f5es criminosas &#8211; Not\u00edcias"},"content":{"rendered":"<p> <br \/>\n<\/p>\n<div>\n<div>\n<p class=\"g-artigo__data-hora\">\n                      24\/10\/2025 &#8211; 17:39 \u00a0\n                    <\/p>\n<div id=\"image-container-1215938\" class=\"image-container\" style=\"float: none; margin: 45px 0px; width: 100%;\" data-midia=\"1215938\">\n<p><em>Kayo Magalh\u00e3es \/ C\u00e2mara dos Deputados<\/em><\/p>\n<p>Paulo Bilynskyj prop\u00f4s di\u00e1logo entre os Poderes e a sociedade civil para constru\u00e7\u00e3o da nova lei<\/p>\n<\/p><\/div>\n<p data-start=\"107\" data-end=\"382\">A Comiss\u00e3o de Seguran\u00e7a P\u00fablica e Combate ao Crime Organizado da C\u00e2mara dos Deputados realiza, na ter\u00e7a-feira (28), audi\u00eancia p\u00fablica sobre as penas aplicadas a l\u00edderes e membros de fac\u00e7\u00f5es criminosas.<\/p>\n<p data-start=\"107\" data-end=\"382\">O debate ser\u00e1 realizado \u00e0s 16h30, no plen\u00e1rio 6.<\/p>\n<p data-start=\"478\" data-end=\"728\">O debate atende a pedido do deputado Delegado Paulo Bilynskyj (PL-SP). Segundo o parlamentar, o objetivo \u00e9 aprofundar a discuss\u00e3o sobre o <a href=\"https:\/\/www.camara.leg.br\/noticias\/1195347-projeto-preve-penas-mais-duras-e-bloqueio-automatico-de-bens-de-organizacoes-criminosas\">Projeto de Lei 2646\/25<\/a>, que prop\u00f5e novas medidas de preven\u00e7\u00e3o e repress\u00e3o ao crime organizado.<\/p>\n<p>O parlamentar acrescenta que \u00e9 essencial que os \u00f3rg\u00e3os integrantes do Poder Judici\u00e1rio, como o Supremo Tribunal Federal (STF), o Superior Tribunal de Justi\u00e7a (STJ) e o Conselho Nacional de Justi\u00e7a (CNJ), possam expor seus entendimentos t\u00e9cnicos e institucionais sobre as implica\u00e7\u00f5es do projeto, tanto no que se refere \u00e0 execu\u00e7\u00e3o penal quanto aos limites da persecu\u00e7\u00e3o criminal.<\/p>\n<p data-start=\"963\" data-end=\"1156\" data-is-last-node=\"\">&#8220;O di\u00e1logo entre os Poderes e a sociedade civil \u00e9 o caminho mais seguro para a constru\u00e7\u00e3o de um arcabou\u00e7o normativo leg\u00edtimo, eficaz e equilibrado\u201d, diz o deputado.<\/p>\n<p style=\"font-size: 0.8rem; font-weight: 700;\">Da Reda\u00e7\u00e3o\/GM<\/p>\n<\/p><\/div>\n<\/p><\/div>\n<p><br \/>\n<br \/><a href=\"https:\/\/www.camara.leg.br\/noticias\/1215165-comissao-de-seguranca-publica-debate-penas-para-lideres-e-membros-de-faccoes-criminosas\/\">postagem original <\/a><\/p>\n","protected":false},"excerpt":{"rendered":"<p>24\/10\/2025 &#8211; 17:39 \u00a0 Kayo Magalh\u00e3es \/ C\u00e2mara dos Deputados Paulo Bilynskyj prop\u00f4s di\u00e1logo entre os Poderes e a sociedade [&hellip;]<\/p>\n","protected":false},"author":1,"featured_media":4359,"comment_status":"open","ping_status":"open","sticky":false,"template":"","format":"standard","meta":{"site-sidebar-layout":"default","site-content-layout":"","ast-site-content-layout":"default","site-content-style":"default","site-sidebar-style":"default","ast-global-header-display":"","ast-banner-title-visibility":"","ast-main-header-display":"","ast-hfb-above-header-display":"","ast-hfb-below-header-display":"","ast-hfb-mobile-header-display":"","site-post-title":"","ast-breadcrumbs-content":"","ast-featured-img":"","footer-sml-layout":"","theme-transparent-header-meta":"","adv-header-id-meta":"","stick-header-meta":"","header-above-stick-meta":"","header-main-stick-meta":"","header-below-stick-meta":"","astra-migrate-meta-layouts":"default","ast-page-background-enabled":"default","ast-page-background-meta":{"desktop":{"background-color":"var(--ast-global-color-5)","background-image":"","background-repeat":"repeat","background-position":"center center","background-size":"auto","background-attachment":"scroll","background-type":"","background-media":"","overlay-type":"","overlay-color":"","overlay-opacity":"","overlay-gradient":""},"tablet":{"background-color":"","background-image":"","background-repeat":"repeat","background-position":"center center","background-size":"auto","background-attachment":"scroll","background-type":"","background-media":"","overlay-type":"","overlay-color":"","overlay-opacity":"","overlay-gradient":""},"mobile":{"background-color":"","background-image":"","background-repeat":"repeat","background-position":"center center","background-size":"auto","background-attachment":"scroll","background-type":"","background-media":"","overlay-type":"","overlay-color":"","overlay-opacity":"","overlay-gradient":""}},"ast-content-background-meta":{"desktop":{"background-color":"var(--ast-global-color-4)","background-image":"","background-repeat":"repeat","background-position":"center center","background-size":"auto","background-attachment":"scroll","background-type":"","background-media":"","overlay-type":"","overlay-color":"","overlay-opacity":"","overlay-gradient":""},"tablet":{"background-color":"var(--ast-global-color-4)","background-image":"","background-repeat":"repeat","background-position":"center center","background-size":"auto","background-attachment":"scroll","background-type":"","background-media":"","overlay-type":"","overlay-color":"","overlay-opacity":"","overlay-gradient":""},"mobile":{"background-color":"var(--ast-global-color-4)","background-image":"","background-repeat":"repeat","background-position":"center center","background-size":"auto","background-attachment":"scroll","background-type":"","background-media":"","overlay-type":"","overlay-color":"","overlay-opacity":"","overlay-gradient":""}},"_joinchat":[],"footnotes":""},"categories":[29],"tags":[],"_links":{"self":[{"href":"https:\/\/radiosantaclara.sitetopfm.com.br\/site\/wp-json\/wp\/v2\/posts\/4358"}],"collection":[{"href":"https:\/\/radiosantaclara.sitetopfm.com.br\/site\/wp-json\/wp\/v2\/posts"}],"about":[{"href":"https:\/\/radiosantaclara.sitetopfm.com.br\/site\/wp-json\/wp\/v2\/types\/post"}],"author":[{"embeddable":true,"href":"https:\/\/radiosantaclara.sitetopfm.com.br\/site\/wp-json\/wp\/v2\/users\/1"}],"replies":[{"embeddable":true,"href":"https:\/\/radiosantaclara.sitetopfm.com.br\/site\/wp-json\/wp\/v2\/comments?post=4358"}],"version-history":[{"count":0,"href":"https:\/\/radiosantaclara.sitetopfm.com.br\/site\/wp-json\/wp\/v2\/posts\/4358\/revisions"}],"wp:featuredmedia":[{"embeddable":true,"href":"https:\/\/radiosantaclara.sitetopfm.com.br\/site\/wp-json\/wp\/v2\/media\/4359"}],"wp:attachment":[{"href":"https:\/\/radiosantaclara.sitetopfm.com.br\/site\/wp-json\/wp\/v2\/media?parent=4358"}],"wp:term":[{"taxonomy":"category","embeddable":true,"href":"https:\/\/radiosantaclara.sitetopfm.com.br\/site\/wp-json\/wp\/v2\/categories?post=4358"},{"taxonomy":"post_tag","embeddable":true,"href":"https:\/\/radiosantaclara.sitetopfm.com.br\/site\/wp-json\/wp\/v2\/tags?post=4358"}],"curies":[{"name":"wp","href":"https:\/\/api.w.org\/{rel}","templated":true}]}}