{"id":4336,"date":"2025-10-24T17:08:28","date_gmt":"2025-10-24T20:08:28","guid":{"rendered":"https:\/\/radiosantaclara.sitetopfm.com.br\/site\/comissao-aprova-projeto-que-pretende-tornar-a-internet-mais-segura-e-acessivel-para-idosos-noticias\/"},"modified":"2025-10-24T17:08:28","modified_gmt":"2025-10-24T20:08:28","slug":"comissao-aprova-projeto-que-pretende-tornar-a-internet-mais-segura-e-acessivel-para-idosos-noticias","status":"publish","type":"post","link":"https:\/\/radiosantaclara.sitetopfm.com.br\/site\/comissao-aprova-projeto-que-pretende-tornar-a-internet-mais-segura-e-acessivel-para-idosos-noticias\/","title":{"rendered":"Comiss\u00e3o aprova projeto que pretende tornar a internet mais segura e acess\u00edvel para idosos &#8211; Not\u00edcias"},"content":{"rendered":"<p> <br \/>\n<\/p>\n<div>\n<div>\n<p class=\"g-artigo__data-hora\">\n                      24\/10\/2025 &#8211; 16:47 \u00a0\n                    <\/p>\n<div id=\"image-container-1215880\" class=\"image-container\" style=\"float: none; margin: 45px 0px; width: 100%;\" data-midia=\"1215880\">\n<p><em>Vinicius Loures\/C\u00e2mara dos Deputados<\/em><\/p>\n<p>Deputado Eriberto Medeiros, relator<\/p>\n<\/p><\/div>\n<p>A Comiss\u00e3o de Defesa dos Direitos da Pessoa Idosa aprovou o Projeto de Lei 1617\/25, que altera o <a href=\"https:\/\/www2.camara.leg.br\/legin\/fed\/lei\/2003\/lei-10741-1-outubro-2003-497511-publicacaooriginal-1-pl.html\">Estatuto da Pessoa Idosa<\/a> para exigir que sites e aplicativos de empresas e \u00f3rg\u00e3os p\u00fablicos no Brasil adotem regras de seguran\u00e7a e acessibilidade que facilitem o uso por pessoas idosas. O objetivo \u00e9 permitir o acesso pleno desse p\u00fablico a informa\u00e7\u00f5es relevantes para o exerc\u00edcio da cidadania.<\/p>\n<p>O texto aprovado tamb\u00e9m altera a <a href=\"https:\/\/www2.camara.leg.br\/legin\/fed\/lei\/2021\/lei-14129-29-marco-2021-791203-publicacaooriginal-162567-pl.html\">Lei do Governo Digital<\/a>, passando a prever que a presta\u00e7\u00e3o digital de servi\u00e7os p\u00fablicos favore\u00e7a a inclus\u00e3o de idosos e de pessoas com defici\u00eancia ou mobilidade reduzida.<\/p>\n<p>Autor do projeto, o deputado Jonas Donizette (PSB-SP) afirma que n\u00e3o basta garantir \u00e0s pessoas o acesso \u00e0s informa\u00e7\u00f5es. \u201cDeve-se tamb\u00e9m facilitar a obten\u00e7\u00e3o dessas informa\u00e7\u00f5es, utilizando-se para isso linguagem simples e adequada\u201d, disse.<\/p>\n<p>O relator, deputado Eriberto Medeiros (PSB-PE), recomendou a aprova\u00e7\u00e3o do texto sem altera\u00e7\u00f5es. \u201cQuando o servi\u00e7o digital n\u00e3o \u00e9 acess\u00edvel, o servi\u00e7o p\u00fablico simplesmente n\u00e3o est\u00e1 sendo prestado&#8221;, disse. \u201cO acento aqui recai sobre a palavra &#8216;p\u00fablico&#8217;. N\u00e3o \u00e9 para alguns, \u00e9 para todos. N\u00e3o \u00e9 uma possibilidade, \u00e9 um direito.\u201d<\/p>\n<p><strong>Pr\u00f3ximas etapas<\/strong><br \/>A proposta ser\u00e1 ainda analisada, em <span id=\"4322\" class=\"termoGlossario\" title=\"Rito de tramita\u00e7\u00e3o pelo qual o projeto \u00e9 votado apenas pelas comiss\u00f5es designadas para analis\u00e1-lo, dispensada a delibera\u00e7\u00e3o do Plen\u00e1rio. O projeto perde o car\u00e1ter conclusivo se houver decis\u00e3o divergente entre as comiss\u00f5es ou se, independentemente de ser aprovado ou rejeitado, houver recurso assinado por 52 deputados para a aprecia\u00e7\u00e3o da mat\u00e9ria no Plen\u00e1rio.\" contenteditable=\"false\" data-toggle=\"tooltip\" data-placement=\"top\">car\u00e1ter conclusivo<\/span>, pela Comiss\u00e3o de Constitui\u00e7\u00e3o e Justi\u00e7a e de Cidadania. Para virar lei, o texto deve ser aprovado pela C\u00e2mara e pelo Senado.<\/p>\n<p style=\"font-size: 0.8rem; font-weight: 700;\">Reportagem \u2013 Murilo Souza<br \/>Edi\u00e7\u00e3o \u2013 Roberto Seabra<\/p>\n<\/p><\/div>\n<\/p><\/div>\n<p><br \/>\n<br \/><a href=\"https:\/\/www.camara.leg.br\/noticias\/1215831-comissao-aprova-projeto-que-pretende-tornar-a-internet-mais-segura-e-acessivel-para-idosos\/\">postagem original <\/a><\/p>\n","protected":false},"excerpt":{"rendered":"<p>24\/10\/2025 &#8211; 16:47 \u00a0 Vinicius Loures\/C\u00e2mara dos Deputados Deputado Eriberto Medeiros, relator A Comiss\u00e3o de Defesa dos Direitos da Pessoa [&hellip;]<\/p>\n","protected":false},"author":1,"featured_media":4337,"comment_status":"open","ping_status":"open","sticky":false,"template":"","format":"standard","meta":{"site-sidebar-layout":"default","site-content-layout":"","ast-site-content-layout":"default","site-content-style":"default","site-sidebar-style":"default","ast-global-header-display":"","ast-banner-title-visibility":"","ast-main-header-display":"","ast-hfb-above-header-display":"","ast-hfb-below-header-display":"","ast-hfb-mobile-header-display":"","site-post-title":"","ast-breadcrumbs-content":"","ast-featured-img":"","footer-sml-layout":"","theme-transparent-header-meta":"","adv-header-id-meta":"","stick-header-meta":"","header-above-stick-meta":"","header-main-stick-meta":"","header-below-stick-meta":"","astra-migrate-meta-layouts":"default","ast-page-background-enabled":"default","ast-page-background-meta":{"desktop":{"background-color":"var(--ast-global-color-5)","background-image":"","background-repeat":"repeat","background-position":"center center","background-size":"auto","background-attachment":"scroll","background-type":"","background-media":"","overlay-type":"","overlay-color":"","overlay-opacity":"","overlay-gradient":""},"tablet":{"background-color":"","background-image":"","background-repeat":"repeat","background-position":"center center","background-size":"auto","background-attachment":"scroll","background-type":"","background-media":"","overlay-type":"","overlay-color":"","overlay-opacity":"","overlay-gradient":""},"mobile":{"background-color":"","background-image":"","background-repeat":"repeat","background-position":"center center","background-size":"auto","background-attachment":"scroll","background-type":"","background-media":"","overlay-type":"","overlay-color":"","overlay-opacity":"","overlay-gradient":""}},"ast-content-background-meta":{"desktop":{"background-color":"var(--ast-global-color-4)","background-image":"","background-repeat":"repeat","background-position":"center center","background-size":"auto","background-attachment":"scroll","background-type":"","background-media":"","overlay-type":"","overlay-color":"","overlay-opacity":"","overlay-gradient":""},"tablet":{"background-color":"var(--ast-global-color-4)","background-image":"","background-repeat":"repeat","background-position":"center center","background-size":"auto","background-attachment":"scroll","background-type":"","background-media":"","overlay-type":"","overlay-color":"","overlay-opacity":"","overlay-gradient":""},"mobile":{"background-color":"var(--ast-global-color-4)","background-image":"","background-repeat":"repeat","background-position":"center center","background-size":"auto","background-attachment":"scroll","background-type":"","background-media":"","overlay-type":"","overlay-color":"","overlay-opacity":"","overlay-gradient":""}},"_joinchat":[],"footnotes":""},"categories":[31],"tags":[],"_links":{"self":[{"href":"https:\/\/radiosantaclara.sitetopfm.com.br\/site\/wp-json\/wp\/v2\/posts\/4336"}],"collection":[{"href":"https:\/\/radiosantaclara.sitetopfm.com.br\/site\/wp-json\/wp\/v2\/posts"}],"about":[{"href":"https:\/\/radiosantaclara.sitetopfm.com.br\/site\/wp-json\/wp\/v2\/types\/post"}],"author":[{"embeddable":true,"href":"https:\/\/radiosantaclara.sitetopfm.com.br\/site\/wp-json\/wp\/v2\/users\/1"}],"replies":[{"embeddable":true,"href":"https:\/\/radiosantaclara.sitetopfm.com.br\/site\/wp-json\/wp\/v2\/comments?post=4336"}],"version-history":[{"count":0,"href":"https:\/\/radiosantaclara.sitetopfm.com.br\/site\/wp-json\/wp\/v2\/posts\/4336\/revisions"}],"wp:featuredmedia":[{"embeddable":true,"href":"https:\/\/radiosantaclara.sitetopfm.com.br\/site\/wp-json\/wp\/v2\/media\/4337"}],"wp:attachment":[{"href":"https:\/\/radiosantaclara.sitetopfm.com.br\/site\/wp-json\/wp\/v2\/media?parent=4336"}],"wp:term":[{"taxonomy":"category","embeddable":true,"href":"https:\/\/radiosantaclara.sitetopfm.com.br\/site\/wp-json\/wp\/v2\/categories?post=4336"},{"taxonomy":"post_tag","embeddable":true,"href":"https:\/\/radiosantaclara.sitetopfm.com.br\/site\/wp-json\/wp\/v2\/tags?post=4336"}],"curies":[{"name":"wp","href":"https:\/\/api.w.org\/{rel}","templated":true}]}}