{"id":4296,"date":"2025-10-23T15:10:08","date_gmt":"2025-10-23T18:10:08","guid":{"rendered":"https:\/\/radiosantaclara.sitetopfm.com.br\/site\/comissao-debate-mudancas-na-proposta-do-plano-nacional-de-educacao-noticias\/"},"modified":"2025-10-23T15:10:08","modified_gmt":"2025-10-23T18:10:08","slug":"comissao-debate-mudancas-na-proposta-do-plano-nacional-de-educacao-noticias","status":"publish","type":"post","link":"https:\/\/radiosantaclara.sitetopfm.com.br\/site\/comissao-debate-mudancas-na-proposta-do-plano-nacional-de-educacao-noticias\/","title":{"rendered":"Comiss\u00e3o debate mudan\u00e7as na proposta do Plano Nacional de Educa\u00e7\u00e3o &#8211; Not\u00edcias"},"content":{"rendered":"<p> <br \/>\n<\/p>\n<div>\n<div>\n<p class=\"g-artigo__data-hora\">\n                      23\/10\/2025 &#8211; 14:59 \u00a0\n                    <\/p>\n<div id=\"image-container-1215270\" class=\"image-container\" style=\"float: none; margin: 45px 0px; width: 100%;\" data-midia=\"1215270\">\n<p><em>Henderson Alves\/SEED-PR<\/em><\/p>\n<p>Novo PNE reduz meta de investimentos em educa\u00e7\u00e3o p\u00fablica<\/p>\n<\/p><\/div>\n<p data-start=\"76\" data-end=\"330\">A Comiss\u00e3o de Educa\u00e7\u00e3o da C\u00e2mara dos Deputados realiza, na pr\u00f3xima ter\u00e7a-feira (28), audi\u00eancia p\u00fablica para debater mudan\u00e7as no Plano Nacional de Educa\u00e7\u00e3o (2024-2034).<\/p>\n<p data-start=\"76\" data-end=\"330\">O debate ser\u00e1 realizado \u00e0s 10 horas, em plen\u00e1rio a ser definido.<\/p>\n<p data-start=\"332\" data-end=\"475\"><a href=\"https:\/\/www.camara.leg.br\/evento-legislativo\/79943\">Veja quem foi convidado para o debate<\/a><\/p>\n<p data-start=\"477\" data-end=\"778\">O debate atende a pedido da deputada Professora Luciene Cavalcante (Psol-SP) e do deputado Tarc\u00edsio Motta (Psol-RJ). Segundo os parlamentares, o objetivo \u00e9 garantir a transpar\u00eancia\u00a0 do texto ao p\u00fablico, diante das controv\u00e9rsias e poss\u00edveis retrocessos identificados na proposta do novo Plano Nacional de Educa\u00e7\u00e3o.<\/p>\n<p data-start=\"780\" data-end=\"1287\">Eles argumentam que a redu\u00e7\u00e3o do investimento p\u00fablico em educa\u00e7\u00e3o para 7,5% do Produto Interno Bruto (<span id=\"4128\" class=\"termoGlossario\" title=\"Indicador que mede a produ\u00e7\u00e3o total de bens e servi\u00e7os finais de um pa\u00eds, levando em conta tr\u00eas grupos principais: (1) agropecu\u00e1ria, abrangendo agricultura extrativa vegetal e pecu\u00e1ria; (2) ind\u00fastria, que engloba as \u00e1reas de extra\u00e7\u00e3o mineral, de transforma\u00e7\u00e3o, de servi\u00e7os industriais de utilidade p\u00fablica e de constru\u00e7\u00e3o civil; e (3) servi\u00e7os, que incluem com\u00e9rcio, transporte, comunica\u00e7\u00e3o, servi\u00e7os da administra\u00e7\u00e3o p\u00fablica e outros. A partir de uma compara\u00e7\u00e3o entre a produ\u00e7\u00e3o de um ano e do anterior, encontra-se a varia\u00e7\u00e3o anual do PIB.\" contenteditable=\"false\" data-toggle=\"tooltip\" data-placement=\"top\">PIB<\/span>), em compara\u00e7\u00e3o com os 10% originalmente propostos pelo Executivo, representa um grave retrocesso e amea\u00e7a o financiamento adequado das metas educacionais.<\/p>\n<p data-start=\"780\" data-end=\"1287\">Os dois parlamentares tamb\u00e9m apontam que a exclus\u00e3o do princ\u00edpio da \u201cqualidade socialmente referenciada\u201d e o enfraquecimento do F\u00f3rum Nacional de Educa\u00e7\u00e3o como inst\u00e2ncia de participa\u00e7\u00e3o social comprometem o car\u00e1ter democr\u00e1tico e emancipador da pol\u00edtica educacional.<\/p>\n<p data-start=\"1289\" data-end=\"1583\" data-is-last-node=\"\" data-is-only-node=\"\">\u201cA audi\u00eancia p\u00fablica \u00e9 necess\u00e1ria para qualificar o texto legislativo, incorporando contribui\u00e7\u00f5es essenciais como a valoriza\u00e7\u00e3o dos profissionais da educa\u00e7\u00e3o, a revis\u00e3o democr\u00e1tica da Base Nacional Comum Curricular e a garantia da oferta de Educa\u00e7\u00e3o de Jovens e Adultos\u201d, afirmam.<\/p>\n<p style=\"font-size: 0.8rem; font-weight: 700;\">Da Reda\u00e7\u00e3o &#8211; RS<\/p>\n<\/p><\/div>\n<\/p><\/div>\n<p><br \/>\n<br \/><a href=\"https:\/\/www.camara.leg.br\/noticias\/1214868-comissao-debate-mudancas-na-proposta-do-plano-nacional-de-educacao\/\">postagem original <\/a><\/p>\n","protected":false},"excerpt":{"rendered":"<p>23\/10\/2025 &#8211; 14:59 \u00a0 Henderson Alves\/SEED-PR Novo PNE reduz meta de investimentos em educa\u00e7\u00e3o p\u00fablica A Comiss\u00e3o de Educa\u00e7\u00e3o da [&hellip;]<\/p>\n","protected":false},"author":1,"featured_media":4297,"comment_status":"open","ping_status":"open","sticky":false,"template":"","format":"standard","meta":{"site-sidebar-layout":"default","site-content-layout":"","ast-site-content-layout":"default","site-content-style":"default","site-sidebar-style":"default","ast-global-header-display":"","ast-banner-title-visibility":"","ast-main-header-display":"","ast-hfb-above-header-display":"","ast-hfb-below-header-display":"","ast-hfb-mobile-header-display":"","site-post-title":"","ast-breadcrumbs-content":"","ast-featured-img":"","footer-sml-layout":"","theme-transparent-header-meta":"","adv-header-id-meta":"","stick-header-meta":"","header-above-stick-meta":"","header-main-stick-meta":"","header-below-stick-meta":"","astra-migrate-meta-layouts":"default","ast-page-background-enabled":"default","ast-page-background-meta":{"desktop":{"background-color":"var(--ast-global-color-5)","background-image":"","background-repeat":"repeat","background-position":"center center","background-size":"auto","background-attachment":"scroll","background-type":"","background-media":"","overlay-type":"","overlay-color":"","overlay-opacity":"","overlay-gradient":""},"tablet":{"background-color":"","background-image":"","background-repeat":"repeat","background-position":"center center","background-size":"auto","background-attachment":"scroll","background-type":"","background-media":"","overlay-type":"","overlay-color":"","overlay-opacity":"","overlay-gradient":""},"mobile":{"background-color":"","background-image":"","background-repeat":"repeat","background-position":"center center","background-size":"auto","background-attachment":"scroll","background-type":"","background-media":"","overlay-type":"","overlay-color":"","overlay-opacity":"","overlay-gradient":""}},"ast-content-background-meta":{"desktop":{"background-color":"var(--ast-global-color-4)","background-image":"","background-repeat":"repeat","background-position":"center center","background-size":"auto","background-attachment":"scroll","background-type":"","background-media":"","overlay-type":"","overlay-color":"","overlay-opacity":"","overlay-gradient":""},"tablet":{"background-color":"var(--ast-global-color-4)","background-image":"","background-repeat":"repeat","background-position":"center center","background-size":"auto","background-attachment":"scroll","background-type":"","background-media":"","overlay-type":"","overlay-color":"","overlay-opacity":"","overlay-gradient":""},"mobile":{"background-color":"var(--ast-global-color-4)","background-image":"","background-repeat":"repeat","background-position":"center center","background-size":"auto","background-attachment":"scroll","background-type":"","background-media":"","overlay-type":"","overlay-color":"","overlay-opacity":"","overlay-gradient":""}},"_joinchat":[],"footnotes":""},"categories":[36],"tags":[],"_links":{"self":[{"href":"https:\/\/radiosantaclara.sitetopfm.com.br\/site\/wp-json\/wp\/v2\/posts\/4296"}],"collection":[{"href":"https:\/\/radiosantaclara.sitetopfm.com.br\/site\/wp-json\/wp\/v2\/posts"}],"about":[{"href":"https:\/\/radiosantaclara.sitetopfm.com.br\/site\/wp-json\/wp\/v2\/types\/post"}],"author":[{"embeddable":true,"href":"https:\/\/radiosantaclara.sitetopfm.com.br\/site\/wp-json\/wp\/v2\/users\/1"}],"replies":[{"embeddable":true,"href":"https:\/\/radiosantaclara.sitetopfm.com.br\/site\/wp-json\/wp\/v2\/comments?post=4296"}],"version-history":[{"count":0,"href":"https:\/\/radiosantaclara.sitetopfm.com.br\/site\/wp-json\/wp\/v2\/posts\/4296\/revisions"}],"wp:featuredmedia":[{"embeddable":true,"href":"https:\/\/radiosantaclara.sitetopfm.com.br\/site\/wp-json\/wp\/v2\/media\/4297"}],"wp:attachment":[{"href":"https:\/\/radiosantaclara.sitetopfm.com.br\/site\/wp-json\/wp\/v2\/media?parent=4296"}],"wp:term":[{"taxonomy":"category","embeddable":true,"href":"https:\/\/radiosantaclara.sitetopfm.com.br\/site\/wp-json\/wp\/v2\/categories?post=4296"},{"taxonomy":"post_tag","embeddable":true,"href":"https:\/\/radiosantaclara.sitetopfm.com.br\/site\/wp-json\/wp\/v2\/tags?post=4296"}],"curies":[{"name":"wp","href":"https:\/\/api.w.org\/{rel}","templated":true}]}}