{"id":4277,"date":"2025-10-22T22:58:26","date_gmt":"2025-10-23T01:58:26","guid":{"rendered":"https:\/\/radiosantaclara.sitetopfm.com.br\/site\/deputados-aprovam-urgencia-para-projeto-que-cria-a-bancada-crista-da-camara-noticias\/"},"modified":"2025-10-22T22:58:26","modified_gmt":"2025-10-23T01:58:26","slug":"deputados-aprovam-urgencia-para-projeto-que-cria-a-bancada-crista-da-camara-noticias","status":"publish","type":"post","link":"https:\/\/radiosantaclara.sitetopfm.com.br\/site\/deputados-aprovam-urgencia-para-projeto-que-cria-a-bancada-crista-da-camara-noticias\/","title":{"rendered":"Deputados aprovam urg\u00eancia para projeto que cria a bancada crist\u00e3 da C\u00e2mara &#8211; Not\u00edcias"},"content":{"rendered":"<p> <br \/>\n<\/p>\n<div>\n<p class=\"g-artigo__data-hora\">\n                      22\/10\/2025 &#8211; 18:36 \u00a0<br \/>\n                        <span>\u2022 \u00a0 Atualizado em 22\/10\/2025 &#8211; 20:15<\/span>\n                    <\/p>\n<div id=\"image-container-1214992\" class=\"image-container\" style=\"float: none; margin: 45px 0px; width: 100%;\" data-midia=\"1214992\">\n<p><em>Kayo Magalh\u00e3es\/C\u00e2mara dos Deputados<\/em><\/p>\n<p>Luiz Gast\u00e3o, coordenador da Frente Parlamentar Cat\u00f3lica<\/p>\n<\/p><\/div>\n<p>A C\u00e2mara dos Deputados aprovou nesta quarta-feira (22) o regime de <span id=\"4227\" class=\"termoGlossario\" title=\"Regime de tramita\u00e7\u00e3o que dispensa exig\u00eancias, interst\u00edcios e formalidades regimentais (salvo a publica\u00e7\u00e3o, o qu\u00f3rum e os pareceres) para que uma proposi\u00e7\u00e3o seja apreciada pela C\u00e2mara de forma mais c\u00e9lere. Pode-se dizer que as proposi\u00e7\u00f5es s\u00e3o urgentes em raz\u00e3o da natureza da mat\u00e9ria; em raz\u00e3o de serem de iniciativa do Poder Executivo, com solicita\u00e7\u00e3o de urg\u00eancia do presidente da Rep\u00fablica; ou em virtude de terem sido reconhecidas, por delibera\u00e7\u00e3o do Plen\u00e1rio, com esse car\u00e1ter. Alguns projetos j\u00e1 tramitam automaticamente em regime de urg\u00eancia, como os que tratam de acordos internacionais.\" contenteditable=\"false\" data-toggle=\"tooltip\" data-placement=\"top\">urg\u00eancia<\/span> para o projeto que cria a bancada crist\u00e3 da C\u00e2mara. Trata-se do Projeto de Resolu\u00e7\u00e3o 71\/25, apresentado pelos presidentes das <span id=\"4290\" class=\"termoGlossario\" title=\"\" contenteditable=\"false\" data-toggle=\"tooltip\" data-placement=\"top\" data-original-title=\"Associa\u00e7\u00e3o suprapartid\u00e1ria destinada a aprimorar a legisla\u00e7\u00e3o referente a um tema espec\u00edfico. As frentes podem utilizar o espa\u00e7o f\u00edsico da C\u00e2mara, desde que suas atividades n\u00e3o interfiram no andamento dos outros trabalhos da Casa, n\u00e3o impliquem contrata\u00e7\u00e3o de pessoal nem fornecimento de passagens a\u00e9reas. Para fins de registro, dever\u00e3o ser integradas por, no m\u00ednimo, um ter\u00e7o de membros do Poder Legislativo Federal.\">frentes parlamentares<\/span> evang\u00e9lica e cat\u00f3lica, respectivamente os deputados Gilberto Nascimento (PSD-SP) e Luiz Gast\u00e3o (PSD-CE).<\/p>\n<p>O pedido de urg\u00eancia foi aprovado com <a href=\"https:\/\/www.camara.leg.br\/presenca-comissoes\/votacao-portal?reuniao=79950&amp;itemVotacao=13223\">398 votos favor\u00e1veis e 30 contr\u00e1rios<\/a>. Os projetos com urg\u00eancia podem ser votados diretamente no Plen\u00e1rio, sem passar antes pelas comiss\u00f5es da C\u00e2mara.<\/p>\n<p>Segundo a proposta, a bancada ser\u00e1 constitu\u00edda por uma coordena\u00e7\u00e3o-geral e tr\u00eas vices-coordenadorias. A bancada poder\u00e1 ter direito a voz e voto nas reuni\u00f5es de l\u00edderes partid\u00e1rios. Al\u00e9m disso, o \u00f3rg\u00e3o poder\u00e1 usar a palavra por 5 minutos semanalmente em Plen\u00e1rio.<\/p>\n<p>O deputado Luiz Gast\u00e3o defendeu a cria\u00e7\u00e3o da bancada pelo fato de mais de 80% da popula\u00e7\u00e3o brasileira ser crist\u00e3. &#8220;A Constitui\u00e7\u00e3o nos garante liberdade da manifesta\u00e7\u00e3o da f\u00e9 de todas as formas&#8221;, disse.<\/p>\n<p><strong>Estado laico<\/strong><br \/>A l\u00edder do Psol, deputada Tal\u00edria Petrone (RJ), criticou o projeto por estabelecer &#8220;uma rela\u00e7\u00e3o de alian\u00e7a e prefer\u00eancia de natureza religiosa dentro da estrutura do Legislativo federal, o que \u00e9 proibido pelo princ\u00edpio da laicidade&#8221;. &#8220;O espa\u00e7o pol\u00edtico n\u00e3o pode privilegiar com voz e voto no Col\u00e9gio de L\u00edderes uma f\u00e9 professada&#8221;, afirmou.<\/p>\n<p>De acordo com ela, as bancadas negra e feminina s\u00f3 existem por conta da desigualdade hist\u00f3rica de g\u00eanero e ra\u00e7a na representa\u00e7\u00e3o do Congresso. &#8220;\u00c9 papel, tamb\u00e9m previsto na Constitui\u00e7\u00e3o, garantir igualdade entre homens e mulheres, tamb\u00e9m por pol\u00edticas afirmativas, para corrigir a desigualdade hist\u00f3rica, que n\u00e3o tem a ver com religi\u00e3o&#8221;, declarou.<\/p>\n<p>Para o l\u00edder do PDT, deputado M\u00e1rio Heringer (MG), a cria\u00e7\u00e3o da bancada discrimina outras religi\u00f5es. &#8220;Quando n\u00f3s fazemos essa escolha, n\u00f3s estamos discriminando. N\u00f3s estamos discriminando as outras religi\u00f5es&#8221;, afirmou.<\/p>\n<p>J\u00e1 o deputado Otoni de Paula (MDB-RJ) afirmou que a cr\u00edtica por criar a bancada crist\u00e3 \u00e9 pela possibilidade de o movimento conservador se organizar na C\u00e2mara. &#8220;Esse \u00e9 o desespero: com a bancada crist\u00e3, o movimento conservador ganha for\u00e7a neste Plen\u00e1rio. Isso eles n\u00e3o querem&#8221;, disse.<\/p>\n<p style=\"font-size: 0.8rem; font-weight: 700;\">Reportagem \u2013 Tiago Miranda<br \/>Edi\u00e7\u00e3o \u2013 Pierre Triboli<\/p>\n<\/p><\/div>\n<p><br \/>\n<br \/><a href=\"https:\/\/www.camara.leg.br\/noticias\/1214915-deputados-aprovam-urgencia-para-projeto-que-cria-a-bancada-crista-da-camara\/\">postagem original <\/a><\/p>\n","protected":false},"excerpt":{"rendered":"<p>22\/10\/2025 &#8211; 18:36 \u00a0 \u2022 \u00a0 Atualizado em 22\/10\/2025 &#8211; 20:15 Kayo Magalh\u00e3es\/C\u00e2mara dos Deputados Luiz Gast\u00e3o, coordenador da Frente [&hellip;]<\/p>\n","protected":false},"author":1,"featured_media":4278,"comment_status":"open","ping_status":"open","sticky":false,"template":"","format":"standard","meta":{"site-sidebar-layout":"default","site-content-layout":"","ast-site-content-layout":"default","site-content-style":"default","site-sidebar-style":"default","ast-global-header-display":"","ast-banner-title-visibility":"","ast-main-header-display":"","ast-hfb-above-header-display":"","ast-hfb-below-header-display":"","ast-hfb-mobile-header-display":"","site-post-title":"","ast-breadcrumbs-content":"","ast-featured-img":"","footer-sml-layout":"","theme-transparent-header-meta":"","adv-header-id-meta":"","stick-header-meta":"","header-above-stick-meta":"","header-main-stick-meta":"","header-below-stick-meta":"","astra-migrate-meta-layouts":"default","ast-page-background-enabled":"default","ast-page-background-meta":{"desktop":{"background-color":"var(--ast-global-color-5)","background-image":"","background-repeat":"repeat","background-position":"center center","background-size":"auto","background-attachment":"scroll","background-type":"","background-media":"","overlay-type":"","overlay-color":"","overlay-opacity":"","overlay-gradient":""},"tablet":{"background-color":"","background-image":"","background-repeat":"repeat","background-position":"center center","background-size":"auto","background-attachment":"scroll","background-type":"","background-media":"","overlay-type":"","overlay-color":"","overlay-opacity":"","overlay-gradient":""},"mobile":{"background-color":"","background-image":"","background-repeat":"repeat","background-position":"center center","background-size":"auto","background-attachment":"scroll","background-type":"","background-media":"","overlay-type":"","overlay-color":"","overlay-opacity":"","overlay-gradient":""}},"ast-content-background-meta":{"desktop":{"background-color":"var(--ast-global-color-4)","background-image":"","background-repeat":"repeat","background-position":"center center","background-size":"auto","background-attachment":"scroll","background-type":"","background-media":"","overlay-type":"","overlay-color":"","overlay-opacity":"","overlay-gradient":""},"tablet":{"background-color":"var(--ast-global-color-4)","background-image":"","background-repeat":"repeat","background-position":"center center","background-size":"auto","background-attachment":"scroll","background-type":"","background-media":"","overlay-type":"","overlay-color":"","overlay-opacity":"","overlay-gradient":""},"mobile":{"background-color":"var(--ast-global-color-4)","background-image":"","background-repeat":"repeat","background-position":"center center","background-size":"auto","background-attachment":"scroll","background-type":"","background-media":"","overlay-type":"","overlay-color":"","overlay-opacity":"","overlay-gradient":""}},"_joinchat":[],"footnotes":""},"categories":[36],"tags":[],"_links":{"self":[{"href":"https:\/\/radiosantaclara.sitetopfm.com.br\/site\/wp-json\/wp\/v2\/posts\/4277"}],"collection":[{"href":"https:\/\/radiosantaclara.sitetopfm.com.br\/site\/wp-json\/wp\/v2\/posts"}],"about":[{"href":"https:\/\/radiosantaclara.sitetopfm.com.br\/site\/wp-json\/wp\/v2\/types\/post"}],"author":[{"embeddable":true,"href":"https:\/\/radiosantaclara.sitetopfm.com.br\/site\/wp-json\/wp\/v2\/users\/1"}],"replies":[{"embeddable":true,"href":"https:\/\/radiosantaclara.sitetopfm.com.br\/site\/wp-json\/wp\/v2\/comments?post=4277"}],"version-history":[{"count":0,"href":"https:\/\/radiosantaclara.sitetopfm.com.br\/site\/wp-json\/wp\/v2\/posts\/4277\/revisions"}],"wp:featuredmedia":[{"embeddable":true,"href":"https:\/\/radiosantaclara.sitetopfm.com.br\/site\/wp-json\/wp\/v2\/media\/4278"}],"wp:attachment":[{"href":"https:\/\/radiosantaclara.sitetopfm.com.br\/site\/wp-json\/wp\/v2\/media?parent=4277"}],"wp:term":[{"taxonomy":"category","embeddable":true,"href":"https:\/\/radiosantaclara.sitetopfm.com.br\/site\/wp-json\/wp\/v2\/categories?post=4277"},{"taxonomy":"post_tag","embeddable":true,"href":"https:\/\/radiosantaclara.sitetopfm.com.br\/site\/wp-json\/wp\/v2\/tags?post=4277"}],"curies":[{"name":"wp","href":"https:\/\/api.w.org\/{rel}","templated":true}]}}