{"id":4273,"date":"2025-10-22T21:23:48","date_gmt":"2025-10-23T00:23:48","guid":{"rendered":"https:\/\/radiosantaclara.sitetopfm.com.br\/site\/camara-rejeita-recurso-e-confirma-envio-ao-senado-de-projeto-sobre-controle-de-constitucionalidade-no-stf-noticias\/"},"modified":"2025-10-22T21:23:48","modified_gmt":"2025-10-23T00:23:48","slug":"camara-rejeita-recurso-e-confirma-envio-ao-senado-de-projeto-sobre-controle-de-constitucionalidade-no-stf-noticias","status":"publish","type":"post","link":"https:\/\/radiosantaclara.sitetopfm.com.br\/site\/camara-rejeita-recurso-e-confirma-envio-ao-senado-de-projeto-sobre-controle-de-constitucionalidade-no-stf-noticias\/","title":{"rendered":"C\u00e2mara rejeita recurso e confirma envio ao Senado de projeto sobre controle de constitucionalidade no STF &#8211; Not\u00edcias"},"content":{"rendered":"<p> <br \/>\n<\/p>\n<div>\n<p class=\"g-artigo__data-hora\">\n                      22\/10\/2025 &#8211; 19:17 \u00a0<br \/>\n                        <span>\u2022 \u00a0 Atualizado em 22\/10\/2025 &#8211; 20:38<\/span>\n                    <\/p>\n<div id=\"image-container-1215003\" class=\"image-container\" style=\"float: none; margin: 45px 0px; width: 100%;\" data-midia=\"1215003\">\n<p><em>Kayo Magalh\u00e3es\/C\u00e2mara dos Deputados<\/em><\/p>\n<p>Alex Manente, relator do projeto<\/p>\n<\/p><\/div>\n<p>A C\u00e2mara dos Deputados rejeitou recurso do Novo contra a vota\u00e7\u00e3o <span id=\"4322\" class=\"termoGlossario\" title=\"Rito de tramita\u00e7\u00e3o pelo qual o projeto \u00e9 votado apenas pelas comiss\u00f5es designadas para analis\u00e1-lo, dispensada a delibera\u00e7\u00e3o do Plen\u00e1rio. O projeto perde o car\u00e1ter conclusivo se houver decis\u00e3o divergente entre as comiss\u00f5es ou se, independentemente de ser aprovado ou rejeitado, houver recurso assinado por 52 deputados para a aprecia\u00e7\u00e3o da mat\u00e9ria no Plen\u00e1rio.\" contenteditable=\"false\" data-toggle=\"tooltip\" data-placement=\"top\">conclusiva<\/span> do <a href=\"https:\/\/www.camara.leg.br\/noticias\/1206234-COMISSAO-APROVA-REGULAMENTACAO-DE-JULGAMENTO-DE-CONTROLE-DE-CONSTITUCIONALIDADE-NO-STF\">Projeto de Lei 3640\/23<\/a> na Comiss\u00e3o de Constitui\u00e7\u00e3o e Justi\u00e7a e de Cidadania (CCJ). Com isso, o projeto ser\u00e1 enviado ao Senado. Foram <a href=\"https:\/\/www.camara.leg.br\/presenca-comissoes\/votacao-portal?reuniao=79950&amp;itemVotacao=13226\">344 votos contra o recurso e 95 a favor<\/a>.<\/p>\n<p>No dia 30 de setembro \u00faltimo, a comiss\u00e3o aprovou esse projeto, do deputado Marcos Pereira (Republicanos-SP), que regulamenta o regime jur\u00eddico das a\u00e7\u00f5es de controle concentrado no Supremo Tribunal Federal (STF).<\/p>\n<p>O texto aprovado \u00e9 a vers\u00e3o do relator, deputado Alex Manente (Cidadania-SP), segundo o qual o julgamento de a\u00e7\u00f5es de constitucionalidade ou de descumprimento de preceito fundamental, por exemplo, devem ocorrer em at\u00e9 12 meses ap\u00f3s a distribui\u00e7\u00e3o, com possibilidade de prorroga\u00e7\u00e3o justificada.<\/p>\n<p>O texto refor\u00e7a a exig\u00eancia de qu\u00f3rum qualificado (2\/3 dos ministros) para a modula\u00e7\u00e3o dos efeitos das decis\u00f5es do STF, diferentemente da proposta original, que previa apenas maioria simples.<\/p>\n<p>Outra mudan\u00e7a determina que os ministros do STF dever\u00e3o justificar as decis\u00f5es monocr\u00e1ticas (aquelas proferidas por um \u00fanico integrante da Corte), submetendo o parecer \u00e0 an\u00e1lise do plen\u00e1rio j\u00e1 na sess\u00e3o seguinte. Caso contr\u00e1rio, a decis\u00e3o monocr\u00e1tica se tornar\u00e1 nula.<\/p>\n<p>A proposta tamb\u00e9m define prazos para manifesta\u00e7\u00f5es da Advocacia-Geral da Uni\u00e3o e da Procuradoria-Geral da Rep\u00fablica, al\u00e9m de crit\u00e9rios para audi\u00eancias p\u00fablicas e admiss\u00e3o de <em>amici curiae<\/em> (outros interessados em um determinado processo).<\/p>\n<p>Alex Manente afirmou que o projeto \u00e9 importante para a modera\u00e7\u00e3o dos poderes no Brasil. &#8220;As atua\u00e7\u00f5es de maneira monocr\u00e1tica, em uma \u00fanica canetada, estar\u00e3o limitadas e regulamentadas&#8221;, disse.<\/p>\n<p>Ele tamb\u00e9m explicou que partidos, sindicatos, associa\u00e7\u00f5es e entidades que n\u00e3o t\u00eam car\u00e1ter nacional n\u00e3o conseguir\u00e3o mais acionar o STF. &#8220;O projeto vai corrigir distor\u00e7\u00f5es e regulamentar ritos e procedimentos no STF&#8221;, declarou Manente.<\/p>\n<p><strong>Cl\u00e1usula de desempenho<\/strong><br \/>Segundo o texto, somente os partidos que tenham obtido cl\u00e1usula de desempenho poder\u00e3o entrar no Supremo com essas a\u00e7\u00f5es sobre a constitucionalidade de normas legais.<\/p>\n<p>A Emenda Constitucional 97, de 2017, determina que, a partir da <span id=\"4093\" class=\"termoGlossario\" title=\"Espa\u00e7o de tempo durante o qual os legisladores exercem seu poder. No Brasil, a dura\u00e7\u00e3o da legislatura \u00e9 de quatro anos. \" contenteditable=\"false\" data-toggle=\"tooltip\" data-placement=\"top\">legislatura<\/span> de 2027, apenas ter\u00e3o atingido a cl\u00e1usula os partidos que tenham obtido, nas elei\u00e7\u00f5es imediatamente anteriores, um m\u00ednimo de 13 deputados federais distribu\u00eddos em, ao menos, 1\/3 das unidades da Federa\u00e7\u00e3o.<\/p>\n<p>Tamb\u00e9m alcan\u00e7ar\u00e3o a cl\u00e1usula aqueles que tenham obtido um m\u00ednimo de 2,5% dos votos v\u00e1lidos, distribu\u00eddos em pelo menos 1\/3 das unidades da Federa\u00e7\u00e3o, com um m\u00ednimo de 1,5% dos votos v\u00e1lidos em cada uma delas.<\/p>\n<p>O texto original do PL 3640\/23 foi baseado em anteprojeto de uma comiss\u00e3o de juristas presidida pelo ministro Gilmar Mendes, do STF. No entanto, esse limite de cl\u00e1usula de desempenho n\u00e3o constava do projeto original.<\/p>\n<p>A lista de autoridades e entidades que podem entrar com a\u00e7\u00e3o direta de inconstitucionalidade (<span id=\"4174\" class=\"termoGlossario\" title=\"Instrumento judicial para declarar a inconstitucionalidade de lei e ato normativo federal ou estadual. Se julgada improcedente, \u00e9 declarada a constitucionalidade da norma ou do ato. Pode ser proposta pelo Presidente da Rep\u00fablica, pelas mesas do Senado, da C\u00e2mara e das assembleias legislativas, pelos governadores, pelo Procurador-Geral da Rep\u00fablica, pelo Conselho Federal da OAB, pelos partidos pol\u00edticos com representa\u00e7\u00e3o no Congresso Nacional, pelas confedera\u00e7\u00f5es sindicais e pelas entidades de classe de \u00e2mbito nacional.\" contenteditable=\"false\" data-toggle=\"tooltip\" data-placement=\"top\">ADI<\/span>) ou com a\u00e7\u00e3o declarat\u00f3ria de constitucionalidade (<span id=\"4246\" class=\"termoGlossario\" title=\"Instrumento judicial impetrado no STF que tem por objetivo declarar a conformidade de lei ou ato normativo federal com a Constitui\u00e7\u00e3o. As decis\u00f5es definitivas de m\u00e9rito acerca da ADC vinculam os \u00f3rg\u00e3os do Judici\u00e1rio e do Executivo. Pode ser proposta pelo Presidente da Rep\u00fablica, pelas Mesas do Senado e da C\u00e2mara e pelo Procurador-Geral da Rep\u00fablica.\" contenteditable=\"false\" data-toggle=\"tooltip\" data-placement=\"top\">ADC<\/span>) tamb\u00e9m consta da Constitui\u00e7\u00e3o Federal, que n\u00e3o faz limita\u00e7\u00f5es ao tamanho da bancada partid\u00e1ria.<\/p>\n<p><strong>Favor\u00e1veis<\/strong><br \/>Durante o debate sobre o recurso, o l\u00edder do PT, deputado Lindbergh Farias (RJ), afirmou que o projeto trar\u00e1 mais for\u00e7a ao STF. &#8220;O projeto tem o seu m\u00e9rito ao fortalecer o Supremo&#8221;, disse.<\/p>\n<p>Para o l\u00edder do MDB, deputado Isnaldo Bulh\u00f5es Jr. (AL), o projeto traz equil\u00edbrio ao Judici\u00e1rio.<\/p>\n<p>A deputada Bia Kicis (PL-DF), vice-l\u00edder da <span id=\"4279\" class=\"termoGlossario\" title=\"Bancada partid\u00e1ria cujo n\u00famero de integrantes seja imediatamente inferior \u00e0 maioria e que expresse posi\u00e7\u00e3o diferente desta em rela\u00e7\u00e3o ao governo.\" contenteditable=\"false\" data-toggle=\"tooltip\" data-placement=\"top\">Minoria<\/span>, destacou que o relator acatou todas as altera\u00e7\u00f5es pedidas pelo PL e, por isso, o partido \u00e9 a favor do texto. &#8220;O projeto tem muita coisa positiva, restringe muito mais o poder individual dos ministros do Supremo\u201d, declarou.<\/p>\n<p>O deputado Cabo Gilberto Silva (PL-PB), vice-l\u00edder da oposi\u00e7\u00e3o, afirmou que a Suprema Corte tem sido utilizada para &#8220;esmagar&#8221; o Congresso.<\/p>\n<p><strong>Cr\u00edticos<\/strong><br \/>Deputados de partidos com menos parlamentares criticaram o texto por limitar as possibilidades de acionar o STF. &#8220;\u00c9 mais uma possibilidade de restringir o poder de partidos menores&#8221;, disse o deputado Gilson Marques (Novo-SC), cujo partido tem 5 deputados atualmente na C\u00e2mara.<\/p>\n<p>O l\u00edder do PCdoB, deputado Renildo Calheiros (PE), afirmou que o texto cria categoria diferente de partidos pol\u00edticos. &#8220;A Constitui\u00e7\u00e3o assegurou uma s\u00e9rie de prerrogativas aos partidos. O que os grandes est\u00e3o fazendo \u00e9 assegurar a prerrogativa s\u00f3 para eles&#8221;, criticou. O PCdoB tem, atualmente, 9 deputados.<\/p>\n<p>Para a deputada Fernanda Melchionna (Psol-RS), o texto \u00e9 uma vingan\u00e7a de parlamentares contr\u00e1rios a a\u00e7\u00f5es do Psol no STF, como questionamento sobre o chamado &#8220;or\u00e7amento secreto&#8221;. &#8220;Tem uma maioria que quer inviabilizar partidos combativos como o nosso de atuar no Supremo Tribunal Federal&#8221;, afirmou. O Psol conta com 14 deputados em exerc\u00edcio.<\/p>\n<p><a href=\"https:\/\/www.camara.leg.br\/noticias\/573454-SAIBA-MAIS-SOBRE-A-TRAMITACAO-DE-PROJETOS-DE-LEI\">Saiba mais sobre a tramita\u00e7\u00e3o de projetos de lei<\/a><\/p>\n<p style=\"font-size: 0.8rem; font-weight: 700;\">Reportagem \u2013 Eduardo Piovesan e Tiago Miranda<br \/>Edi\u00e7\u00e3o \u2013 Pierre Triboli<\/p>\n<\/p><\/div>\n<p><br \/>\n<br \/><a href=\"https:\/\/www.camara.leg.br\/noticias\/1214959-camara-rejeita-recurso-e-confirma-envio-ao-senado-de-projeto-sobre-controle-de-constitucionalidade-no-stf\/\">postagem original <\/a><\/p>\n","protected":false},"excerpt":{"rendered":"<p>22\/10\/2025 &#8211; 19:17 \u00a0 \u2022 \u00a0 Atualizado em 22\/10\/2025 &#8211; 20:38 Kayo Magalh\u00e3es\/C\u00e2mara dos Deputados Alex Manente, relator do projeto [&hellip;]<\/p>\n","protected":false},"author":1,"featured_media":4274,"comment_status":"open","ping_status":"open","sticky":false,"template":"","format":"standard","meta":{"site-sidebar-layout":"default","site-content-layout":"","ast-site-content-layout":"default","site-content-style":"default","site-sidebar-style":"default","ast-global-header-display":"","ast-banner-title-visibility":"","ast-main-header-display":"","ast-hfb-above-header-display":"","ast-hfb-below-header-display":"","ast-hfb-mobile-header-display":"","site-post-title":"","ast-breadcrumbs-content":"","ast-featured-img":"","footer-sml-layout":"","theme-transparent-header-meta":"","adv-header-id-meta":"","stick-header-meta":"","header-above-stick-meta":"","header-main-stick-meta":"","header-below-stick-meta":"","astra-migrate-meta-layouts":"default","ast-page-background-enabled":"default","ast-page-background-meta":{"desktop":{"background-color":"var(--ast-global-color-5)","background-image":"","background-repeat":"repeat","background-position":"center center","background-size":"auto","background-attachment":"scroll","background-type":"","background-media":"","overlay-type":"","overlay-color":"","overlay-opacity":"","overlay-gradient":""},"tablet":{"background-color":"","background-image":"","background-repeat":"repeat","background-position":"center center","background-size":"auto","background-attachment":"scroll","background-type":"","background-media":"","overlay-type":"","overlay-color":"","overlay-opacity":"","overlay-gradient":""},"mobile":{"background-color":"","background-image":"","background-repeat":"repeat","background-position":"center center","background-size":"auto","background-attachment":"scroll","background-type":"","background-media":"","overlay-type":"","overlay-color":"","overlay-opacity":"","overlay-gradient":""}},"ast-content-background-meta":{"desktop":{"background-color":"var(--ast-global-color-4)","background-image":"","background-repeat":"repeat","background-position":"center center","background-size":"auto","background-attachment":"scroll","background-type":"","background-media":"","overlay-type":"","overlay-color":"","overlay-opacity":"","overlay-gradient":""},"tablet":{"background-color":"var(--ast-global-color-4)","background-image":"","background-repeat":"repeat","background-position":"center center","background-size":"auto","background-attachment":"scroll","background-type":"","background-media":"","overlay-type":"","overlay-color":"","overlay-opacity":"","overlay-gradient":""},"mobile":{"background-color":"var(--ast-global-color-4)","background-image":"","background-repeat":"repeat","background-position":"center center","background-size":"auto","background-attachment":"scroll","background-type":"","background-media":"","overlay-type":"","overlay-color":"","overlay-opacity":"","overlay-gradient":""}},"_joinchat":[],"footnotes":""},"categories":[27],"tags":[],"_links":{"self":[{"href":"https:\/\/radiosantaclara.sitetopfm.com.br\/site\/wp-json\/wp\/v2\/posts\/4273"}],"collection":[{"href":"https:\/\/radiosantaclara.sitetopfm.com.br\/site\/wp-json\/wp\/v2\/posts"}],"about":[{"href":"https:\/\/radiosantaclara.sitetopfm.com.br\/site\/wp-json\/wp\/v2\/types\/post"}],"author":[{"embeddable":true,"href":"https:\/\/radiosantaclara.sitetopfm.com.br\/site\/wp-json\/wp\/v2\/users\/1"}],"replies":[{"embeddable":true,"href":"https:\/\/radiosantaclara.sitetopfm.com.br\/site\/wp-json\/wp\/v2\/comments?post=4273"}],"version-history":[{"count":0,"href":"https:\/\/radiosantaclara.sitetopfm.com.br\/site\/wp-json\/wp\/v2\/posts\/4273\/revisions"}],"wp:featuredmedia":[{"embeddable":true,"href":"https:\/\/radiosantaclara.sitetopfm.com.br\/site\/wp-json\/wp\/v2\/media\/4274"}],"wp:attachment":[{"href":"https:\/\/radiosantaclara.sitetopfm.com.br\/site\/wp-json\/wp\/v2\/media?parent=4273"}],"wp:term":[{"taxonomy":"category","embeddable":true,"href":"https:\/\/radiosantaclara.sitetopfm.com.br\/site\/wp-json\/wp\/v2\/categories?post=4273"},{"taxonomy":"post_tag","embeddable":true,"href":"https:\/\/radiosantaclara.sitetopfm.com.br\/site\/wp-json\/wp\/v2\/tags?post=4273"}],"curies":[{"name":"wp","href":"https:\/\/api.w.org\/{rel}","templated":true}]}}