{"id":4255,"date":"2025-10-22T18:26:13","date_gmt":"2025-10-22T21:26:13","guid":{"rendered":"https:\/\/radiosantaclara.sitetopfm.com.br\/site\/especialistas-pedem-marco-legal-permanente-para-politica-industrial-no-brasil-noticias\/"},"modified":"2025-10-22T18:26:13","modified_gmt":"2025-10-22T21:26:13","slug":"especialistas-pedem-marco-legal-permanente-para-politica-industrial-no-brasil-noticias","status":"publish","type":"post","link":"https:\/\/radiosantaclara.sitetopfm.com.br\/site\/especialistas-pedem-marco-legal-permanente-para-politica-industrial-no-brasil-noticias\/","title":{"rendered":"Especialistas pedem marco legal permanente para pol\u00edtica industrial no Brasil &#8211; Not\u00edcias"},"content":{"rendered":"<p> <br \/>\n<\/p>\n<div>\n<p class=\"g-artigo__data-hora\">\n                      22\/10\/2025 &#8211; 16:29 \u00a0\n                    <\/p>\n<div id=\"image-container-1214853\" class=\"image-container\" style=\"float: none; margin: 45px 0px; width: 100%;\" data-midia=\"1214853\">\n<p><em>Kayo Magalh\u00e3es \/ C\u00e2mara dos Deputados<\/em><\/p>\n<p>Especialistas foram ouvidos pela Comiss\u00e3o de Ci\u00eancia e Tecnologia da C\u00e2mara<\/p>\n<\/p><\/div>\n<p>Participantes de audi\u00eancia p\u00fablica da Comiss\u00e3o de Ci\u00eancia, Tecnologia e Inova\u00e7\u00e3o da C\u00e2mara dos Deputados defenderam a aprova\u00e7\u00e3o do <a class=\"linkProposicao\" href=\"https:\/\/www.camara.leg.br\/noticias\/1017457-projeto-cria-marco-normativo-para-o-governo-elaborar-a-politica-industrial-tecnologica-e-de-comercio-exterior-brasileira\">Projeto de Lei 4133\/23<\/a>, que cria um marco legal para a pol\u00edtica industrial.<\/p>\n<p>Atualmente, o pa\u00eds tem a pol\u00edtica Nova Ind\u00fastria Brasil (NIB), lan\u00e7ada em 2024. Os debatedores afirmam que \u00e9 necess\u00e1rio um modelo permanente, que resista aos ciclos eleitorais.<\/p>\n<p>Segundo Ricardo Capelli, presidente da Ag\u00eancia Brasileira de Desenvolvimento Industrial (ABDI), v\u00e1rios pa\u00edses voltaram a investir em pol\u00edticas industriais. Ele citou os Estados Unidos como exemplo, que aumentaram os gastos para fortalecer a produ\u00e7\u00e3o interna.<\/p>\n<p>\u201cAs tens\u00f5es geopol\u00edticas atuais est\u00e3o ligadas \u00e0 disputa pela reindustrializa\u00e7\u00e3o e pela lideran\u00e7a na fronteira do conhecimento\u201d, afirmou Capelli.<\/p>\n<p>Fabr\u00edcio Silveira, da Confedera\u00e7\u00e3o Nacional da Ind\u00fastria (CNI), informou que, entre 2017 e 2023, as 12 maiores economias do mundo adotaram cerca de 12 mil medidas de pol\u00edtica industrial.<\/p>\n<p>Entre os motivos est\u00e3o a emerg\u00eancia clim\u00e1tica, a digitaliza\u00e7\u00e3o da economia e a desorganiza\u00e7\u00e3o das cadeias produtivas.<\/p>\n<p>Luiz Felipe Giesteira, do Minist\u00e9rio do Desenvolvimento, Ind\u00fastria, Com\u00e9rcio e Servi\u00e7os (MDIC), defendeu pol\u00edticas permanentes para a ind\u00fastria, semelhantes \u00e0s do agroneg\u00f3cio.<\/p>\n<p>Ele destacou a valoriza\u00e7\u00e3o do mercado interno como outro ponto importante do projeto. \u201cAs regras atuais das compras p\u00fablicas limitam a atua\u00e7\u00e3o dos gestores, mesmo quando h\u00e1 interesse em adquirir produtos nacionais e inovadores\u201d, disse Giesteira.<\/p>\n<div id=\"image-container-1214854\" class=\"image-container\" style=\"float: none; margin: 45px 0px; width: 100%;\" data-midia=\"1214854\">\n<p><em>Kayo Magalh\u00e3es \/ C\u00e2mara dos Deputados<\/em><\/p>\n<p>Rodrigo Rollemberg \u00e9 o relator da proposta<\/p>\n<\/p><\/div>\n<p><strong>Investimentos<\/strong><br \/>Fernando Pimentel, da Coaliz\u00e3o Industrial, afirmou que o Brasil investe cerca de 17% do Produto Interno Bruto (<span id=\"4128\" class=\"termoGlossario\" title=\"Indicador que mede a produ\u00e7\u00e3o total de bens e servi\u00e7os finais de um pa\u00eds, levando em conta tr\u00eas grupos principais: (1) agropecu\u00e1ria, abrangendo agricultura extrativa vegetal e pecu\u00e1ria; (2) ind\u00fastria, que engloba as \u00e1reas de extra\u00e7\u00e3o mineral, de transforma\u00e7\u00e3o, de servi\u00e7os industriais de utilidade p\u00fablica e de constru\u00e7\u00e3o civil; e (3) servi\u00e7os, que incluem com\u00e9rcio, transporte, comunica\u00e7\u00e3o, servi\u00e7os da administra\u00e7\u00e3o p\u00fablica e outros. A partir de uma compara\u00e7\u00e3o entre a produ\u00e7\u00e3o de um ano e do anterior, encontra-se a varia\u00e7\u00e3o anual do PIB.\" contenteditable=\"false\" data-toggle=\"tooltip\" data-placement=\"top\">PIB<\/span>) por ano, mas deveria investir 25%. Ele sugeriu que o projeto crie um conselho consultivo com participa\u00e7\u00e3o do setor produtivo, estabele\u00e7a metas de produtividade de 4% ao ano e garanta medidas de defesa comercial mais rigorosas.<\/p>\n<p>A pol\u00edtica industrial atual, a NIB, prev\u00ea investimentos de R$ 300 bilh\u00f5es at\u00e9 2026, em financiamentos, recursos n\u00e3o reembols\u00e1veis e participa\u00e7\u00f5es acion\u00e1rias. A maior parte ser\u00e1 gerida pelo <span id=\"4309\" class=\"termoGlossario\" title=\"Banco federal que disponibiliza linhas de financiamento de longo prazo para empresas, com taxas de juros especiais. \u00c9 o principal agente financiador, entre os bancos, de projetos de infraestrutura.\" contenteditable=\"false\" data-toggle=\"tooltip\" data-placement=\"top\">BNDES<\/span>.<\/p>\n<p>Pelo projeto, cada presidente da Rep\u00fablica dever\u00e1 elaborar sua pol\u00edtica industrial no primeiro ano de mandato, com vig\u00eancia at\u00e9 o primeiro ano do mandato seguinte.<\/p>\n<p>O relator do projeto, deputado Rodrigo Rollemberg (PSB-DF), destacou a import\u00e2ncia da inova\u00e7\u00e3o industrial em parceria com universidades. \u201cPrecisamos acelerar, facilitar e simplificar os processos previstos na Lei de Inova\u00e7\u00e3o e na Lei do Bem, que tratam da intera\u00e7\u00e3o entre universidades e empresas\u201d, afirmou.<\/p>\n<p style=\"font-size: 0.8rem; font-weight: 700;\">Reportagem &#8211; Silvia Mugnatto<br \/>Edi\u00e7\u00e3o &#8211; Ge\u00f3rgia Moraes<\/p>\n<\/p><\/div>\n<p><br \/>\n<br \/><a href=\"https:\/\/www.camara.leg.br\/noticias\/1214836-especialistas-pedem-marco-legal-permanente-para-politica-industrial-no-brasil\/\">postagem original <\/a><\/p>\n","protected":false},"excerpt":{"rendered":"<p>22\/10\/2025 &#8211; 16:29 \u00a0 Kayo Magalh\u00e3es \/ C\u00e2mara dos Deputados Especialistas foram ouvidos pela Comiss\u00e3o de Ci\u00eancia e Tecnologia da [&hellip;]<\/p>\n","protected":false},"author":1,"featured_media":4256,"comment_status":"open","ping_status":"open","sticky":false,"template":"","format":"standard","meta":{"site-sidebar-layout":"default","site-content-layout":"","ast-site-content-layout":"default","site-content-style":"default","site-sidebar-style":"default","ast-global-header-display":"","ast-banner-title-visibility":"","ast-main-header-display":"","ast-hfb-above-header-display":"","ast-hfb-below-header-display":"","ast-hfb-mobile-header-display":"","site-post-title":"","ast-breadcrumbs-content":"","ast-featured-img":"","footer-sml-layout":"","theme-transparent-header-meta":"","adv-header-id-meta":"","stick-header-meta":"","header-above-stick-meta":"","header-main-stick-meta":"","header-below-stick-meta":"","astra-migrate-meta-layouts":"default","ast-page-background-enabled":"default","ast-page-background-meta":{"desktop":{"background-color":"var(--ast-global-color-5)","background-image":"","background-repeat":"repeat","background-position":"center center","background-size":"auto","background-attachment":"scroll","background-type":"","background-media":"","overlay-type":"","overlay-color":"","overlay-opacity":"","overlay-gradient":""},"tablet":{"background-color":"","background-image":"","background-repeat":"repeat","background-position":"center center","background-size":"auto","background-attachment":"scroll","background-type":"","background-media":"","overlay-type":"","overlay-color":"","overlay-opacity":"","overlay-gradient":""},"mobile":{"background-color":"","background-image":"","background-repeat":"repeat","background-position":"center center","background-size":"auto","background-attachment":"scroll","background-type":"","background-media":"","overlay-type":"","overlay-color":"","overlay-opacity":"","overlay-gradient":""}},"ast-content-background-meta":{"desktop":{"background-color":"var(--ast-global-color-4)","background-image":"","background-repeat":"repeat","background-position":"center center","background-size":"auto","background-attachment":"scroll","background-type":"","background-media":"","overlay-type":"","overlay-color":"","overlay-opacity":"","overlay-gradient":""},"tablet":{"background-color":"var(--ast-global-color-4)","background-image":"","background-repeat":"repeat","background-position":"center center","background-size":"auto","background-attachment":"scroll","background-type":"","background-media":"","overlay-type":"","overlay-color":"","overlay-opacity":"","overlay-gradient":""},"mobile":{"background-color":"var(--ast-global-color-4)","background-image":"","background-repeat":"repeat","background-position":"center center","background-size":"auto","background-attachment":"scroll","background-type":"","background-media":"","overlay-type":"","overlay-color":"","overlay-opacity":"","overlay-gradient":""}},"_joinchat":[],"footnotes":""},"categories":[34],"tags":[],"_links":{"self":[{"href":"https:\/\/radiosantaclara.sitetopfm.com.br\/site\/wp-json\/wp\/v2\/posts\/4255"}],"collection":[{"href":"https:\/\/radiosantaclara.sitetopfm.com.br\/site\/wp-json\/wp\/v2\/posts"}],"about":[{"href":"https:\/\/radiosantaclara.sitetopfm.com.br\/site\/wp-json\/wp\/v2\/types\/post"}],"author":[{"embeddable":true,"href":"https:\/\/radiosantaclara.sitetopfm.com.br\/site\/wp-json\/wp\/v2\/users\/1"}],"replies":[{"embeddable":true,"href":"https:\/\/radiosantaclara.sitetopfm.com.br\/site\/wp-json\/wp\/v2\/comments?post=4255"}],"version-history":[{"count":0,"href":"https:\/\/radiosantaclara.sitetopfm.com.br\/site\/wp-json\/wp\/v2\/posts\/4255\/revisions"}],"wp:featuredmedia":[{"embeddable":true,"href":"https:\/\/radiosantaclara.sitetopfm.com.br\/site\/wp-json\/wp\/v2\/media\/4256"}],"wp:attachment":[{"href":"https:\/\/radiosantaclara.sitetopfm.com.br\/site\/wp-json\/wp\/v2\/media?parent=4255"}],"wp:term":[{"taxonomy":"category","embeddable":true,"href":"https:\/\/radiosantaclara.sitetopfm.com.br\/site\/wp-json\/wp\/v2\/categories?post=4255"},{"taxonomy":"post_tag","embeddable":true,"href":"https:\/\/radiosantaclara.sitetopfm.com.br\/site\/wp-json\/wp\/v2\/tags?post=4255"}],"curies":[{"name":"wp","href":"https:\/\/api.w.org\/{rel}","templated":true}]}}