{"id":4229,"date":"2025-10-22T08:20:12","date_gmt":"2025-10-22T11:20:12","guid":{"rendered":"https:\/\/radiosantaclara.sitetopfm.com.br\/site\/camara-aprova-urgencia-para-projeto-que-proibe-cobranca-de-bagagem-de-mao-em-voos-noticias\/"},"modified":"2025-10-22T08:20:12","modified_gmt":"2025-10-22T11:20:12","slug":"camara-aprova-urgencia-para-projeto-que-proibe-cobranca-de-bagagem-de-mao-em-voos-noticias","status":"publish","type":"post","link":"https:\/\/radiosantaclara.sitetopfm.com.br\/site\/camara-aprova-urgencia-para-projeto-que-proibe-cobranca-de-bagagem-de-mao-em-voos-noticias\/","title":{"rendered":"C\u00e2mara aprova urg\u00eancia para projeto que pro\u00edbe cobran\u00e7a de bagagem de m\u00e3o em voos &#8211; Not\u00edcias"},"content":{"rendered":"<p> <br \/>\n<\/p>\n<div>\n<div>\n<p class=\"g-artigo__data-hora\">\n                      21\/10\/2025 &#8211; 17:55 \u00a0\n                    <\/p>\n<div id=\"image-container-1214306\" class=\"image-container\" style=\"float: none; margin: 45px 0px; width: 100%;\" data-midia=\"1214306\">\n<p><em>Kayo Magalh\u00e3es\/C\u00e2mara dos Deputados<\/em><\/p>\n<p>Hugo Motta: &#8220;Querer cobrar pela bagagem de m\u00e3o \u00e9 algo que esta Casa n\u00e3o ir\u00e1 concordar&#8221;<\/p>\n<\/p><\/div>\n<p>A C\u00e2mara dos Deputados aprovou nesta ter\u00e7a-feira (21) o regime de <span id=\"4227\" class=\"termoGlossario\" title=\"Regime de tramita\u00e7\u00e3o que dispensa exig\u00eancias, interst\u00edcios e formalidades regimentais (salvo a publica\u00e7\u00e3o, o qu\u00f3rum e os pareceres) para que uma proposi\u00e7\u00e3o seja apreciada pela C\u00e2mara de forma mais c\u00e9lere. Pode-se dizer que as proposi\u00e7\u00f5es s\u00e3o urgentes em raz\u00e3o da natureza da mat\u00e9ria; em raz\u00e3o de serem de iniciativa do Poder Executivo, com solicita\u00e7\u00e3o de urg\u00eancia do presidente da Rep\u00fablica; ou em virtude de terem sido reconhecidas, por delibera\u00e7\u00e3o do Plen\u00e1rio, com esse car\u00e1ter. Alguns projetos j\u00e1 tramitam automaticamente em regime de urg\u00eancia, como os que tratam de acordos internacionais.\" contenteditable=\"false\" data-toggle=\"tooltip\" data-placement=\"top\">urg\u00eancia<\/span> para o Projeto de Lei 5041\/25, do deputado Da Vitoria (PP-ES), que pro\u00edbe a cobran\u00e7a de bagagem de m\u00e3o em voos comerciais.<\/p>\n<p>Os projetos com urg\u00eancia podem ser votados diretamente no Plen\u00e1rio, sem passar antes pelas comiss\u00f5es da C\u00e2mara.<\/p>\n<p>O presidente da C\u00e2mara, Hugo Motta (Republicanos-PB), disse que \u00e9 preciso evitar o &#8220;abuso&#8221; das companhias a\u00e9reas por cobrar pela bagagem de m\u00e3o. &#8220;Querer cobrar tamb\u00e9m pela bagagem de m\u00e3o \u00e9 algo que esta Casa n\u00e3o ir\u00e1 concordar, e esse projeto garante que cada passageiro tem o direito de levar sua bagagem de m\u00e3o&#8221;, disse.<\/p>\n<p>Motta lembrou que h\u00e1 veto pendente de vota\u00e7\u00e3o no Congresso desde 2022 sobre cobran\u00e7a de bagagens (Veto 30\/22). Naquele ano, os parlamentares aprovaram emenda \u00e0 Medida Provis\u00f3ria 1089\/21 proibindo as companhias a\u00e9reas de cobrar qualquer tipo de taxa por bagagem de at\u00e9 23 kg em voos nacionais e at\u00e9 30 kg em voos internacionais. Esse dispositivo acabou vetado pelo ent\u00e3o presidente Bolsonaro.<\/p>\n<p>Desde 2017, as companhias a\u00e9reas s\u00e3o autorizadas a cobrar pelas malas despachadas. Na \u00e9poca, as empresas alegavam que a cobran\u00e7a permitiria baratear as passagens, o que n\u00e3o ocorreu. &#8220;O que vimos acontecer foi o contr\u00e1rio, as passagens est\u00e3o a cada dia mais caras, e o passageiro paga tamb\u00e9m para despachar&#8221;, declarou Motta.<\/p>\n<p><strong>Outras urg\u00eancias<\/strong><br \/>A C\u00e2mara tamb\u00e9m aprovou urg\u00eancia para outras duas propostas:<\/p>\n<ul>\n<li><a class=\"linkProposicao\" href=\"https:\/\/www.camara.leg.br\/noticias\/552344-proposta-proibe-restricoes-a-animais-de-estimacao-em-condominios\">PL 61\/19<\/a>, do deputado Fred Costa (PRD-MG), que pro\u00edbe condom\u00ednios residenciais de criar regras restritivas \u00e0 perman\u00eancia de animais de estima\u00e7\u00e3o em suas unidades aut\u00f4nomas (casas e apartamentos) e em \u00e1reas comuns;<\/li>\n<li><a class=\"linkProposicao\" href=\"https:\/\/www.camara.leg.br\/noticias\/1145074-camara-analisara-novas-regras-de-processo-administrativo-tributario-e-solucao-consensual-de-conflitos\">PLP 124\/22<\/a>, do Senado, que altera as regras de atua\u00e7\u00e3o do Fisco (Receita Federal e secretarias da Fazenda de estados e munic\u00edpios) para prevenir e solucionar conflitos tribut\u00e1rios e aduaneiros.<\/li>\n<\/ul>\n<p><a href=\"https:\/\/www.camara.leg.br\/noticias\/573454-SAIBA-MAIS-SOBRE-A-TRAMITACAO-DE-PROJETOS-DE-LEI\">Saiba mais sobre a tramita\u00e7\u00e3o de projetos de lei<\/a><\/p>\n<p style=\"font-size: 0.8rem; font-weight: 700;\">Reportagem \u2013 Tiago Miranda<br \/>Edi\u00e7\u00e3o \u2013 Pierre Triboli<\/p>\n<\/p><\/div>\n<\/p><\/div>\n<p><br \/>\n<br \/><a href=\"https:\/\/www.camara.leg.br\/noticias\/1214228-camara-aprova-urgencia-para-projeto-que-proibe-cobranca-de-bagagem-de-mao-em-voos\/\">postagem original <\/a><\/p>\n","protected":false},"excerpt":{"rendered":"<p>21\/10\/2025 &#8211; 17:55 \u00a0 Kayo Magalh\u00e3es\/C\u00e2mara dos Deputados Hugo Motta: &#8220;Querer cobrar pela bagagem de m\u00e3o \u00e9 algo que esta [&hellip;]<\/p>\n","protected":false},"author":1,"featured_media":4230,"comment_status":"open","ping_status":"open","sticky":false,"template":"","format":"standard","meta":{"site-sidebar-layout":"default","site-content-layout":"","ast-site-content-layout":"default","site-content-style":"default","site-sidebar-style":"default","ast-global-header-display":"","ast-banner-title-visibility":"","ast-main-header-display":"","ast-hfb-above-header-display":"","ast-hfb-below-header-display":"","ast-hfb-mobile-header-display":"","site-post-title":"","ast-breadcrumbs-content":"","ast-featured-img":"","footer-sml-layout":"","theme-transparent-header-meta":"","adv-header-id-meta":"","stick-header-meta":"","header-above-stick-meta":"","header-main-stick-meta":"","header-below-stick-meta":"","astra-migrate-meta-layouts":"default","ast-page-background-enabled":"default","ast-page-background-meta":{"desktop":{"background-color":"var(--ast-global-color-5)","background-image":"","background-repeat":"repeat","background-position":"center center","background-size":"auto","background-attachment":"scroll","background-type":"","background-media":"","overlay-type":"","overlay-color":"","overlay-opacity":"","overlay-gradient":""},"tablet":{"background-color":"","background-image":"","background-repeat":"repeat","background-position":"center center","background-size":"auto","background-attachment":"scroll","background-type":"","background-media":"","overlay-type":"","overlay-color":"","overlay-opacity":"","overlay-gradient":""},"mobile":{"background-color":"","background-image":"","background-repeat":"repeat","background-position":"center center","background-size":"auto","background-attachment":"scroll","background-type":"","background-media":"","overlay-type":"","overlay-color":"","overlay-opacity":"","overlay-gradient":""}},"ast-content-background-meta":{"desktop":{"background-color":"var(--ast-global-color-4)","background-image":"","background-repeat":"repeat","background-position":"center center","background-size":"auto","background-attachment":"scroll","background-type":"","background-media":"","overlay-type":"","overlay-color":"","overlay-opacity":"","overlay-gradient":""},"tablet":{"background-color":"var(--ast-global-color-4)","background-image":"","background-repeat":"repeat","background-position":"center center","background-size":"auto","background-attachment":"scroll","background-type":"","background-media":"","overlay-type":"","overlay-color":"","overlay-opacity":"","overlay-gradient":""},"mobile":{"background-color":"var(--ast-global-color-4)","background-image":"","background-repeat":"repeat","background-position":"center center","background-size":"auto","background-attachment":"scroll","background-type":"","background-media":"","overlay-type":"","overlay-color":"","overlay-opacity":"","overlay-gradient":""}},"_joinchat":[],"footnotes":""},"categories":[37],"tags":[],"_links":{"self":[{"href":"https:\/\/radiosantaclara.sitetopfm.com.br\/site\/wp-json\/wp\/v2\/posts\/4229"}],"collection":[{"href":"https:\/\/radiosantaclara.sitetopfm.com.br\/site\/wp-json\/wp\/v2\/posts"}],"about":[{"href":"https:\/\/radiosantaclara.sitetopfm.com.br\/site\/wp-json\/wp\/v2\/types\/post"}],"author":[{"embeddable":true,"href":"https:\/\/radiosantaclara.sitetopfm.com.br\/site\/wp-json\/wp\/v2\/users\/1"}],"replies":[{"embeddable":true,"href":"https:\/\/radiosantaclara.sitetopfm.com.br\/site\/wp-json\/wp\/v2\/comments?post=4229"}],"version-history":[{"count":0,"href":"https:\/\/radiosantaclara.sitetopfm.com.br\/site\/wp-json\/wp\/v2\/posts\/4229\/revisions"}],"wp:featuredmedia":[{"embeddable":true,"href":"https:\/\/radiosantaclara.sitetopfm.com.br\/site\/wp-json\/wp\/v2\/media\/4230"}],"wp:attachment":[{"href":"https:\/\/radiosantaclara.sitetopfm.com.br\/site\/wp-json\/wp\/v2\/media?parent=4229"}],"wp:term":[{"taxonomy":"category","embeddable":true,"href":"https:\/\/radiosantaclara.sitetopfm.com.br\/site\/wp-json\/wp\/v2\/categories?post=4229"},{"taxonomy":"post_tag","embeddable":true,"href":"https:\/\/radiosantaclara.sitetopfm.com.br\/site\/wp-json\/wp\/v2\/tags?post=4229"}],"curies":[{"name":"wp","href":"https:\/\/api.w.org\/{rel}","templated":true}]}}