{"id":4198,"date":"2025-10-21T16:32:04","date_gmt":"2025-10-21T19:32:04","guid":{"rendered":"https:\/\/radiosantaclara.sitetopfm.com.br\/site\/camara-abre-processo-seletivo-de-projetos-de-exposicoes-artisticas-e-historicas-noticias\/"},"modified":"2025-10-21T16:32:04","modified_gmt":"2025-10-21T19:32:04","slug":"camara-abre-processo-seletivo-de-projetos-de-exposicoes-artisticas-e-historicas-noticias","status":"publish","type":"post","link":"https:\/\/radiosantaclara.sitetopfm.com.br\/site\/camara-abre-processo-seletivo-de-projetos-de-exposicoes-artisticas-e-historicas-noticias\/","title":{"rendered":"C\u00e2mara abre processo seletivo de projetos de exposi\u00e7\u00f5es art\u00edsticas e hist\u00f3ricas &#8211; Not\u00edcias"},"content":{"rendered":"<p> <br \/>\n<\/p>\n<div>\n<div>\n<p class=\"g-artigo__data-hora\">\n                      21\/10\/2025 &#8211; 15:33 \u00a0\n                    <\/p>\n<div id=\"image-container-1214215\" class=\"image-container\" style=\"float: none; margin: 45px 0px; width: 100%;\" data-midia=\"1214215\">\n<p><em>Bruno Spada\/C\u00e2mara dos Deputados<\/em><\/p>\n<p>Exposi\u00e7\u00e3o na C\u00e2mara dos Deputados<\/p>\n<\/p><\/div>\n<p>Est\u00e1 aberto o processo seletivo de projetos de exposi\u00e7\u00f5es tempor\u00e1rias art\u00edsticas e hist\u00f3ricas para a Agenda Cultural da C\u00e2mara dos Deputados de 2026. As inscri\u00e7\u00f5es podem ser feitas at\u00e9 30 de novembro pr\u00f3ximo.<\/p>\n<p>O edital contempla a sele\u00e7\u00e3o de projetos nas \u00e1reas de pintura, fotografia, escultura, gravura, desenho e obras em papel, entre outros. As produ\u00e7\u00f5es institucionais hist\u00f3ricas tamb\u00e9m poder\u00e3o participar, desde que sejam patrocinadas por \u00f3rg\u00e3os e entidades estatais ou por organiza\u00e7\u00f5es sem fins lucrativos.<\/p>\n<p>A C\u00e2mara oferece os espa\u00e7os expositivos, plantas baixas com as respectivas medidas, montagem, desmontagem e expografia. Tamb\u00e9m elabora, imprime e distribui material gr\u00e1fico, al\u00e9m de divulgar as mostras na m\u00eddia interna e externa.<\/p>\n<p>Os projetos apresentados ser\u00e3o analisados pela Comiss\u00e3o Curadora do Centro Cultural C\u00e2mara dos Deputados e os selecionados entrar\u00e3o na Agenda Cultural da Casa em 2026. Ser\u00e3o aceitas inscri\u00e7\u00f5es por meio de formul\u00e1rio digital <a href=\"http:\/\/cd.leg.br\/editalcecult25\">cd.leg.br\/editalcecult25<\/a><\/p>\n<p>D\u00favidas ou sugest\u00f5es, por favor, enviar para <a href=\"https:\/\/www.camara.leg.br\/noticias\/1214209-camara-abre-processo-seletivo-de-projetos-de-exposicoes-artisticas-e-historicas\/centrocultural@camara.leg.br\">centrocultural@camara.leg.br<\/a><\/p>\n<p><a href=\"https:\/\/www2.camara.leg.br\/a-camara\/visiteacamara\/cultura-na-camara\/editais-de-selecao\/edital-de-selecao-2025-2026\">Acesse o Edital 2025\/2026<\/a><\/p>\n<p style=\"font-size: 0.8rem; font-weight: 700;\">Da Reda\u00e7\u00e3o &#8211; WS<\/p>\n<\/p><\/div>\n<\/p><\/div>\n<p><br \/>\n<br \/><a href=\"https:\/\/www.camara.leg.br\/noticias\/1214209-camara-abre-processo-seletivo-de-projetos-de-exposicoes-artisticas-e-historicas\/\">postagem original <\/a><\/p>\n","protected":false},"excerpt":{"rendered":"<p>21\/10\/2025 &#8211; 15:33 \u00a0 Bruno Spada\/C\u00e2mara dos Deputados Exposi\u00e7\u00e3o na C\u00e2mara dos Deputados Est\u00e1 aberto o processo seletivo de projetos [&hellip;]<\/p>\n","protected":false},"author":1,"featured_media":4199,"comment_status":"open","ping_status":"open","sticky":false,"template":"","format":"standard","meta":{"site-sidebar-layout":"default","site-content-layout":"","ast-site-content-layout":"default","site-content-style":"default","site-sidebar-style":"default","ast-global-header-display":"","ast-banner-title-visibility":"","ast-main-header-display":"","ast-hfb-above-header-display":"","ast-hfb-below-header-display":"","ast-hfb-mobile-header-display":"","site-post-title":"","ast-breadcrumbs-content":"","ast-featured-img":"","footer-sml-layout":"","theme-transparent-header-meta":"","adv-header-id-meta":"","stick-header-meta":"","header-above-stick-meta":"","header-main-stick-meta":"","header-below-stick-meta":"","astra-migrate-meta-layouts":"default","ast-page-background-enabled":"default","ast-page-background-meta":{"desktop":{"background-color":"var(--ast-global-color-5)","background-image":"","background-repeat":"repeat","background-position":"center center","background-size":"auto","background-attachment":"scroll","background-type":"","background-media":"","overlay-type":"","overlay-color":"","overlay-opacity":"","overlay-gradient":""},"tablet":{"background-color":"","background-image":"","background-repeat":"repeat","background-position":"center center","background-size":"auto","background-attachment":"scroll","background-type":"","background-media":"","overlay-type":"","overlay-color":"","overlay-opacity":"","overlay-gradient":""},"mobile":{"background-color":"","background-image":"","background-repeat":"repeat","background-position":"center center","background-size":"auto","background-attachment":"scroll","background-type":"","background-media":"","overlay-type":"","overlay-color":"","overlay-opacity":"","overlay-gradient":""}},"ast-content-background-meta":{"desktop":{"background-color":"var(--ast-global-color-4)","background-image":"","background-repeat":"repeat","background-position":"center center","background-size":"auto","background-attachment":"scroll","background-type":"","background-media":"","overlay-type":"","overlay-color":"","overlay-opacity":"","overlay-gradient":""},"tablet":{"background-color":"var(--ast-global-color-4)","background-image":"","background-repeat":"repeat","background-position":"center center","background-size":"auto","background-attachment":"scroll","background-type":"","background-media":"","overlay-type":"","overlay-color":"","overlay-opacity":"","overlay-gradient":""},"mobile":{"background-color":"var(--ast-global-color-4)","background-image":"","background-repeat":"repeat","background-position":"center center","background-size":"auto","background-attachment":"scroll","background-type":"","background-media":"","overlay-type":"","overlay-color":"","overlay-opacity":"","overlay-gradient":""}},"_joinchat":[],"footnotes":""},"categories":[36],"tags":[],"_links":{"self":[{"href":"https:\/\/radiosantaclara.sitetopfm.com.br\/site\/wp-json\/wp\/v2\/posts\/4198"}],"collection":[{"href":"https:\/\/radiosantaclara.sitetopfm.com.br\/site\/wp-json\/wp\/v2\/posts"}],"about":[{"href":"https:\/\/radiosantaclara.sitetopfm.com.br\/site\/wp-json\/wp\/v2\/types\/post"}],"author":[{"embeddable":true,"href":"https:\/\/radiosantaclara.sitetopfm.com.br\/site\/wp-json\/wp\/v2\/users\/1"}],"replies":[{"embeddable":true,"href":"https:\/\/radiosantaclara.sitetopfm.com.br\/site\/wp-json\/wp\/v2\/comments?post=4198"}],"version-history":[{"count":0,"href":"https:\/\/radiosantaclara.sitetopfm.com.br\/site\/wp-json\/wp\/v2\/posts\/4198\/revisions"}],"wp:featuredmedia":[{"embeddable":true,"href":"https:\/\/radiosantaclara.sitetopfm.com.br\/site\/wp-json\/wp\/v2\/media\/4199"}],"wp:attachment":[{"href":"https:\/\/radiosantaclara.sitetopfm.com.br\/site\/wp-json\/wp\/v2\/media?parent=4198"}],"wp:term":[{"taxonomy":"category","embeddable":true,"href":"https:\/\/radiosantaclara.sitetopfm.com.br\/site\/wp-json\/wp\/v2\/categories?post=4198"},{"taxonomy":"post_tag","embeddable":true,"href":"https:\/\/radiosantaclara.sitetopfm.com.br\/site\/wp-json\/wp\/v2\/tags?post=4198"}],"curies":[{"name":"wp","href":"https:\/\/api.w.org\/{rel}","templated":true}]}}