{"id":4191,"date":"2025-10-21T14:30:24","date_gmt":"2025-10-21T17:30:24","guid":{"rendered":"https:\/\/radiosantaclara.sitetopfm.com.br\/site\/projeto-cria-linha-de-credito-para-energia-renovavel-na-agricultura-familiar-noticias\/"},"modified":"2025-10-21T14:30:24","modified_gmt":"2025-10-21T17:30:24","slug":"projeto-cria-linha-de-credito-para-energia-renovavel-na-agricultura-familiar-noticias","status":"publish","type":"post","link":"https:\/\/radiosantaclara.sitetopfm.com.br\/site\/projeto-cria-linha-de-credito-para-energia-renovavel-na-agricultura-familiar-noticias\/","title":{"rendered":"Projeto cria linha de cr\u00e9dito para energia renov\u00e1vel na agricultura familiar &#8211; Not\u00edcias"},"content":{"rendered":"<p> <br \/>\n<\/p>\n<div>\n<div>\n<p class=\"g-artigo__data-hora\">\n                      21\/10\/2025 &#8211; 14:01 \u00a0\n                    <\/p>\n<div id=\"image-container-1214063\" class=\"image-container\" style=\"float: none; margin: 45px 0px; width: 100%;\" data-midia=\"1214063\">\n<p><em>Bruno Spada \/ C\u00e2mara dos Deputados<\/em><\/p>\n<p>Z\u00e9 Neto: financiamento fortalecer\u00e1 setor essencial para a sociedade<\/p>\n<\/p><\/div>\n<p>O Projeto de Lei 1286\/25 cria uma linha de cr\u00e9dito no Banco Nacional de Desenvolvimento Econ\u00f4mico e Social (<span id=\"4309\" class=\"termoGlossario\" title=\"Banco federal que disponibiliza linhas de financiamento de longo prazo para empresas, com taxas de juros especiais. \u00c9 o principal agente financiador, entre os bancos, de projetos de infraestrutura.\" contenteditable=\"false\" data-toggle=\"tooltip\" data-placement=\"top\">BNDES<\/span>) para financiar programas de energia renov\u00e1vel voltados \u00e0 agricultura familiar. O valor vir\u00e1 de at\u00e9 2% dos recursos do Fundo de Amparo ao Trabalhador (<span id=\"4189\" class=\"termoGlossario\" title=\"Fundo vinculado ao Minist\u00e9rio do Trabalho e Emprego, constitu\u00eddo principalmente com recursos do PIS\/Pasep. Destina-se ao custeio do Programa do Seguro-Desemprego, do Abono Salarial e ao financiamento de Programas de Desenvolvimento Econ\u00f4mico. Assim, o FAT busca proteger o trabalhador desempregado e gerar oportunidades de emprego e renda. O fundo \u00e9 gerido por um conselho deliberativo composto por representantes de trabalhadores, empregadores e governo.\" contenteditable=\"false\" data-toggle=\"tooltip\" data-placement=\"top\">FAT<\/span>).<\/p>\n<p>O texto est\u00e1 em an\u00e1lise na C\u00e2mara dos Deputados. A proposta altera tr\u00eas leis: a\u00a0<a class=\"linkLegislacao\" href=\"https:\/\/www2.camara.gov.br\/legin\/fed\/lei\/2009\/lei-12114-9-dezembro-2009-596941-norma-pl.html\">12.114\/09<\/a>, que cria o Fundo Nacional sobre Mudan\u00e7a do Clima (FNMC); a <a class=\"linkLegislacao\" href=\"https:\/\/www2.camara.gov.br\/legin\/fed\/lei\/1989\/lei-7797-10-julho-1989-367682-norma-pl.html\">7.797\/89<\/a>, que estabelece o Fundo Nacional de Meio Ambiente (FNMA); e a <a class=\"linkLegislacao\" href=\"https:\/\/www2.camara.gov.br\/legin\/fed\/lei\/1996\/lei-9365-16-dezembro-1996-372095-norma-pl.html\">9.365\/96<\/a>, que trata do FAT.<\/p>\n<p>O deputado Z\u00e9 Neto (PT-BA), autor do projeto, afirma que sete em cada dez empregos no campo est\u00e3o na agricultura familiar. Segundo ele, ainda faltam linhas de cr\u00e9dito para aumentar a produtividade e a qualidade do trabalho rural.<\/p>\n<p>\u201cO cr\u00e9dito ajudar\u00e1 a financiar projetos de gera\u00e7\u00e3o de energia renov\u00e1vel feitos por agricultores familiares. Isso reduzir\u00e1 custos e fortalecer\u00e1 um setor essencial para a sociedade\u201d, diz Z\u00e9 Neto.<\/p>\n<p>O texto tamb\u00e9m permite que os projetos de energia renov\u00e1vel da agricultura familiar tenham acesso aos recursos do FNMC e do FNMA. Al\u00e9m disso, garante apoio t\u00e9cnico e servi\u00e7os de extens\u00e3o rural relacionados a essas iniciativas.<\/p>\n<p><strong>Pr\u00f3ximos passos<\/strong><br \/>A proposta tramita em <span id=\"4322\" class=\"termoGlossario\" title=\"Rito de tramita\u00e7\u00e3o pelo qual o projeto \u00e9 votado apenas pelas comiss\u00f5es designadas para analis\u00e1-lo, dispensada a delibera\u00e7\u00e3o do Plen\u00e1rio. O projeto perde o car\u00e1ter conclusivo se houver decis\u00e3o divergente entre as comiss\u00f5es ou se, independentemente de ser aprovado ou rejeitado, houver recurso assinado por 52 deputados para a aprecia\u00e7\u00e3o da mat\u00e9ria no Plen\u00e1rio.\" contenteditable=\"false\" data-toggle=\"tooltip\" data-placement=\"top\">car\u00e1ter conclusivo<\/span> e ser\u00e1 analisada pelas comiss\u00f5es de Meio Ambiente e Desenvolvimento Sustent\u00e1vel; de Agricultura, Pecu\u00e1ria, Abastecimento e Desenvolvimento Rural; de Finan\u00e7as e Tributa\u00e7\u00e3o; e de Constitui\u00e7\u00e3o e Justi\u00e7a e de Cidadania.<\/p>\n<p>Para virar lei, precisa ser aprovada pela C\u00e2mara e pelo Senado.<\/p>\n<p>\u00a0<\/p>\n<p>\u00a0<\/p>\n<p>        <iframe class=\"infografico-container\" style=\"width: 100%; height: 100%;\" src=\"https:\/\/www.camara.leg.br\/internet\/agencia\/infograficos-html5\/agricultura-familiar\/index.html\" frameborder=\"0\" data-mce-fragment=\"1\"><\/iframe><\/p>\n<p>\u00a0<\/p>\n<p>\u00a0<\/p>\n<p style=\"font-size: 0.8rem; font-weight: 700;\">Reportagem \u2013 Emanuelle Brasil<br \/>Edi\u00e7\u00e3o \u2013 Marcelo Oliveira<\/p>\n<\/p><\/div>\n<\/p><\/div>\n<p><br \/>\n<br \/><a href=\"https:\/\/www.camara.leg.br\/noticias\/1159833-projeto-cria-linha-de-credito-para-energia-renovavel-na-agricultura-familiar\/\">postagem original <\/a><\/p>\n","protected":false},"excerpt":{"rendered":"<p>21\/10\/2025 &#8211; 14:01 \u00a0 Bruno Spada \/ C\u00e2mara dos Deputados Z\u00e9 Neto: financiamento fortalecer\u00e1 setor essencial para a sociedade O [&hellip;]<\/p>\n","protected":false},"author":1,"featured_media":4192,"comment_status":"open","ping_status":"open","sticky":false,"template":"","format":"standard","meta":{"site-sidebar-layout":"default","site-content-layout":"","ast-site-content-layout":"default","site-content-style":"default","site-sidebar-style":"default","ast-global-header-display":"","ast-banner-title-visibility":"","ast-main-header-display":"","ast-hfb-above-header-display":"","ast-hfb-below-header-display":"","ast-hfb-mobile-header-display":"","site-post-title":"","ast-breadcrumbs-content":"","ast-featured-img":"","footer-sml-layout":"","theme-transparent-header-meta":"","adv-header-id-meta":"","stick-header-meta":"","header-above-stick-meta":"","header-main-stick-meta":"","header-below-stick-meta":"","astra-migrate-meta-layouts":"default","ast-page-background-enabled":"default","ast-page-background-meta":{"desktop":{"background-color":"var(--ast-global-color-5)","background-image":"","background-repeat":"repeat","background-position":"center center","background-size":"auto","background-attachment":"scroll","background-type":"","background-media":"","overlay-type":"","overlay-color":"","overlay-opacity":"","overlay-gradient":""},"tablet":{"background-color":"","background-image":"","background-repeat":"repeat","background-position":"center center","background-size":"auto","background-attachment":"scroll","background-type":"","background-media":"","overlay-type":"","overlay-color":"","overlay-opacity":"","overlay-gradient":""},"mobile":{"background-color":"","background-image":"","background-repeat":"repeat","background-position":"center center","background-size":"auto","background-attachment":"scroll","background-type":"","background-media":"","overlay-type":"","overlay-color":"","overlay-opacity":"","overlay-gradient":""}},"ast-content-background-meta":{"desktop":{"background-color":"var(--ast-global-color-4)","background-image":"","background-repeat":"repeat","background-position":"center center","background-size":"auto","background-attachment":"scroll","background-type":"","background-media":"","overlay-type":"","overlay-color":"","overlay-opacity":"","overlay-gradient":""},"tablet":{"background-color":"var(--ast-global-color-4)","background-image":"","background-repeat":"repeat","background-position":"center center","background-size":"auto","background-attachment":"scroll","background-type":"","background-media":"","overlay-type":"","overlay-color":"","overlay-opacity":"","overlay-gradient":""},"mobile":{"background-color":"var(--ast-global-color-4)","background-image":"","background-repeat":"repeat","background-position":"center center","background-size":"auto","background-attachment":"scroll","background-type":"","background-media":"","overlay-type":"","overlay-color":"","overlay-opacity":"","overlay-gradient":""}},"_joinchat":[],"footnotes":""},"categories":[36],"tags":[],"_links":{"self":[{"href":"https:\/\/radiosantaclara.sitetopfm.com.br\/site\/wp-json\/wp\/v2\/posts\/4191"}],"collection":[{"href":"https:\/\/radiosantaclara.sitetopfm.com.br\/site\/wp-json\/wp\/v2\/posts"}],"about":[{"href":"https:\/\/radiosantaclara.sitetopfm.com.br\/site\/wp-json\/wp\/v2\/types\/post"}],"author":[{"embeddable":true,"href":"https:\/\/radiosantaclara.sitetopfm.com.br\/site\/wp-json\/wp\/v2\/users\/1"}],"replies":[{"embeddable":true,"href":"https:\/\/radiosantaclara.sitetopfm.com.br\/site\/wp-json\/wp\/v2\/comments?post=4191"}],"version-history":[{"count":0,"href":"https:\/\/radiosantaclara.sitetopfm.com.br\/site\/wp-json\/wp\/v2\/posts\/4191\/revisions"}],"wp:featuredmedia":[{"embeddable":true,"href":"https:\/\/radiosantaclara.sitetopfm.com.br\/site\/wp-json\/wp\/v2\/media\/4192"}],"wp:attachment":[{"href":"https:\/\/radiosantaclara.sitetopfm.com.br\/site\/wp-json\/wp\/v2\/media?parent=4191"}],"wp:term":[{"taxonomy":"category","embeddable":true,"href":"https:\/\/radiosantaclara.sitetopfm.com.br\/site\/wp-json\/wp\/v2\/categories?post=4191"},{"taxonomy":"post_tag","embeddable":true,"href":"https:\/\/radiosantaclara.sitetopfm.com.br\/site\/wp-json\/wp\/v2\/tags?post=4191"}],"curies":[{"name":"wp","href":"https:\/\/api.w.org\/{rel}","templated":true}]}}