{"id":4179,"date":"2025-10-21T09:20:21","date_gmt":"2025-10-21T12:20:21","guid":{"rendered":"https:\/\/radiosantaclara.sitetopfm.com.br\/site\/conselho-de-etica-analisa-11-novos-processos-contra-deputados-noticias\/"},"modified":"2025-10-21T09:20:21","modified_gmt":"2025-10-21T12:20:21","slug":"conselho-de-etica-analisa-11-novos-processos-contra-deputados-noticias","status":"publish","type":"post","link":"https:\/\/radiosantaclara.sitetopfm.com.br\/site\/conselho-de-etica-analisa-11-novos-processos-contra-deputados-noticias\/","title":{"rendered":"Conselho de \u00c9tica analisa 11 novos processos contra deputados &#8211; Not\u00edcias"},"content":{"rendered":"<p> <br \/>\n<\/p>\n<div>\n<div>\n<p class=\"g-artigo__data-hora\">\n                      21\/10\/2025 &#8211; 09:16 \u00a0\n                    <\/p>\n<div id=\"image-container-1209519\" class=\"image-container\" style=\"float: none; margin: 45px 0px; width: 100%;\" data-midia=\"1209519\">\n<p><em>Vinicius Loures \/ C\u00e2mara dos Deputados<\/em><\/p>\n<p>Conselho de \u00c9tica reunido na semana passada<\/p>\n<\/p><\/div>\n<p>O <span id=\"4203\" class=\"termoGlossario\" title=\"\u00d3rg\u00e3o encarregado de zelar pela observ\u00e2ncia da \u00e9tica e do decoro parlamentar na C\u00e2mara. Compete-lhe instaurar e instruir os processos disciplinares referentes a den\u00fancias de atos incompat\u00edveis com o decoro parlamentar, recomendando ou n\u00e3o puni\u00e7\u00f5es cab\u00edveis aos deputados, que v\u00e3o desde a censura oral at\u00e9 a perda de mandato. Caso recomende puni\u00e7\u00f5es severas, o parecer do conselho dever\u00e1 ser votado pelo Plen\u00e1rio em dois dias, em vota\u00e7\u00e3o secreta. O conselho atua mediante provoca\u00e7\u00e3o da Mesa Diretora, nos casos de instaura\u00e7\u00e3o de processo disciplinar.\" contenteditable=\"false\" data-toggle=\"tooltip\" data-placement=\"top\">Conselho de \u00c9tica e Decoro Parlamentar<\/span> da C\u00e2mara dos Deputados re\u00fane-se nesta quarta-feira (22), \u00e0s 14 horas, em plen\u00e1rio a ser definido, para analisar a abertura de 11 novos processos.<\/p>\n<p><strong>Pedidos do PL<br \/><\/strong>O PL \u00e9 autor de cinco representa\u00e7\u00f5es:<\/p>\n<ul>\n<li><a href=\"https:\/\/www.camara.leg.br\/proposicoesWeb\/prop_mostrarintegra?codteor=2975349&amp;filename=REP%208\/2025\">REP 8\/25<\/a>: acusa Andr\u00e9 Janones (Avante-MG) de ter pedido a servidores que devolvessem parte dos sal\u00e1rios para pagar d\u00edvida de campanha.<\/li>\n<li><a href=\"https:\/\/www.camara.leg.br\/proposicoesWeb\/prop_mostrarintegra?codteor=2975439&amp;filename=REP%2014\/2025\">REP 14\/25<\/a>: acusa Janones de ter ofendido o deputado Gustavo Gayer (PL-GO) em postagem nas redes sociais.<\/li>\n<li><a href=\"https:\/\/www.camara.leg.br\/proposicoesWeb\/prop_mostrarintegra?codteor=2975427&amp;filename=REP%2012\/2025\">REP 12\/25<\/a>: acusa o deputado Lindbergh Farias (PT-RJ) de ter ofendido Gayer e defendido sua cassa\u00e7\u00e3o.<\/li>\n<li><a href=\"https:\/\/www.camara.leg.br\/proposicoesWeb\/prop_mostrarintegra?codteor=2975438&amp;filename=REP%2013\/2025\">REP 13\/25<\/a>: acusa o deputado Guilherme Boulos (Psol-SP) de ter ofendido parlamentares da legenda durante reuni\u00e3o do Conselho de \u00c9tica em abril deste ano.<\/li>\n<li><a href=\"https:\/\/www.camara.leg.br\/proposicoesWeb\/prop_mostrarintegra?codteor=2975472&amp;filename=REP%2023\/2025\">REP 23\/25<\/a>: acusa a deputada C\u00e9lia Xakriab\u00e1 (Psol-MG) de ter \u201cavan\u00e7ado com uma caneta\u201d contra o deputado Kim Kataguiri (Uni\u00e3o-SP) e ferido o deputado Coronel Meira (PL-PE), durante a vota\u00e7\u00e3o do licenciamento ambiental.<\/li>\n<\/ul>\n<p><strong>Pedidos do Psol<br \/><\/strong>O Psol \u00e9 autor de duas representa\u00e7\u00f5es:<\/p>\n<ul>\n<li><a href=\"https:\/\/www.camara.leg.br\/proposicoesWeb\/prop_mostrarintegra?codteor=2975459&amp;filename=REP%2020\/2025\">REP 20\/25<\/a>: contra o deputado Sargento Fahur (PSD-PR) por ter feito coment\u00e1rio que soou como amea\u00e7a ao deputado Pastor Henrique Vieira (Psol-RJ), durante reuni\u00e3o da Comiss\u00e3o de Seguran\u00e7a P\u00fablica.<\/li>\n<li><a href=\"https:\/\/www.camara.leg.br\/proposicoesWeb\/prop_mostrarintegra?codteor=2975463&amp;filename=REP%2021\/2025\">REP 21\/25<\/a>: contra o deputado Kim Kataguiri por ter feito ataques &#8220;racistas e preconceituosos&#8221; contra C\u00e9lia Xakriab\u00e1, durante sess\u00e3o do Plen\u00e1rio sobre o licenciamento ambiental.<\/li>\n<\/ul>\n<p><strong>Pedidos do PT<br \/><\/strong>O PT \u00e9 autor de tr\u00eas representa\u00e7\u00f5es:<\/p>\n<ul>\n<li><a href=\"https:\/\/www.camara.leg.br\/proposicoesWeb\/prop_mostrarintegra?codteor=2975422&amp;filename=REP%2010\/2025\">REP 10\/25<\/a>: contra o deputado Gilvan da Federal (PL-ES) por incitar viol\u00eancia contra o presidente Lula durante reuni\u00e3o da Comiss\u00e3o de Seguran\u00e7a e Combate ao Crime Organizado.<\/li>\n<li><a href=\"https:\/\/www.camara.leg.br\/proposicoesWeb\/prop_mostrarintegra?codteor=2975425&amp;filename=REP%2011\/2025\">REP 11\/25<\/a>: contra o deputado Delegado \u00c9der Mauro (PL-PA) por agredir fisicamente um cidad\u00e3o durante reuni\u00e3o da Comiss\u00e3o de Direitos Humanos.<\/li>\n<li><a href=\"https:\/\/www.camara.leg.br\/proposicoesWeb\/prop_mostrarintegra?codteor=2975464&amp;filename=REP%2022\/2025\">REP 22\/25<\/a>: contra o deputado Eduardo Bolsonaro (PL-SP) por ataques verbais a institui\u00e7\u00f5es democr\u00e1ticas, como o Supremo Tribunal Federal (STF), e por tentar influenciar autoridades estrangeiras a impor san\u00e7\u00f5es contra o Brasil.<\/li>\n<\/ul>\n<p><strong>Pedido do Novo<br \/><\/strong>Por fim, o Novo \u00e9 autor da <a href=\"https:\/\/www.camara.leg.br\/proposicoesWeb\/prop_mostrarintegra?codteor=2975403&amp;filename=REP%209\/2025\">REP 9\/25<\/a>, em que acusa Lindbergh Farias de ter divulgado, em redes sociais, imputa\u00e7\u00f5es falsas ao deputado Marcel van Hattem (Novo-RS).<\/p>\n<p style=\"font-size: 0.8rem; font-weight: 700;\">Da Reda\u00e7\u00e3o &#8211; ND<\/p>\n<\/p><\/div>\n<\/p><\/div>\n<p><br \/>\n<br \/><a href=\"https:\/\/www.camara.leg.br\/noticias\/1213708-conselho-de-etica-analisa-11-novos-processos-contra-deputados\/\">postagem original <\/a><\/p>\n","protected":false},"excerpt":{"rendered":"<p>21\/10\/2025 &#8211; 09:16 \u00a0 Vinicius Loures \/ C\u00e2mara dos Deputados Conselho de \u00c9tica reunido na semana passada O Conselho de [&hellip;]<\/p>\n","protected":false},"author":1,"featured_media":3871,"comment_status":"open","ping_status":"open","sticky":false,"template":"","format":"standard","meta":{"site-sidebar-layout":"default","site-content-layout":"","ast-site-content-layout":"default","site-content-style":"default","site-sidebar-style":"default","ast-global-header-display":"","ast-banner-title-visibility":"","ast-main-header-display":"","ast-hfb-above-header-display":"","ast-hfb-below-header-display":"","ast-hfb-mobile-header-display":"","site-post-title":"","ast-breadcrumbs-content":"","ast-featured-img":"","footer-sml-layout":"","theme-transparent-header-meta":"","adv-header-id-meta":"","stick-header-meta":"","header-above-stick-meta":"","header-main-stick-meta":"","header-below-stick-meta":"","astra-migrate-meta-layouts":"default","ast-page-background-enabled":"default","ast-page-background-meta":{"desktop":{"background-color":"var(--ast-global-color-5)","background-image":"","background-repeat":"repeat","background-position":"center center","background-size":"auto","background-attachment":"scroll","background-type":"","background-media":"","overlay-type":"","overlay-color":"","overlay-opacity":"","overlay-gradient":""},"tablet":{"background-color":"","background-image":"","background-repeat":"repeat","background-position":"center center","background-size":"auto","background-attachment":"scroll","background-type":"","background-media":"","overlay-type":"","overlay-color":"","overlay-opacity":"","overlay-gradient":""},"mobile":{"background-color":"","background-image":"","background-repeat":"repeat","background-position":"center center","background-size":"auto","background-attachment":"scroll","background-type":"","background-media":"","overlay-type":"","overlay-color":"","overlay-opacity":"","overlay-gradient":""}},"ast-content-background-meta":{"desktop":{"background-color":"var(--ast-global-color-4)","background-image":"","background-repeat":"repeat","background-position":"center center","background-size":"auto","background-attachment":"scroll","background-type":"","background-media":"","overlay-type":"","overlay-color":"","overlay-opacity":"","overlay-gradient":""},"tablet":{"background-color":"var(--ast-global-color-4)","background-image":"","background-repeat":"repeat","background-position":"center center","background-size":"auto","background-attachment":"scroll","background-type":"","background-media":"","overlay-type":"","overlay-color":"","overlay-opacity":"","overlay-gradient":""},"mobile":{"background-color":"var(--ast-global-color-4)","background-image":"","background-repeat":"repeat","background-position":"center center","background-size":"auto","background-attachment":"scroll","background-type":"","background-media":"","overlay-type":"","overlay-color":"","overlay-opacity":"","overlay-gradient":""}},"_joinchat":[],"footnotes":""},"categories":[36],"tags":[],"_links":{"self":[{"href":"https:\/\/radiosantaclara.sitetopfm.com.br\/site\/wp-json\/wp\/v2\/posts\/4179"}],"collection":[{"href":"https:\/\/radiosantaclara.sitetopfm.com.br\/site\/wp-json\/wp\/v2\/posts"}],"about":[{"href":"https:\/\/radiosantaclara.sitetopfm.com.br\/site\/wp-json\/wp\/v2\/types\/post"}],"author":[{"embeddable":true,"href":"https:\/\/radiosantaclara.sitetopfm.com.br\/site\/wp-json\/wp\/v2\/users\/1"}],"replies":[{"embeddable":true,"href":"https:\/\/radiosantaclara.sitetopfm.com.br\/site\/wp-json\/wp\/v2\/comments?post=4179"}],"version-history":[{"count":0,"href":"https:\/\/radiosantaclara.sitetopfm.com.br\/site\/wp-json\/wp\/v2\/posts\/4179\/revisions"}],"wp:featuredmedia":[{"embeddable":true,"href":"https:\/\/radiosantaclara.sitetopfm.com.br\/site\/wp-json\/wp\/v2\/media\/3871"}],"wp:attachment":[{"href":"https:\/\/radiosantaclara.sitetopfm.com.br\/site\/wp-json\/wp\/v2\/media?parent=4179"}],"wp:term":[{"taxonomy":"category","embeddable":true,"href":"https:\/\/radiosantaclara.sitetopfm.com.br\/site\/wp-json\/wp\/v2\/categories?post=4179"},{"taxonomy":"post_tag","embeddable":true,"href":"https:\/\/radiosantaclara.sitetopfm.com.br\/site\/wp-json\/wp\/v2\/tags?post=4179"}],"curies":[{"name":"wp","href":"https:\/\/api.w.org\/{rel}","templated":true}]}}