{"id":4163,"date":"2025-10-20T21:04:56","date_gmt":"2025-10-21T00:04:56","guid":{"rendered":"https:\/\/radiosantaclara.sitetopfm.com.br\/site\/comissao-aprova-permissao-para-agente-de-saude-usar-carteira-profissional-como-identidade-noticias\/"},"modified":"2025-10-20T21:04:56","modified_gmt":"2025-10-21T00:04:56","slug":"comissao-aprova-permissao-para-agente-de-saude-usar-carteira-profissional-como-identidade-noticias","status":"publish","type":"post","link":"https:\/\/radiosantaclara.sitetopfm.com.br\/site\/comissao-aprova-permissao-para-agente-de-saude-usar-carteira-profissional-como-identidade-noticias\/","title":{"rendered":"Comiss\u00e3o aprova permiss\u00e3o para agente de sa\u00fade usar carteira profissional como identidade &#8211; Not\u00edcias"},"content":{"rendered":"<p> <br \/>\n<\/p>\n<div>\n<p class=\"g-artigo__data-hora\">\n                      20\/10\/2025 &#8211; 18:05 \u00a0\n                    <\/p>\n<div id=\"image-container-1213901\" class=\"image-container\" style=\"float: none; margin: 45px 0px; width: 100%;\" data-midia=\"1213901\">\n<p><em>Bruno Spada \/ C\u00e2mara dos Deputados<\/em><\/p>\n<p>Rubens Pereira J\u00fanior, relator da proposta na CCJ<\/p>\n<\/p><\/div>\n<p>A Comiss\u00e3o de Constitui\u00e7\u00e3o e Justi\u00e7a e de Cidadania (CCJ) da C\u00e2mara dos Deputados aprovou o Projeto de Lei 2480\/22, do deputado Marreca Filho (PRD-MA), que permite aos agentes comunit\u00e1rios de sa\u00fade (ACS) usarem sua carteira de identifica\u00e7\u00e3o como documento de identidade. A carteira \u00e9 emitida pelo Conselho Nacional de T\u00e9cnicos em Agentes Comunit\u00e1rios de Sa\u00fade (Contacs) ou por conselhos regionais.<\/p>\n<p>A carteira dever\u00e1 ter dados pessoais como nome do ACS, estado civil, n\u00famero de registro profissional, fotografia, entre outros. O modelo ser\u00e1 aprovado pelo Contacs e dever\u00e1 ter a inscri\u00e7\u00e3o &#8220;V\u00e1lida em todo o territ\u00f3rio nacional&#8221;. A carteira poder\u00e1 ser solicitada pelo agente independentemente de sindicaliza\u00e7\u00e3o.<\/p>\n<p>O texto seguir\u00e1 para o Senado, caso n\u00e3o haja recurso para an\u00e1lise pelo Plen\u00e1rio da C\u00e2mara.<\/p>\n<p><a href=\"https:\/\/www.camara.leg.br\/noticias\/573454-SAIBA-MAIS-SOBRE-A-TRAMITACAO-DE-PROJETOS-DE-LEI\">Saiba mais sobre a tramita\u00e7\u00e3o de projetos de lei<\/a><\/p>\n<p>Segundo Marreca Filho, h\u00e1 casos de pessoas se passarem por agentes comunit\u00e1rios com carteiras irregulares tentando confundir autoridades e opini\u00e3o p\u00fablica. &#8220;\u00c9 chegada a hora de esse profissional, indispens\u00e1vel a qualquer comunidade, ter o direito de se identificar e ser identificado sem que se confunda&#8221;, disse.<\/p>\n<p>O relator, deputado Rubens Pereira J\u00fanior (PT-MA), afirmou que a profiss\u00e3o de t\u00e9cnico em ACS exige a frequente comprova\u00e7\u00e3o da sua identidade. &#8220;Para realizar as a\u00e7\u00f5es de cuidado e prote\u00e7\u00e3o \u00e0 sa\u00fade de indiv\u00edduos e grupos sociais, precisam visitar v\u00e1rios domic\u00edlios&#8221;, disse.<\/p>\n<p>O relator lembrou que v\u00e1rias profiss\u00f5es t\u00eam carteira profissional com validade de documento de identifica\u00e7\u00e3o civil, como policiais, bombeiros, militares, ju\u00edzes, advogados, jornalistas, diplomatas, auditores fiscais e, recentemente, professores.<\/p>\n<p style=\"font-size: 0.8rem; font-weight: 700;\">Reportagem &#8211; Tiago Miranda<br \/>Edi\u00e7\u00e3o &#8211; Ana Chalub<\/p>\n<\/p><\/div>\n<p><br \/>\n<br \/><a href=\"https:\/\/www.camara.leg.br\/noticias\/1213775-comissao-aprova-permissao-para-agente-de-saude-usar-carteira-profissional-como-identidade\/\">postagem original <\/a><\/p>\n","protected":false},"excerpt":{"rendered":"<p>20\/10\/2025 &#8211; 18:05 \u00a0 Bruno Spada \/ C\u00e2mara dos Deputados Rubens Pereira J\u00fanior, relator da proposta na CCJ A Comiss\u00e3o [&hellip;]<\/p>\n","protected":false},"author":1,"featured_media":4164,"comment_status":"open","ping_status":"open","sticky":false,"template":"","format":"standard","meta":{"site-sidebar-layout":"default","site-content-layout":"","ast-site-content-layout":"default","site-content-style":"default","site-sidebar-style":"default","ast-global-header-display":"","ast-banner-title-visibility":"","ast-main-header-display":"","ast-hfb-above-header-display":"","ast-hfb-below-header-display":"","ast-hfb-mobile-header-display":"","site-post-title":"","ast-breadcrumbs-content":"","ast-featured-img":"","footer-sml-layout":"","theme-transparent-header-meta":"","adv-header-id-meta":"","stick-header-meta":"","header-above-stick-meta":"","header-main-stick-meta":"","header-below-stick-meta":"","astra-migrate-meta-layouts":"default","ast-page-background-enabled":"default","ast-page-background-meta":{"desktop":{"background-color":"var(--ast-global-color-5)","background-image":"","background-repeat":"repeat","background-position":"center center","background-size":"auto","background-attachment":"scroll","background-type":"","background-media":"","overlay-type":"","overlay-color":"","overlay-opacity":"","overlay-gradient":""},"tablet":{"background-color":"","background-image":"","background-repeat":"repeat","background-position":"center center","background-size":"auto","background-attachment":"scroll","background-type":"","background-media":"","overlay-type":"","overlay-color":"","overlay-opacity":"","overlay-gradient":""},"mobile":{"background-color":"","background-image":"","background-repeat":"repeat","background-position":"center center","background-size":"auto","background-attachment":"scroll","background-type":"","background-media":"","overlay-type":"","overlay-color":"","overlay-opacity":"","overlay-gradient":""}},"ast-content-background-meta":{"desktop":{"background-color":"var(--ast-global-color-4)","background-image":"","background-repeat":"repeat","background-position":"center center","background-size":"auto","background-attachment":"scroll","background-type":"","background-media":"","overlay-type":"","overlay-color":"","overlay-opacity":"","overlay-gradient":""},"tablet":{"background-color":"var(--ast-global-color-4)","background-image":"","background-repeat":"repeat","background-position":"center center","background-size":"auto","background-attachment":"scroll","background-type":"","background-media":"","overlay-type":"","overlay-color":"","overlay-opacity":"","overlay-gradient":""},"mobile":{"background-color":"var(--ast-global-color-4)","background-image":"","background-repeat":"repeat","background-position":"center center","background-size":"auto","background-attachment":"scroll","background-type":"","background-media":"","overlay-type":"","overlay-color":"","overlay-opacity":"","overlay-gradient":""}},"_joinchat":[],"footnotes":""},"categories":[26],"tags":[],"_links":{"self":[{"href":"https:\/\/radiosantaclara.sitetopfm.com.br\/site\/wp-json\/wp\/v2\/posts\/4163"}],"collection":[{"href":"https:\/\/radiosantaclara.sitetopfm.com.br\/site\/wp-json\/wp\/v2\/posts"}],"about":[{"href":"https:\/\/radiosantaclara.sitetopfm.com.br\/site\/wp-json\/wp\/v2\/types\/post"}],"author":[{"embeddable":true,"href":"https:\/\/radiosantaclara.sitetopfm.com.br\/site\/wp-json\/wp\/v2\/users\/1"}],"replies":[{"embeddable":true,"href":"https:\/\/radiosantaclara.sitetopfm.com.br\/site\/wp-json\/wp\/v2\/comments?post=4163"}],"version-history":[{"count":0,"href":"https:\/\/radiosantaclara.sitetopfm.com.br\/site\/wp-json\/wp\/v2\/posts\/4163\/revisions"}],"wp:featuredmedia":[{"embeddable":true,"href":"https:\/\/radiosantaclara.sitetopfm.com.br\/site\/wp-json\/wp\/v2\/media\/4164"}],"wp:attachment":[{"href":"https:\/\/radiosantaclara.sitetopfm.com.br\/site\/wp-json\/wp\/v2\/media?parent=4163"}],"wp:term":[{"taxonomy":"category","embeddable":true,"href":"https:\/\/radiosantaclara.sitetopfm.com.br\/site\/wp-json\/wp\/v2\/categories?post=4163"},{"taxonomy":"post_tag","embeddable":true,"href":"https:\/\/radiosantaclara.sitetopfm.com.br\/site\/wp-json\/wp\/v2\/tags?post=4163"}],"curies":[{"name":"wp","href":"https:\/\/api.w.org\/{rel}","templated":true}]}}