{"id":4132,"date":"2025-10-20T11:47:29","date_gmt":"2025-10-20T14:47:29","guid":{"rendered":"https:\/\/radiosantaclara.sitetopfm.com.br\/site\/comissao-debate-criacao-do-fundo-da-igualdade-racial-com-movimentos-negros-e-quilombolas-noticias\/"},"modified":"2025-10-20T11:47:29","modified_gmt":"2025-10-20T14:47:29","slug":"comissao-debate-criacao-do-fundo-da-igualdade-racial-com-movimentos-negros-e-quilombolas-noticias","status":"publish","type":"post","link":"https:\/\/radiosantaclara.sitetopfm.com.br\/site\/comissao-debate-criacao-do-fundo-da-igualdade-racial-com-movimentos-negros-e-quilombolas-noticias\/","title":{"rendered":"Comiss\u00e3o debate cria\u00e7\u00e3o do Fundo da Igualdade Racial com movimentos negros e quilombolas &#8211; Not\u00edcias"},"content":{"rendered":"<p> <br \/>\n<\/p>\n<div>\n<div>\n<p class=\"g-artigo__data-hora\">\n                      20\/10\/2025 &#8211; 10:54 \u00a0\n                    <\/p>\n<div id=\"image-container-1213574\" class=\"image-container\" style=\"float: none; margin: 45px 0px; width: 100%;\" data-midia=\"1213574\">\n<p><em>Zeca Ribeiro\/C\u00e2mara dos Deputados<\/em><\/p>\n<p>O relator, Orlando Silva, solicitou a audi\u00eancia<\/p>\n<\/p><\/div>\n<p data-start=\"246\" data-end=\"554\">A <span id=\"4412\" class=\"termoGlossario\" title=\"Comiss\u00e3o tempor\u00e1ria criada para analisar e votar proposta de emenda \u00e0 Constitui\u00e7\u00e3o (PEC), projeto de c\u00f3digo e propostas que envolvam mat\u00e9ria de compet\u00eancia de mais de quatro comiss\u00f5es de m\u00e9rito.\" contenteditable=\"false\" data-toggle=\"tooltip\" data-placement=\"top\">comiss\u00e3o especial<\/span> da C\u00e2mara dos Deputados que analisa a cria\u00e7\u00e3o do Fundo Nacional da Igualdade Racial (<a class=\"linkProposicao\" href=\"https:\/\/www.camara.leg.br\/noticias\/1132602-pec-cria-fundo-de-r-20-bilhoes-para-promover-a-inclusao-social-de-brasileiros-pretos-e-pardos\">PEC 27\/24<\/a>) realiza audi\u00eancia p\u00fablica nesta ter\u00e7a-feira (21) com representantes de movimentos negros e quilombolas.<\/p>\n<p data-start=\"246\" data-end=\"554\">O debate atende a pedido do relator, deputado Orlando Silva (PCdoB-SP), est\u00e1 marcado para as 14 horas, no plen\u00e1rio 3.<\/p>\n<p data-start=\"635\" data-end=\"1264\">Para o deputado, a cria\u00e7\u00e3o do fundo \u00e9 uma iniciativa hist\u00f3rica para enfrentar as desigualdades estruturais derivadas da escravid\u00e3o e do racismo sist\u00eamico no Brasil, e o debate contribuir\u00e1 para consolidar o texto da proposta.<\/p>\n<p data-start=\"635\" data-end=\"1264\">&#8220;A contribui\u00e7\u00e3o dos convidados \u00e9 fundamental para discutir, entre outros pontos, as possibilidades de coopera\u00e7\u00e3o internacional no financiamento do fundo, bem os como mecanismos de responsabiliza\u00e7\u00e3o global que podem refor\u00e7ar a legitimidade e a efetividade das a\u00e7\u00f5es de repara\u00e7\u00e3o e promo\u00e7\u00e3o da igualdade racial no Brasil&#8221;, afirma.<\/p>\n<p><strong>Fundo<\/strong><br \/>A proposta inclui na Constitui\u00e7\u00e3o a previs\u00e3o de fundo para financiar pol\u00edticas p\u00fablicas e projetos de promo\u00e7\u00e3o cultural, social e econ\u00f4mica de pretos e pardos.<\/p>\n<p>A Uni\u00e3o repassar\u00e1 R$ 20 bilh\u00f5es de forma escalonada: R$ 1 bilh\u00e3o por ano. O fundo poder\u00e1 ser complementado por doa\u00e7\u00f5es internacionais e outras fontes definidas em lei.<\/p>\n<p>Pelo texto, o novo fundo ser\u00e1 administrado por um banco p\u00fablico federal e ter\u00e1 um conselho consultivo, que ser\u00e1 formado por representantes do poder p\u00fablico e da sociedade civil.<\/p>\n<p style=\"font-size: 0.8rem; font-weight: 700;\">Da Reda\u00e7\u00e3o &#8211; MB<\/p>\n<\/p><\/div>\n<\/p><\/div>\n<p><br \/>\n<br \/><a href=\"https:\/\/www.camara.leg.br\/noticias\/1213103-comissao-debate-criacao-do-fundo-da-igualdade-racial-com-movimentos-negros-e-quilombolas\/\">postagem original <\/a><\/p>\n","protected":false},"excerpt":{"rendered":"<p>20\/10\/2025 &#8211; 10:54 \u00a0 Zeca Ribeiro\/C\u00e2mara dos Deputados O relator, Orlando Silva, solicitou a audi\u00eancia A comiss\u00e3o especial da C\u00e2mara [&hellip;]<\/p>\n","protected":false},"author":1,"featured_media":4133,"comment_status":"open","ping_status":"open","sticky":false,"template":"","format":"standard","meta":{"site-sidebar-layout":"default","site-content-layout":"","ast-site-content-layout":"default","site-content-style":"default","site-sidebar-style":"default","ast-global-header-display":"","ast-banner-title-visibility":"","ast-main-header-display":"","ast-hfb-above-header-display":"","ast-hfb-below-header-display":"","ast-hfb-mobile-header-display":"","site-post-title":"","ast-breadcrumbs-content":"","ast-featured-img":"","footer-sml-layout":"","theme-transparent-header-meta":"","adv-header-id-meta":"","stick-header-meta":"","header-above-stick-meta":"","header-main-stick-meta":"","header-below-stick-meta":"","astra-migrate-meta-layouts":"default","ast-page-background-enabled":"default","ast-page-background-meta":{"desktop":{"background-color":"var(--ast-global-color-5)","background-image":"","background-repeat":"repeat","background-position":"center center","background-size":"auto","background-attachment":"scroll","background-type":"","background-media":"","overlay-type":"","overlay-color":"","overlay-opacity":"","overlay-gradient":""},"tablet":{"background-color":"","background-image":"","background-repeat":"repeat","background-position":"center center","background-size":"auto","background-attachment":"scroll","background-type":"","background-media":"","overlay-type":"","overlay-color":"","overlay-opacity":"","overlay-gradient":""},"mobile":{"background-color":"","background-image":"","background-repeat":"repeat","background-position":"center center","background-size":"auto","background-attachment":"scroll","background-type":"","background-media":"","overlay-type":"","overlay-color":"","overlay-opacity":"","overlay-gradient":""}},"ast-content-background-meta":{"desktop":{"background-color":"var(--ast-global-color-4)","background-image":"","background-repeat":"repeat","background-position":"center center","background-size":"auto","background-attachment":"scroll","background-type":"","background-media":"","overlay-type":"","overlay-color":"","overlay-opacity":"","overlay-gradient":""},"tablet":{"background-color":"var(--ast-global-color-4)","background-image":"","background-repeat":"repeat","background-position":"center center","background-size":"auto","background-attachment":"scroll","background-type":"","background-media":"","overlay-type":"","overlay-color":"","overlay-opacity":"","overlay-gradient":""},"mobile":{"background-color":"var(--ast-global-color-4)","background-image":"","background-repeat":"repeat","background-position":"center center","background-size":"auto","background-attachment":"scroll","background-type":"","background-media":"","overlay-type":"","overlay-color":"","overlay-opacity":"","overlay-gradient":""}},"_joinchat":[],"footnotes":""},"categories":[31],"tags":[],"_links":{"self":[{"href":"https:\/\/radiosantaclara.sitetopfm.com.br\/site\/wp-json\/wp\/v2\/posts\/4132"}],"collection":[{"href":"https:\/\/radiosantaclara.sitetopfm.com.br\/site\/wp-json\/wp\/v2\/posts"}],"about":[{"href":"https:\/\/radiosantaclara.sitetopfm.com.br\/site\/wp-json\/wp\/v2\/types\/post"}],"author":[{"embeddable":true,"href":"https:\/\/radiosantaclara.sitetopfm.com.br\/site\/wp-json\/wp\/v2\/users\/1"}],"replies":[{"embeddable":true,"href":"https:\/\/radiosantaclara.sitetopfm.com.br\/site\/wp-json\/wp\/v2\/comments?post=4132"}],"version-history":[{"count":0,"href":"https:\/\/radiosantaclara.sitetopfm.com.br\/site\/wp-json\/wp\/v2\/posts\/4132\/revisions"}],"wp:featuredmedia":[{"embeddable":true,"href":"https:\/\/radiosantaclara.sitetopfm.com.br\/site\/wp-json\/wp\/v2\/media\/4133"}],"wp:attachment":[{"href":"https:\/\/radiosantaclara.sitetopfm.com.br\/site\/wp-json\/wp\/v2\/media?parent=4132"}],"wp:term":[{"taxonomy":"category","embeddable":true,"href":"https:\/\/radiosantaclara.sitetopfm.com.br\/site\/wp-json\/wp\/v2\/categories?post=4132"},{"taxonomy":"post_tag","embeddable":true,"href":"https:\/\/radiosantaclara.sitetopfm.com.br\/site\/wp-json\/wp\/v2\/tags?post=4132"}],"curies":[{"name":"wp","href":"https:\/\/api.w.org\/{rel}","templated":true}]}}