{"id":4097,"date":"2025-10-17T19:00:23","date_gmt":"2025-10-17T22:00:23","guid":{"rendered":"https:\/\/radiosantaclara.sitetopfm.com.br\/site\/sancionada-lei-que-amplia-acesso-de-agricultores-familiares-ao-garantia-safra-noticias\/"},"modified":"2025-10-17T19:00:23","modified_gmt":"2025-10-17T22:00:23","slug":"sancionada-lei-que-amplia-acesso-de-agricultores-familiares-ao-garantia-safra-noticias","status":"publish","type":"post","link":"https:\/\/radiosantaclara.sitetopfm.com.br\/site\/sancionada-lei-que-amplia-acesso-de-agricultores-familiares-ao-garantia-safra-noticias\/","title":{"rendered":"Sancionada lei que amplia acesso de agricultores familiares ao Garantia-Safra &#8211; Not\u00edcias"},"content":{"rendered":"<p> <br \/>\n<\/p>\n<div>\n<p class=\"g-artigo__data-hora\">\n                      17\/10\/2025 &#8211; 18:48 \u00a0\n                    <\/p>\n<div id=\"image-container-1213417\" class=\"image-container\" style=\"float: none; margin: 45px 0px; width: 100%;\" data-midia=\"1213417\">\n<p><em>Leonardo Henrique e Valmir Fernandes\/Fotos P\u00fablicas<\/em><\/p>\n<p>Mudan\u00e7a contempla produtores que sofrem com estiagens e enchentes<\/p>\n<\/p><\/div>\n<p>Foi sancionada pelo presidente da Rep\u00fablica, Luiz In\u00e1cio Lula da Silva, a <a class=\"linkLegislacao\" href=\"https:\/\/www2.camara.gov.br\/legin\/fed\/lei\/2025\/lei-15236-16-outubro-2025-798153-norma-pl.html\">Lei 15.236\/25<\/a>, que facilita o acesso de agricultores familiares ao Garantia-Safra e torna mais \u00e1gil o pagamento do benef\u00edcio. Publicada no Di\u00e1rio Oficial da Uni\u00e3o nesta sexta-feira (17), a nova norma reduz exig\u00eancias, amplia a cobertura do programa e permite novas formas de uso dos recursos para fortalecer a produ\u00e7\u00e3o no campo.<\/p>\n<p>O texto altera a <a class=\"linkLegislacao\" href=\"https:\/\/www2.camara.gov.br\/legin\/fed\/lei\/2002\/lei-10420-10-abril-2002-455164-norma-pl.html\">Lei 10.420\/02<\/a>, e reduz de 50% para 40% o percentual m\u00ednimo de perda de safra exigido para o agricultor receber o benef\u00edcio. A mudan\u00e7a contempla produtores que sofrem com estiagens e enchentes, mas que at\u00e9 agora ficavam de fora por n\u00e3o alcan\u00e7arem o limite anterior. A medida tamb\u00e9m tem como objetivo garantir que o aux\u00edlio chegue com mais rapidez a fam\u00edlias afetadas por eventos clim\u00e1ticos extremos.<\/p>\n<p>A nova lei flexibiliza o pagamento pelo governo, que poder\u00e1 ser feito em at\u00e9 tr\u00eas parcelas mensais ou em parcela \u00fanica, quando houver situa\u00e7\u00e3o de emerg\u00eancia nacional, estado de calamidade p\u00fablica, pandemia ou epidemia.<\/p>\n<p>A san\u00e7\u00e3o de Lula encerra a tramita\u00e7\u00e3o do <a class=\"linkProposicao\" href=\"https:\/\/www.camara.leg.br\/noticias\/1058577-proposta-retira-limite-legal-do-valor-do-seguro-safra\">Projeto de Lei 1282\/24<\/a>, do deputado Carlos Veras (PT-PE), que teve como relatora a senadora Augusta Brito (PT-CE). O texto foi aprovado pelo Plen\u00e1rio do Senado em setembro, com o objetivo de tornar o Garantia-Safra mais acess\u00edvel e eficaz no atendimento a fam\u00edlias de baixa renda afetadas por perdas de safra.<\/p>\n<p><strong>Maior alcance<\/strong><br \/>Outro avan\u00e7o \u00e9 a amplia\u00e7\u00e3o da \u00e1rea de cobertura do Garantia-Safra. Agricultores familiares de munic\u00edpios fora da regi\u00e3o tradicional da Superintend\u00eancia do Desenvolvimento do Nordeste (Sudene) poder\u00e3o aderir ao programa, desde que atendam aos crit\u00e9rios estabelecidos pelo \u00f3rg\u00e3o gestor.<\/p>\n<p>A gest\u00e3o do fundo e das normas operacionais passa a ser de responsabilidade do Minist\u00e9rio do Desenvolvimento Agr\u00e1rio e Agricultura Familiar.<\/p>\n<p>Al\u00e9m de assegurar renda emergencial a quem perde a produ\u00e7\u00e3o, a lei permite que parte dos recursos do fundo seja usada em a\u00e7\u00f5es voltadas \u00e0 conviv\u00eancia com o semi\u00e1rido, ao aumento da capacidade produtiva e \u00e0 adapta\u00e7\u00e3o \u00e0s mudan\u00e7as clim\u00e1ticas.<\/p>\n<p>A expectativa \u00e9 que as novas regras reforcem o apoio \u00e0 agricultura familiar e contribuam para a sustentabilidade econ\u00f4mica e ambiental das pequenas propriedades rurais.<\/p>\n<p style=\"font-size: 0.8rem; font-weight: 700;\">Da Reda\u00e7\u00e3o &#8211; RS<br \/>Com informa\u00e7\u00f5es da Ag\u00eancia Senado<\/p>\n<\/p><\/div>\n<p><br \/>\n<br \/><a href=\"https:\/\/www.camara.leg.br\/noticias\/1213201-sancionada-lei-que-amplia-acesso-de-agricultores-familiares-ao-garantia-safra\/\">postagem original <\/a><\/p>\n","protected":false},"excerpt":{"rendered":"<p>17\/10\/2025 &#8211; 18:48 \u00a0 Leonardo Henrique e Valmir Fernandes\/Fotos P\u00fablicas Mudan\u00e7a contempla produtores que sofrem com estiagens e enchentes Foi [&hellip;]<\/p>\n","protected":false},"author":1,"featured_media":4098,"comment_status":"open","ping_status":"open","sticky":false,"template":"","format":"standard","meta":{"site-sidebar-layout":"default","site-content-layout":"","ast-site-content-layout":"default","site-content-style":"default","site-sidebar-style":"default","ast-global-header-display":"","ast-banner-title-visibility":"","ast-main-header-display":"","ast-hfb-above-header-display":"","ast-hfb-below-header-display":"","ast-hfb-mobile-header-display":"","site-post-title":"","ast-breadcrumbs-content":"","ast-featured-img":"","footer-sml-layout":"","theme-transparent-header-meta":"","adv-header-id-meta":"","stick-header-meta":"","header-above-stick-meta":"","header-main-stick-meta":"","header-below-stick-meta":"","astra-migrate-meta-layouts":"default","ast-page-background-enabled":"default","ast-page-background-meta":{"desktop":{"background-color":"var(--ast-global-color-5)","background-image":"","background-repeat":"repeat","background-position":"center center","background-size":"auto","background-attachment":"scroll","background-type":"","background-media":"","overlay-type":"","overlay-color":"","overlay-opacity":"","overlay-gradient":""},"tablet":{"background-color":"","background-image":"","background-repeat":"repeat","background-position":"center center","background-size":"auto","background-attachment":"scroll","background-type":"","background-media":"","overlay-type":"","overlay-color":"","overlay-opacity":"","overlay-gradient":""},"mobile":{"background-color":"","background-image":"","background-repeat":"repeat","background-position":"center center","background-size":"auto","background-attachment":"scroll","background-type":"","background-media":"","overlay-type":"","overlay-color":"","overlay-opacity":"","overlay-gradient":""}},"ast-content-background-meta":{"desktop":{"background-color":"var(--ast-global-color-4)","background-image":"","background-repeat":"repeat","background-position":"center center","background-size":"auto","background-attachment":"scroll","background-type":"","background-media":"","overlay-type":"","overlay-color":"","overlay-opacity":"","overlay-gradient":""},"tablet":{"background-color":"var(--ast-global-color-4)","background-image":"","background-repeat":"repeat","background-position":"center center","background-size":"auto","background-attachment":"scroll","background-type":"","background-media":"","overlay-type":"","overlay-color":"","overlay-opacity":"","overlay-gradient":""},"mobile":{"background-color":"var(--ast-global-color-4)","background-image":"","background-repeat":"repeat","background-position":"center center","background-size":"auto","background-attachment":"scroll","background-type":"","background-media":"","overlay-type":"","overlay-color":"","overlay-opacity":"","overlay-gradient":""}},"_joinchat":[],"footnotes":""},"categories":[35],"tags":[],"_links":{"self":[{"href":"https:\/\/radiosantaclara.sitetopfm.com.br\/site\/wp-json\/wp\/v2\/posts\/4097"}],"collection":[{"href":"https:\/\/radiosantaclara.sitetopfm.com.br\/site\/wp-json\/wp\/v2\/posts"}],"about":[{"href":"https:\/\/radiosantaclara.sitetopfm.com.br\/site\/wp-json\/wp\/v2\/types\/post"}],"author":[{"embeddable":true,"href":"https:\/\/radiosantaclara.sitetopfm.com.br\/site\/wp-json\/wp\/v2\/users\/1"}],"replies":[{"embeddable":true,"href":"https:\/\/radiosantaclara.sitetopfm.com.br\/site\/wp-json\/wp\/v2\/comments?post=4097"}],"version-history":[{"count":0,"href":"https:\/\/radiosantaclara.sitetopfm.com.br\/site\/wp-json\/wp\/v2\/posts\/4097\/revisions"}],"wp:featuredmedia":[{"embeddable":true,"href":"https:\/\/radiosantaclara.sitetopfm.com.br\/site\/wp-json\/wp\/v2\/media\/4098"}],"wp:attachment":[{"href":"https:\/\/radiosantaclara.sitetopfm.com.br\/site\/wp-json\/wp\/v2\/media?parent=4097"}],"wp:term":[{"taxonomy":"category","embeddable":true,"href":"https:\/\/radiosantaclara.sitetopfm.com.br\/site\/wp-json\/wp\/v2\/categories?post=4097"},{"taxonomy":"post_tag","embeddable":true,"href":"https:\/\/radiosantaclara.sitetopfm.com.br\/site\/wp-json\/wp\/v2\/tags?post=4097"}],"curies":[{"name":"wp","href":"https:\/\/api.w.org\/{rel}","templated":true}]}}