{"id":4074,"date":"2025-10-17T13:27:34","date_gmt":"2025-10-17T16:27:34","guid":{"rendered":"https:\/\/radiosantaclara.sitetopfm.com.br\/site\/comissao-debate-construcao-de-tunel-entre-santos-e-guaruja-noticias\/"},"modified":"2025-10-17T13:27:34","modified_gmt":"2025-10-17T16:27:34","slug":"comissao-debate-construcao-de-tunel-entre-santos-e-guaruja-noticias","status":"publish","type":"post","link":"https:\/\/radiosantaclara.sitetopfm.com.br\/site\/comissao-debate-construcao-de-tunel-entre-santos-e-guaruja-noticias\/","title":{"rendered":"Comiss\u00e3o debate constru\u00e7\u00e3o de t\u00fanel entre Santos e Guaruj\u00e1 &#8211; Not\u00edcias"},"content":{"rendered":"<p> <br \/>\n<\/p>\n<div>\n<div>\n<p class=\"g-artigo__data-hora\">\n                      17\/10\/2025 &#8211; 09:03 \u00a0\n                    <\/p>\n<div id=\"image-container-1213087\" class=\"image-container\" style=\"float: none; margin: 45px 0px; width: 100%;\" data-midia=\"1213087\">\n<p><em>Pablo Valadares \/ C\u00e2mara dos Deputados<\/em><\/p>\n<p>Le\u00f4nidas Cristino foi quem pediu o debate<\/p>\n<\/p><\/div>\n<p data-start=\"66\" data-end=\"346\">A Comiss\u00e3o de Via\u00e7\u00e3o e Transportes da C\u00e2mara dos Deputados realizar\u00e1, na pr\u00f3xima ter\u00e7a-feira (21), audi\u00eancia p\u00fablica para discutir a constru\u00e7\u00e3o do t\u00fanel que vai ligar as cidades de Santos e Guaruj\u00e1 (SP).<\/p>\n<p data-start=\"66\" data-end=\"346\">O debate ser\u00e1 realizado \u00e0s 15h30, em plen\u00e1rio a ser definido, e ser\u00e1 interativo.<\/p>\n<p data-start=\"495\" data-end=\"897\">A reuni\u00e3o foi solicitada pelo deputado Le\u00f4nidas Cristino (PDT-CE) para analisar os custos, benef\u00edcios e impactos ambientais da obra, que ser\u00e1 executada pela empresa portuguesa Mota Engil, que venceu o leil\u00e3o realizado em setembro de 2025.<\/p>\n<p data-start=\"899\" data-end=\"1198\">Le\u00f4nidas Cristino explica que o empreendimento, de grande porte e relev\u00e2ncia para a mobilidade urbana da Baixada Santista, demanda aten\u00e7\u00e3o especial em rela\u00e7\u00e3o \u00e0 remo\u00e7\u00e3o de rochas e sedimentos do leito do estu\u00e1rio.<\/p>\n<p data-start=\"1200\" data-end=\"1409\" data-is-last-node=\"\" data-is-only-node=\"\">\u201c\u00c9 fundamental que essa obra, de tamanha import\u00e2ncia para a infraestrutura nacional, seja debatida com transpar\u00eancia, de modo a assegurar seguran\u00e7a, sustentabilidade e benef\u00edcios efetivos \u00e0 popula\u00e7\u00e3o\u201d, afirma o parlamentar.<\/p>\n<p style=\"font-size: 0.8rem; font-weight: 700;\">Da Reda\u00e7\u00e3o &#8211; ND<\/p>\n<\/p><\/div>\n<\/p><\/div>\n<p><br \/>\n<br \/><a href=\"https:\/\/www.camara.leg.br\/noticias\/1212569-comissao-debate-construcao-de-tunel-entre-santos-e-guaruja\/\">postagem original <\/a><\/p>\n","protected":false},"excerpt":{"rendered":"<p>17\/10\/2025 &#8211; 09:03 \u00a0 Pablo Valadares \/ C\u00e2mara dos Deputados Le\u00f4nidas Cristino foi quem pediu o debate A Comiss\u00e3o de [&hellip;]<\/p>\n","protected":false},"author":1,"featured_media":4075,"comment_status":"open","ping_status":"open","sticky":false,"template":"","format":"standard","meta":{"site-sidebar-layout":"default","site-content-layout":"","ast-site-content-layout":"default","site-content-style":"default","site-sidebar-style":"default","ast-global-header-display":"","ast-banner-title-visibility":"","ast-main-header-display":"","ast-hfb-above-header-display":"","ast-hfb-below-header-display":"","ast-hfb-mobile-header-display":"","site-post-title":"","ast-breadcrumbs-content":"","ast-featured-img":"","footer-sml-layout":"","theme-transparent-header-meta":"","adv-header-id-meta":"","stick-header-meta":"","header-above-stick-meta":"","header-main-stick-meta":"","header-below-stick-meta":"","astra-migrate-meta-layouts":"default","ast-page-background-enabled":"default","ast-page-background-meta":{"desktop":{"background-color":"var(--ast-global-color-5)","background-image":"","background-repeat":"repeat","background-position":"center center","background-size":"auto","background-attachment":"scroll","background-type":"","background-media":"","overlay-type":"","overlay-color":"","overlay-opacity":"","overlay-gradient":""},"tablet":{"background-color":"","background-image":"","background-repeat":"repeat","background-position":"center center","background-size":"auto","background-attachment":"scroll","background-type":"","background-media":"","overlay-type":"","overlay-color":"","overlay-opacity":"","overlay-gradient":""},"mobile":{"background-color":"","background-image":"","background-repeat":"repeat","background-position":"center center","background-size":"auto","background-attachment":"scroll","background-type":"","background-media":"","overlay-type":"","overlay-color":"","overlay-opacity":"","overlay-gradient":""}},"ast-content-background-meta":{"desktop":{"background-color":"var(--ast-global-color-4)","background-image":"","background-repeat":"repeat","background-position":"center center","background-size":"auto","background-attachment":"scroll","background-type":"","background-media":"","overlay-type":"","overlay-color":"","overlay-opacity":"","overlay-gradient":""},"tablet":{"background-color":"var(--ast-global-color-4)","background-image":"","background-repeat":"repeat","background-position":"center center","background-size":"auto","background-attachment":"scroll","background-type":"","background-media":"","overlay-type":"","overlay-color":"","overlay-opacity":"","overlay-gradient":""},"mobile":{"background-color":"var(--ast-global-color-4)","background-image":"","background-repeat":"repeat","background-position":"center center","background-size":"auto","background-attachment":"scroll","background-type":"","background-media":"","overlay-type":"","overlay-color":"","overlay-opacity":"","overlay-gradient":""}},"_joinchat":[],"footnotes":""},"categories":[36],"tags":[],"_links":{"self":[{"href":"https:\/\/radiosantaclara.sitetopfm.com.br\/site\/wp-json\/wp\/v2\/posts\/4074"}],"collection":[{"href":"https:\/\/radiosantaclara.sitetopfm.com.br\/site\/wp-json\/wp\/v2\/posts"}],"about":[{"href":"https:\/\/radiosantaclara.sitetopfm.com.br\/site\/wp-json\/wp\/v2\/types\/post"}],"author":[{"embeddable":true,"href":"https:\/\/radiosantaclara.sitetopfm.com.br\/site\/wp-json\/wp\/v2\/users\/1"}],"replies":[{"embeddable":true,"href":"https:\/\/radiosantaclara.sitetopfm.com.br\/site\/wp-json\/wp\/v2\/comments?post=4074"}],"version-history":[{"count":0,"href":"https:\/\/radiosantaclara.sitetopfm.com.br\/site\/wp-json\/wp\/v2\/posts\/4074\/revisions"}],"wp:featuredmedia":[{"embeddable":true,"href":"https:\/\/radiosantaclara.sitetopfm.com.br\/site\/wp-json\/wp\/v2\/media\/4075"}],"wp:attachment":[{"href":"https:\/\/radiosantaclara.sitetopfm.com.br\/site\/wp-json\/wp\/v2\/media?parent=4074"}],"wp:term":[{"taxonomy":"category","embeddable":true,"href":"https:\/\/radiosantaclara.sitetopfm.com.br\/site\/wp-json\/wp\/v2\/categories?post=4074"},{"taxonomy":"post_tag","embeddable":true,"href":"https:\/\/radiosantaclara.sitetopfm.com.br\/site\/wp-json\/wp\/v2\/tags?post=4074"}],"curies":[{"name":"wp","href":"https:\/\/api.w.org\/{rel}","templated":true}]}}